{"id":75059,"date":"2023-03-24T12:51:40","date_gmt":"2023-03-24T07:51:40","guid":{"rendered":"https:\/\/zamanturkmenistan.com.tm\/?p=75059"},"modified":"2023-03-24T12:51:40","modified_gmt":"2023-03-24T07:51:40","slug":"yewropadaky-ilkinji-modeli","status":"publish","type":"post","link":"https:\/\/zamanturkmenistan.com.tm\/?p=75059","title":{"rendered":"\u00ddew\u00adro\u00adpa\u00adda\u00adky il\u00adkin\u00adji mo\u00adde\u00adli"},"content":{"rendered":"<p>2019-njy \u00fdyl\u00adda \u00abVolks\u00adwa\u00adgen\u00bb kom\u00adpa\u00adni\u00ad\u00fda\u00adsy bi\u00adlen ylala\u015f\u00adyk ga\u00adza\u00adnan \u00abFord\u00bb kom\u00adpa\u00adni\u00ad\u00fda\u00adsy bu hyz\u00admat\u00adda\u015f\u00adly\u00adgy\u0148 \u00e7\u00e4k\u00adle\u00adrin\u00adde \u00ddew\u00adro\u00adpa\u00adda \u00f6n\u00add\u00fc\u00adren il\u00adkin\u00adji elekt\u00adrou\u00adla\u00adgy\u00adny ta\u00adny\u015f\u00addyr\u00addy. \u00abExplo\u00adrer\u00bb at\u00adly \u00fdol\u00adsuz \u00fder\u00adden \u00fd\u00f6\u00adre\u00ad\u00fd\u00e4n ula\u00adgy\u0148 bir ge\u00adzek\u00adki zar\u00ad\u00fda\u00addy bi\u00adlen 348 hem-de 536 ki\u00adlo\u00admetr \u00fdol ge\u00ad\u00e7ip bil\u00ad\u00fd\u00e4n iki nus\u00adga\u00adsy bar. \u00abVolks\u00adwa\u00adgen\u00bb-i\u0148 plat\u00adfor\u00adma\u00adsyn\u00adda gur\u00adlan mo\u00addel 25 mi\u00adnut\u00adda 80 g\u00f6\u00adte\u00adri\u00adme \u00e7en\u00adli zar\u00ad\u00fdad al\u00ad\u00fdar. \u00ddew\u00adro\u00adpa ba\u00adza\u00adry \u00fc\u00e7in i\u015f\u00adle\u00adnip ta\u00fd\u00ad\u00fdar\u00adla\u00adnan ulag Ger\u00adma\u00adni\u00ad\u00fda\u00adda i\u015f\u00adle\u00adnip d\u00fc\u00adz\u00fc\u00adlip\u00addir. Gel\u00adjek \u00fdyl m\u00fc\u015f\u00adde\u00adri\u00adle\u00adre \u00fde\u00adti\u00adril\u00adjek ula\u00adgy \u00ddew\u00adro\u00adpa\u00adny\u0148 d\u00fcr\u00adli \u00fderin\u00add\u00e4\u00adki 500 m\u00fc\u0148 zar\u00ad\u00fdad be\u00adri\u015f no\u00adka\u00addyn\u00adda kuw\u00adwat\u00adlan\u00addy\u00adryp bo\u00adlar. K\u00f6ln \u015f\u00e4\u00adhe\u00adrin\u00adde \u00f6n\u00add\u00fc\u00adril\u00adjek ula\u00adgy\u0148 i\u00e7\u00adki di\u00adza\u00fd\u00adny \u00f6sen mul\u00adti\u00adme\u00addi\u00ad\u00fda ul\u00adga\u00admy bi\u00adlen \u00fcp\u00adj\u00fcn edi\u00adlip\u00addir. Ame\u00adri\u00adkan kom\u00adpa\u00adni\u00ad\u00fda\u00adsy 2030-njy \u00fdyl\u00addan ba\u015f\u00adlap, \u00ddew\u00adro\u00adpa\u00adda di\u00ad\u0148e elekt\u00adrou\u00adlag sat\u00adma\u00adgy mak\u00adsat edin\u00ad\u00fd\u00e4r. H\u00e4\u00adzir\u00adki wagt\u00adda \u00abVolks\u00adwa\u00adgen\u00bb we \u00abFord\u00bb kom\u00adpa\u00adni\u00ad\u00fda\u00adla\u00adry bir\u00adn\u00e4\u00ad\u00e7e ula\u00adgy bi\u00adle\u00adlik\u00adde \u00f6n\u00add\u00fcr\u00ad\u00fd\u00e4r.<\/p>\n<p style=\"text-align: right;\"><strong>Eziz \u00c7AR\u00adLY\u00ad\u00ddEW, <\/strong><br \/>\n<strong>S.A.Ny\u00ad\u00fda\u00adzow adyn\u00adda\u00adky T\u00fcrk\u00admen oba ho\u00adja\u00adlyk uni\u00adwer\u00adsi\u00adte\u00adti\u00adni\u0148 mu\u00adgal\u00adly\u00admy.<\/strong><\/p>\n","protected":false},"excerpt":{"rendered":"<p>2019-njy \u00fdyl\u00adda \u00abVolks\u00adwa\u00adgen\u00bb kom\u00adpa\u00adni\u00ad\u00fda\u00adsy bi\u00adlen ylala\u015f\u00adyk ga\u00adza\u00adnan \u00abFord\u00bb kom\u00adpa\u00adni\u00ad\u00fda\u00adsy bu hyz\u00admat\u00adda\u015f\u00adly\u00adgy\u0148 \u00e7\u00e4k\u00adle\u00adrin\u00adde \u00ddew\u00adro\u00adpa\u00adda \u00f6n\u00add\u00fc\u00adren il\u00adkin\u00adji elekt\u00adrou\u00adla\u00adgy\u00adny ta\u00adny\u015f\u00addyr\u00addy. \u00abExplo\u00adrer\u00bb at\u00adly \u00fdol\u00adsuz \u00fder\u00adden \u00fd\u00f6\u00adre\u00ad\u00fd\u00e4n ula\u00adgy\u0148 bir ge\u00adzek\u00adki zar\u00ad\u00fda\u00addy bi\u00adlen 348 hem-de 536 ki\u00adlo\u00admetr \u00fdol ge\u00ad\u00e7ip bil\u00ad\u00fd\u00e4n iki nus\u00adga\u00adsy bar. \u00abVolks\u00adwa\u00adgen\u00bb-i\u0148 plat\u00adfor\u00adma\u00adsyn\u00adda gur\u00adlan mo\u00addel 25 mi\u00adnut\u00adda 80 g\u00f6\u00adte\u00adri\u00adme \u00e7en\u00adli zar\u00ad\u00fdad al\u00ad\u00fdar. \u00ddew\u00adro\u00adpa ba\u00adza\u00adry \u00fc\u00e7in i\u015f\u00adle\u00adnip ta\u00fd\u00ad\u00fdar\u00adla\u00adnan ulag Ger\u00adma\u00adni\u00ad\u00fda\u00adda [&hellip;]<\/p>\n","protected":false},"author":2,"featured_media":75060,"comment_status":"open","ping_status":"closed","sticky":false,"template":"","format":"standard","meta":{"footnotes":""},"categories":[5],"tags":[],"acf":[],"_links":{"self":[{"href":"https:\/\/zamanturkmenistan.com.tm\/index.php?rest_route=\/wp\/v2\/posts\/75059"}],"collection":[{"href":"https:\/\/zamanturkmenistan.com.tm\/index.php?rest_route=\/wp\/v2\/posts"}],"about":[{"href":"https:\/\/zamanturkmenistan.com.tm\/index.php?rest_route=\/wp\/v2\/types\/post"}],"author":[{"embeddable":true,"href":"https:\/\/zamanturkmenistan.com.tm\/index.php?rest_route=\/wp\/v2\/users\/2"}],"replies":[{"embeddable":true,"href":"https:\/\/zamanturkmenistan.com.tm\/index.php?rest_route=%2Fwp%2Fv2%2Fcomments&post=75059"}],"version-history":[{"count":1,"href":"https:\/\/zamanturkmenistan.com.tm\/index.php?rest_route=\/wp\/v2\/posts\/75059\/revisions"}],"predecessor-version":[{"id":75061,"href":"https:\/\/zamanturkmenistan.com.tm\/index.php?rest_route=\/wp\/v2\/posts\/75059\/revisions\/75061"}],"wp:featuredmedia":[{"embeddable":true,"href":"https:\/\/zamanturkmenistan.com.tm\/index.php?rest_route=\/wp\/v2\/media\/75060"}],"wp:attachment":[{"href":"https:\/\/zamanturkmenistan.com.tm\/index.php?rest_route=%2Fwp%2Fv2%2Fmedia&parent=75059"}],"wp:term":[{"taxonomy":"category","embeddable":true,"href":"https:\/\/zamanturkmenistan.com.tm\/index.php?rest_route=%2Fwp%2Fv2%2Fcategories&post=75059"},{"taxonomy":"post_tag","embeddable":true,"href":"https:\/\/zamanturkmenistan.com.tm\/index.php?rest_route=%2Fwp%2Fv2%2Ftags&post=75059"}],"curies":[{"name":"wp","href":"https:\/\/api.w.org\/{rel}","templated":true}]}}