{"id":75062,"date":"2023-03-24T12:52:38","date_gmt":"2023-03-24T07:52:38","guid":{"rendered":"https:\/\/zamanturkmenistan.com.tm\/?p=75062"},"modified":"2023-03-24T12:52:38","modified_gmt":"2023-03-24T07:52:38","slug":"deniz-jandaryny-kopeldyan-ilkinji-ferma","status":"publish","type":"post","link":"https:\/\/zamanturkmenistan.com.tm\/?p=75062","title":{"rendered":"De\u00ad\u0148iz jan\u00adda\u00adry\u00adny k\u00f6\u00adpeld\u00ad\u00fd\u00e4n il\u00adkin\u00adji fer\u00adma"},"content":{"rendered":"<p>\u00abNueva Pescanova\u00bb at\u00adly ba\u00adlyk\u00ad\u00e7y\u00adlyk kom\u00adpa\u00adni\u00ad\u00fda\u00adsy d\u00fcn\u00ad\u00fd\u00e4\u00adde il\u00adkin\u00adji bo\u00adlup, os\u00admi\u00adnog\u00adla\u00adry \u00f6s\u00add\u00fc\u00adrip \u00fde\u00adti\u015f\u00addir\u00ad\u00fd\u00e4n fer\u00adma\u00adny gur\u00adma\u00adgy me\u00ad\u00fdil\u00adle\u015f\u00addir\u00ad\u00fd\u00e4r. Is\u00adpa\u00adni\u00ad\u00fda\u00adny\u0148 Ka\u00adnar ada\u00adla\u00adryn\u00adda gu\u00adrul\u00adjak fer\u00adma i\u00fd\u00admitlik mak\u00adsa\u00addy bi\u00adlen her \u00fdyl\u00ad bir mil\u00adli\u00adon de\u00ad\u0148iz jan\u00adda\u00adry\u00adny \u00f6s\u00add\u00fc\u00adrip \u00fde\u00adti\u015f\u00addi\u00adrer. H\u00e4\u00adzi\u00adre \u00e7en\u00adli ba\u00adlyk, kro\u00adko\u00addil \u00fda\u00adly d\u00fcr\u00adli jan\u00addar\u00adla\u00adry \u00f6s\u00add\u00fc\u00adrip \u00fde\u00adti\u015f\u00addir\u00ad\u00fd\u00e4n fer\u00adma\u00adlar gur\u00adlan hem bol\u00adsa, os\u00admi\u00adnog\u00adla\u00adry\u0148 k\u00f6\u00adpel\u00addil\u00ad\u00fd\u00e4n fer\u00adma\u00adsy gu\u00adrul\u00adman\u00addy.<br \/>\nD\u00fcr\u00adli usul\u00adlar ar\u00adka\u00adly tu\u00adtul\u00ad\u00fdan os\u00admi\u00adnog\u00adlar, esa\u00adsan, Or\u00adta\u00ad\u00fder de\u0148\u00adzi\u00adni\u0148 ke\u00adnar\u00ad\u00fda\u00adka \u00fdurt\u00adla\u00adryn\u00adda, Azi\u00ad\u00fda\u00adda we La\u00adtyn Ame\u00adri\u00adkasyn\u00adda sarp edil\u00ad\u00fd\u00e4r. Bu jan\u00addar\u00adla\u00adry k\u00f6\u00adpelt\u00adme\u00adgi\u0148 usu\u00adly bir\u00adn\u00e4\u00ad\u00e7e \u00fdyl\u00addan b\u00e4\u00adri \u00f6w\u00adre\u00adnil\u00ad\u00fd\u00e4r\u00addi. \u00abNueva Pescanova\u00bb AB\u015e, G\u00fc\u00adnor\u00adta Ko\u00adre\u00ad\u00fda we \u00dda\u00adpo\u00adni\u00ad\u00fda \u00fda\u00adly \u00fdurt\u00adla\u00adra eks\u00adport et\u00admek \u00fc\u00e7in her \u00fdyl \u00fc\u00e7 m\u00fc\u0148 ton\u00adna harytlyk os\u00admi\u00adnog \u00fdeti\u015fdirer.<\/p>\n<p style=\"text-align: right;\"><strong>Al\u00adty\u00adna\u00fd AMAN\u00adGEL\u00adDI\u00ad\u00ddE\u00adWA, <\/strong><br \/>\n<strong>S.A.Ny\u00ad\u00fda\u00adzow adyn\u00adda\u00adky T\u00fcrk\u00admen oba ho\u00adja\u00adlyk uni\u00adwer\u00adsi\u00adte\u00adti\u00adni\u0148 ta\u00adly\u00adby.<\/strong><\/p>\n","protected":false},"excerpt":{"rendered":"<p>\u00abNueva Pescanova\u00bb at\u00adly ba\u00adlyk\u00ad\u00e7y\u00adlyk kom\u00adpa\u00adni\u00ad\u00fda\u00adsy d\u00fcn\u00ad\u00fd\u00e4\u00adde il\u00adkin\u00adji bo\u00adlup, os\u00admi\u00adnog\u00adla\u00adry \u00f6s\u00add\u00fc\u00adrip \u00fde\u00adti\u015f\u00addir\u00ad\u00fd\u00e4n fer\u00adma\u00adny gur\u00adma\u00adgy me\u00ad\u00fdil\u00adle\u015f\u00addir\u00ad\u00fd\u00e4r. Is\u00adpa\u00adni\u00ad\u00fda\u00adny\u0148 Ka\u00adnar ada\u00adla\u00adryn\u00adda gu\u00adrul\u00adjak fer\u00adma i\u00fd\u00admitlik mak\u00adsa\u00addy bi\u00adlen her \u00fdyl\u00ad bir mil\u00adli\u00adon de\u00ad\u0148iz jan\u00adda\u00adry\u00adny \u00f6s\u00add\u00fc\u00adrip \u00fde\u00adti\u015f\u00addi\u00adrer. H\u00e4\u00adzi\u00adre \u00e7en\u00adli ba\u00adlyk, kro\u00adko\u00addil \u00fda\u00adly d\u00fcr\u00adli jan\u00addar\u00adla\u00adry \u00f6s\u00add\u00fc\u00adrip \u00fde\u00adti\u015f\u00addir\u00ad\u00fd\u00e4n fer\u00adma\u00adlar gur\u00adlan hem bol\u00adsa, os\u00admi\u00adnog\u00adla\u00adry\u0148 k\u00f6\u00adpel\u00addil\u00ad\u00fd\u00e4n fer\u00adma\u00adsy gu\u00adrul\u00adman\u00addy. D\u00fcr\u00adli usul\u00adlar ar\u00adka\u00adly tu\u00adtul\u00ad\u00fdan os\u00admi\u00adnog\u00adlar, esa\u00adsan, Or\u00adta\u00ad\u00fder de\u0148\u00adzi\u00adni\u0148 [&hellip;]<\/p>\n","protected":false},"author":2,"featured_media":75063,"comment_status":"open","ping_status":"closed","sticky":false,"template":"","format":"standard","meta":{"footnotes":""},"categories":[5],"tags":[],"acf":[],"_links":{"self":[{"href":"https:\/\/zamanturkmenistan.com.tm\/index.php?rest_route=\/wp\/v2\/posts\/75062"}],"collection":[{"href":"https:\/\/zamanturkmenistan.com.tm\/index.php?rest_route=\/wp\/v2\/posts"}],"about":[{"href":"https:\/\/zamanturkmenistan.com.tm\/index.php?rest_route=\/wp\/v2\/types\/post"}],"author":[{"embeddable":true,"href":"https:\/\/zamanturkmenistan.com.tm\/index.php?rest_route=\/wp\/v2\/users\/2"}],"replies":[{"embeddable":true,"href":"https:\/\/zamanturkmenistan.com.tm\/index.php?rest_route=%2Fwp%2Fv2%2Fcomments&post=75062"}],"version-history":[{"count":1,"href":"https:\/\/zamanturkmenistan.com.tm\/index.php?rest_route=\/wp\/v2\/posts\/75062\/revisions"}],"predecessor-version":[{"id":75064,"href":"https:\/\/zamanturkmenistan.com.tm\/index.php?rest_route=\/wp\/v2\/posts\/75062\/revisions\/75064"}],"wp:featuredmedia":[{"embeddable":true,"href":"https:\/\/zamanturkmenistan.com.tm\/index.php?rest_route=\/wp\/v2\/media\/75063"}],"wp:attachment":[{"href":"https:\/\/zamanturkmenistan.com.tm\/index.php?rest_route=%2Fwp%2Fv2%2Fmedia&parent=75062"}],"wp:term":[{"taxonomy":"category","embeddable":true,"href":"https:\/\/zamanturkmenistan.com.tm\/index.php?rest_route=%2Fwp%2Fv2%2Fcategories&post=75062"},{"taxonomy":"post_tag","embeddable":true,"href":"https:\/\/zamanturkmenistan.com.tm\/index.php?rest_route=%2Fwp%2Fv2%2Ftags&post=75062"}],"curies":[{"name":"wp","href":"https:\/\/api.w.org\/{rel}","templated":true}]}}