{"id":75065,"date":"2023-03-24T12:54:36","date_gmt":"2023-03-24T07:54:36","guid":{"rendered":"https:\/\/zamanturkmenistan.com.tm\/?p=75065"},"modified":"2023-03-24T12:54:36","modified_gmt":"2023-03-24T07:54:36","slug":"meshur-surat-legodan-yasaldy","status":"publish","type":"post","link":"https:\/\/zamanturkmenistan.com.tm\/?p=75065","title":{"rendered":"Me\u015f\u00adhur su\u00adrat le\u00adgo\u00addan \u00fda\u00adsal\u00addy"},"content":{"rendered":"<p>Bel\u00adli fran\u00adsuz su\u00adrat\u00adke\u00ad\u015fi Klod Mo\u00adne\u00adni\u0148 (1840-1926\u00fd.) \u00f6z ba\u00adgy\u00adna we g\u00fcl\u00adle\u00adri\u00adne bo\u00adlan s\u00f6\u00fd\u00adg\u00fc\u00adsi\u00adni su\u00adrat\u00adlan\u00addyr\u00ad\u00fdan kar\u00adti\u00adna\u00adsy le\u00adgo b\u00f6\u00adle\u00adjik\u00adle\u00adrin\u00adden ga\u00fd\u00adta\u00addan d\u00f6\u00adre\u00addil\u00addi. Hy\u00adta\u00fd\u00adly su\u00adrat\u00adke\u015f A\u00fd We\u00fd\u00adwe\u00fd bu \u015fe\u00adki\u00adli eme\u00adle ge\u00adtir\u00admek \u00fc\u00e7in 650 m\u00fc\u0148 le\u00adgo b\u00f6\u00adle\u00adgi\u00adni ula\u00adnyp\u00addyr. Mo\u00adne\u00adni\u0148 na\u00fd\u00adba\u00ad\u015fy ese\u00adri ha\u00adsap\u00adlan\u00ad\u00fdan bu su\u00adra\u00adty 1914-1926-njy \u00fdyl\u00adlar ara\u00adly\u00adgyn\u00adda d\u00f6\u00adre\u00addi\u00adlip\u00addir. Ang\u00adli\u00ad\u00fda\u00adny\u0148 Kemb\u00adrij \u015f\u00e4\u00adhe\u00adrin\u00adde \u00fda\u00ad\u015fa\u00ad\u00fdan We\u00fd\u00adwe\u00fd 22 d\u00fcr\u00adli re\u0148k\u00adli le\u00adgo b\u00f6\u00adle\u00adgin\u00adden uzyn\u00adly\u00adgy 15 met\u00adre ba\u00adra\u00adbar bo\u00adlan \u015fe\u00adki\u00adli eme\u00adle ge\u00adti\u00adrip\u00addir. Hy\u00adta\u00fd\u00adly sun\u00adgat us\u00adsa\u00addy mun\u00addan ozal hem le\u00adgo\u00addan su\u00adrat d\u00f6\u00adre\u00addip\u00addi.<\/p>\n<p style=\"text-align: right;\"><strong>A\u00fd\u00adsol\u00admaz AK\u00adMU\u00adHAM\u00adME\u00adDO\u00adWA, <\/strong><br \/>\n<strong>S.A.Ny\u00ad\u00fda\u00adzow adyn\u00adda\u00adky T\u00fcrk\u00admen oba ho\u00adja\u00adlyk uni\u00adwer\u00adsi\u00adte\u00adti\u00adni\u0148 ta\u00adly\u00adby.<\/strong><\/p>\n","protected":false},"excerpt":{"rendered":"<p>Bel\u00adli fran\u00adsuz su\u00adrat\u00adke\u00ad\u015fi Klod Mo\u00adne\u00adni\u0148 (1840-1926\u00fd.) \u00f6z ba\u00adgy\u00adna we g\u00fcl\u00adle\u00adri\u00adne bo\u00adlan s\u00f6\u00fd\u00adg\u00fc\u00adsi\u00adni su\u00adrat\u00adlan\u00addyr\u00ad\u00fdan kar\u00adti\u00adna\u00adsy le\u00adgo b\u00f6\u00adle\u00adjik\u00adle\u00adrin\u00adden ga\u00fd\u00adta\u00addan d\u00f6\u00adre\u00addil\u00addi. Hy\u00adta\u00fd\u00adly su\u00adrat\u00adke\u015f A\u00fd We\u00fd\u00adwe\u00fd bu \u015fe\u00adki\u00adli eme\u00adle ge\u00adtir\u00admek \u00fc\u00e7in 650 m\u00fc\u0148 le\u00adgo b\u00f6\u00adle\u00adgi\u00adni ula\u00adnyp\u00addyr. Mo\u00adne\u00adni\u0148 na\u00fd\u00adba\u00ad\u015fy ese\u00adri ha\u00adsap\u00adlan\u00ad\u00fdan bu su\u00adra\u00adty 1914-1926-njy \u00fdyl\u00adlar ara\u00adly\u00adgyn\u00adda d\u00f6\u00adre\u00addi\u00adlip\u00addir. Ang\u00adli\u00ad\u00fda\u00adny\u0148 Kemb\u00adrij \u015f\u00e4\u00adhe\u00adrin\u00adde \u00fda\u00ad\u015fa\u00ad\u00fdan We\u00fd\u00adwe\u00fd 22 d\u00fcr\u00adli re\u0148k\u00adli le\u00adgo b\u00f6\u00adle\u00adgin\u00adden uzyn\u00adly\u00adgy 15 met\u00adre [&hellip;]<\/p>\n","protected":false},"author":2,"featured_media":75066,"comment_status":"open","ping_status":"closed","sticky":false,"template":"","format":"standard","meta":{"footnotes":""},"categories":[5],"tags":[],"acf":[],"_links":{"self":[{"href":"https:\/\/zamanturkmenistan.com.tm\/index.php?rest_route=\/wp\/v2\/posts\/75065"}],"collection":[{"href":"https:\/\/zamanturkmenistan.com.tm\/index.php?rest_route=\/wp\/v2\/posts"}],"about":[{"href":"https:\/\/zamanturkmenistan.com.tm\/index.php?rest_route=\/wp\/v2\/types\/post"}],"author":[{"embeddable":true,"href":"https:\/\/zamanturkmenistan.com.tm\/index.php?rest_route=\/wp\/v2\/users\/2"}],"replies":[{"embeddable":true,"href":"https:\/\/zamanturkmenistan.com.tm\/index.php?rest_route=%2Fwp%2Fv2%2Fcomments&post=75065"}],"version-history":[{"count":1,"href":"https:\/\/zamanturkmenistan.com.tm\/index.php?rest_route=\/wp\/v2\/posts\/75065\/revisions"}],"predecessor-version":[{"id":75067,"href":"https:\/\/zamanturkmenistan.com.tm\/index.php?rest_route=\/wp\/v2\/posts\/75065\/revisions\/75067"}],"wp:featuredmedia":[{"embeddable":true,"href":"https:\/\/zamanturkmenistan.com.tm\/index.php?rest_route=\/wp\/v2\/media\/75066"}],"wp:attachment":[{"href":"https:\/\/zamanturkmenistan.com.tm\/index.php?rest_route=%2Fwp%2Fv2%2Fmedia&parent=75065"}],"wp:term":[{"taxonomy":"category","embeddable":true,"href":"https:\/\/zamanturkmenistan.com.tm\/index.php?rest_route=%2Fwp%2Fv2%2Fcategories&post=75065"},{"taxonomy":"post_tag","embeddable":true,"href":"https:\/\/zamanturkmenistan.com.tm\/index.php?rest_route=%2Fwp%2Fv2%2Ftags&post=75065"}],"curies":[{"name":"wp","href":"https:\/\/api.w.org\/{rel}","templated":true}]}}