{"id":75422,"date":"2023-03-29T18:30:31","date_gmt":"2023-03-29T13:30:31","guid":{"rendered":"https:\/\/zamanturkmenistan.com.tm\/?p=75422"},"modified":"2023-03-29T18:30:31","modified_gmt":"2023-03-29T13:30:31","slug":"saud-arabystany-shg-bilen-hyzmatdaslyk-baradaky-memorandumyny-tassyklady","status":"publish","type":"post","link":"https:\/\/zamanturkmenistan.com.tm\/?p=75422","title":{"rendered":"Saud Arabystany \u015eHG bilen hyzmatda\u015flyk baradaky memorandumyny tassyklady"},"content":{"rendered":"<p>Sa\u00adud Ara\u00adbys\u00adta\u00adny\u00adny\u0148 Mi\u00adnistr\u00adler Ka\u00adbi\u00adne\u00adti Pa\u00adty\u00ad\u015fa\u00adly\u00adga \u015ean\u00adha\u00fd Hyz\u00admat\u00adda\u015f\u00adlyk Gu\u00adra\u00adma\u00adsy\u00adny\u0148 (\u015eHG) gep\u00adle\u00ad\u015fik hyz\u00admat\u00adda\u00ad\u015fy sta\u00adtu\u00adsy\u00adny ber\u00admek ba\u00adra\u00adda\u00adky me\u00admo\u00adran\u00addu\u00admy tas\u00adsyk\u00adla\u00addy. Bu ba\u00adra\u00adda 29-njy mart\u00adda Sa\u00adud Ara\u00adbys\u00adta\u00adny\u0148 met\u00adbu\u00adgat gul\u00adlu\u00adgy ha\u00adbar ber\u00addi.<br \/>\nMag\u00adlu\u00admat\u00adla\u00adra g\u00f6\u00adr\u00e4, 28-nji mart\u00adda Pa\u00adty\u00ad\u015fa Sal\u00adman Ben Ab\u00adde\u00adla\u00adziz Al Sau\u00addy\u0148 \u00fdol\u00adba\u015f\u00ad\u00e7y\u00adly\u00adgyn\u00adda Mi\u00adnistr\u00adler Ka\u00adbi\u00adne\u00adti\u00adni\u0148 no\u00adbat\u00adda\u00adky mas\u00adla\u00adha\u00adty ge\u00ad\u00e7i\u00adril\u00addi. Mas\u00adla\u00adha\u00adty\u0148 abr\u00ad\u015fyn\u00adda Sa\u00adud Ara\u00adbys\u00adta\u00adny\u00adny\u0148 h\u00f6\u00adk\u00fc\u00adme\u00adti Pa\u00adty\u00ad\u015fa\u00adly\u00adga \u015eHG-ni\u0148 gep\u00adle\u00ad\u015fik\u00adler bo\u00ad\u00fdun\u00ad\u00e7a hyz\u00admat\u00adda\u00ad\u015fy di\u00ad\u00fden sta\u00adtu\u00adsy ber\u00admek ba\u00adra\u00adda\u00adky me\u00admo\u00adran\u00addu\u00admy tas\u00adsyk\u00adla\u00addy.<br \/>\nH\u00e4\u00adzir\u00adki wagt\u00adda Hin\u00addis\u00adtan, Ga\u00adza\u00adgys\u00adtan, Hy\u00adta\u00fd, Gyr\u00adgy\u00adzys\u00adtan, Pa\u00adkis\u00adtan, Rus\u00adsi\u00ad\u00fda, T\u00e4\u00adji\u00adgis\u00adtan we \u00d6z\u00adbe\u00adgis\u00adtan \u015eHG-ni\u0148 ag\u00adza\u00adla\u00adry\u00addyr. Ow\u00adga\u00adnys\u00adtan, Be\u00adla\u00adrus, E\u00fd\u00adran we Mon\u00adgo\u00adli\u00ad\u00fda syn\u00ad\u00e7y \u00fdurt\u00adlar sta\u00adtu\u00adsy\u00adna e\u00fde, Azer\u00adba\u00fd\u00adjan, Er\u00adme\u00adnis\u00adtan, Kam\u00adbo\u00adja, Ne\u00adpal, T\u00fcr\u00adki\u00ad\u00fde we \u015eri-Lan\u00adka hyz\u00admat\u00adda\u015f \u00fdurt\u00adlar sta\u00adtu\u00adsy\u00adna e\u00fde. 2022-nji \u00fdy\u00adly\u0148 16-njy sent\u00ad\u00fdab\u00adryn\u00adda Sa\u00admar\u00adkant\u00adda ge\u00ad\u00e7i\u00adri\u00adlen sam\u00admit\u00adde M\u00fc\u00ads\u00fcr, Ka\u00adtar we Sa\u00adud Ara\u00adbys\u00adta\u00adny bi\u00adlen gep\u00adle\u00ad\u015fik bo\u00ad\u00fdun\u00ad\u00e7a hyz\u00admat\u00adda\u015f\u00adlyk ba\u00adra\u00adda me\u00admo\u00adran\u00addum\u00adla\u00adra gol \u00e7e\u00adkil\u00addi we Bah\u00adre\u00fdn, Ku\u00adwe\u00fdt, Mal\u00addiw ada\u00adla\u00adry, M\u00fdan\u00adma we Bir\u00adle\u00ad\u015fen Arap Emir\u00adlik\u00adle\u00adri\u00adne gep\u00adle\u00ad\u015fik bo\u00ad\u00fdun\u00ad\u00e7a hyz\u00admat\u00adda\u015f sta\u00adtu\u00adsy\u00adny ber\u00admek i\u015fi\u00adne ba\u015f\u00adla\u00admak ka\u00adra\u00adry\u00adna ge\u00adlin\u00addi.<br \/>\nBi\u00adler\u00admen\u00adle\u00adri\u0148 a\u00fdt\u00adma\u00adgy\u00adna g\u00f6\u00adr\u00e4, Sa\u00adud Ara\u00adbys\u00adta\u00adny\u0148 Mi\u00adnistr\u00adler ka\u00adbi\u00adne\u00adti\u00adni\u0148 \u015ean\u00adha\u00fd Hyz\u00admat\u00adda\u015f\u00adlyk Gu\u00adra\u00adma\u00adsy\u00adna go\u00ad\u015ful\u00admak ka\u00adra\u00adry\u00adny tas\u00adsyk\u00adla\u00adma\u00adgy Hy\u00adta\u00fd bi\u00adlen gat\u00adna\u00ad\u015fyk\u00adla\u00adry has-da pug\u00adta\u00adlan\u00addyr\u00adma\u00adga ga\u00adpy a\u00e7\u00ad\u00fdar. \u00c7\u00fcn\u00adki Er-Ri\u00ad\u00fdad Pe\u00adkin bi\u00adlen uzak m\u00f6h\u00adlet\u00adle\u00ad\u00fdin hyz\u00admat\u00adda\u015f\u00adly\u00adgy \u00fdo\u00adla go\u00fd\u00adma\u00adgy mak\u00adsat edin\u00ad\u00fd\u00e4r.<\/p>\n","protected":false},"excerpt":{"rendered":"<p>Sa\u00adud Ara\u00adbys\u00adta\u00adny\u00adny\u0148 Mi\u00adnistr\u00adler Ka\u00adbi\u00adne\u00adti Pa\u00adty\u00ad\u015fa\u00adly\u00adga \u015ean\u00adha\u00fd Hyz\u00admat\u00adda\u015f\u00adlyk Gu\u00adra\u00adma\u00adsy\u00adny\u0148 (\u015eHG) gep\u00adle\u00ad\u015fik hyz\u00admat\u00adda\u00ad\u015fy sta\u00adtu\u00adsy\u00adny ber\u00admek ba\u00adra\u00adda\u00adky me\u00admo\u00adran\u00addu\u00admy tas\u00adsyk\u00adla\u00addy. Bu ba\u00adra\u00adda 29-njy mart\u00adda Sa\u00adud Ara\u00adbys\u00adta\u00adny\u0148 met\u00adbu\u00adgat gul\u00adlu\u00adgy ha\u00adbar ber\u00addi. Mag\u00adlu\u00admat\u00adla\u00adra g\u00f6\u00adr\u00e4, 28-nji mart\u00adda Pa\u00adty\u00ad\u015fa Sal\u00adman Ben Ab\u00adde\u00adla\u00adziz Al Sau\u00addy\u0148 \u00fdol\u00adba\u015f\u00ad\u00e7y\u00adly\u00adgyn\u00adda Mi\u00adnistr\u00adler Ka\u00adbi\u00adne\u00adti\u00adni\u0148 no\u00adbat\u00adda\u00adky mas\u00adla\u00adha\u00adty ge\u00ad\u00e7i\u00adril\u00addi. Mas\u00adla\u00adha\u00adty\u0148 abr\u00ad\u015fyn\u00adda Sa\u00adud Ara\u00adbys\u00adta\u00adny\u00adny\u0148 h\u00f6\u00adk\u00fc\u00adme\u00adti Pa\u00adty\u00ad\u015fa\u00adly\u00adga \u015eHG-ni\u0148 gep\u00adle\u00ad\u015fik\u00adler bo\u00ad\u00fdun\u00ad\u00e7a hyz\u00admat\u00adda\u00ad\u015fy di\u00ad\u00fden sta\u00adtu\u00adsy ber\u00admek [&hellip;]<\/p>\n","protected":false},"author":2,"featured_media":75424,"comment_status":"open","ping_status":"closed","sticky":false,"template":"","format":"standard","meta":{"footnotes":""},"categories":[5],"tags":[],"acf":[],"_links":{"self":[{"href":"https:\/\/zamanturkmenistan.com.tm\/index.php?rest_route=\/wp\/v2\/posts\/75422"}],"collection":[{"href":"https:\/\/zamanturkmenistan.com.tm\/index.php?rest_route=\/wp\/v2\/posts"}],"about":[{"href":"https:\/\/zamanturkmenistan.com.tm\/index.php?rest_route=\/wp\/v2\/types\/post"}],"author":[{"embeddable":true,"href":"https:\/\/zamanturkmenistan.com.tm\/index.php?rest_route=\/wp\/v2\/users\/2"}],"replies":[{"embeddable":true,"href":"https:\/\/zamanturkmenistan.com.tm\/index.php?rest_route=%2Fwp%2Fv2%2Fcomments&post=75422"}],"version-history":[{"count":1,"href":"https:\/\/zamanturkmenistan.com.tm\/index.php?rest_route=\/wp\/v2\/posts\/75422\/revisions"}],"predecessor-version":[{"id":75425,"href":"https:\/\/zamanturkmenistan.com.tm\/index.php?rest_route=\/wp\/v2\/posts\/75422\/revisions\/75425"}],"wp:featuredmedia":[{"embeddable":true,"href":"https:\/\/zamanturkmenistan.com.tm\/index.php?rest_route=\/wp\/v2\/media\/75424"}],"wp:attachment":[{"href":"https:\/\/zamanturkmenistan.com.tm\/index.php?rest_route=%2Fwp%2Fv2%2Fmedia&parent=75422"}],"wp:term":[{"taxonomy":"category","embeddable":true,"href":"https:\/\/zamanturkmenistan.com.tm\/index.php?rest_route=%2Fwp%2Fv2%2Fcategories&post=75422"},{"taxonomy":"post_tag","embeddable":true,"href":"https:\/\/zamanturkmenistan.com.tm\/index.php?rest_route=%2Fwp%2Fv2%2Ftags&post=75422"}],"curies":[{"name":"wp","href":"https:\/\/api.w.org\/{rel}","templated":true}]}}