{"id":75428,"date":"2023-03-30T10:41:16","date_gmt":"2023-03-30T05:41:16","guid":{"rendered":"https:\/\/zamanturkmenistan.com.tm\/?p=75428"},"modified":"2023-03-30T10:41:16","modified_gmt":"2023-03-30T05:41:16","slug":"turkmen-dowlet-binagarlik-gurlusyk-institutynda-rayat-goranysy-fakulteti-acylar","status":"publish","type":"post","link":"https:\/\/zamanturkmenistan.com.tm\/?p=75428","title":{"rendered":"T\u00fcrkmen d\u00f6wlet binag\u00e4rlik-gurlu\u015fyk institutynda Ra\u00fdat gorany\u015fy fakulteti a\u00e7ylar"},"content":{"rendered":"<p>\u00ddurdumyzy\u0148 binag\u00e4rlik, senagat we \u00fdol gurlu\u015fygy ulgamlaryny\u0148 g\u00fcnsa\u00fdyn \u00f6smegi netijesinde durmu\u015f hem-de iri senagat maksatly d\u00f6wrebap binalary\u0148, desgalary\u0148 toplumyny\u0148 gurlup ulanmaga berilmegi bilen, bu binalary\u0148 we desgalary\u0148 tebigy hadysalara, adatdan da\u015fary \u00fdagda\u00fdlara durnuklylygyny \u00fdokarlandyrmak, olarda \u015fe\u00fdle \u00fdagda\u00fdlary\u0148 d\u00f6remegini\u0148 \u00f6\u0148\u00fcni almak hem-de ra\u00fdat gorany\u015fy \u00e7ygrynda \u00fdokary bilimli harby h\u00fcn\u00e4rmenleri ta\u00fd\u00fdarlamak maksady bilen, T\u00fcrkmenistany\u0148 Prezidenti, T\u00fcrkmenistany\u0148 \u00ddaragly G\u00fc\u00fd\u00e7lerini\u0148 Belent Serkerdeba\u015fysy Serdar Berdimuhamedow Karara gol \u00e7ekdi. Resminama la\u00fdyklykda, T\u00fcrkmenistany\u0148 Goranmak ministrligini\u0148 bellenen i\u015fg\u00e4r sanyny\u0148 \u00e7\u00e4ginde T\u00fcrkmen d\u00f6wlet binag\u00e4rlik-gurlu\u015fyk institutynda ra\u00fdat gorany\u015fy fakultetini, gurlu\u015fyk i\u015flerinde ra\u00fdat gorany\u015fy, himi\u00fda senagatyny\u0148 howpsuzlygy kafedralaryny a\u00e7mak; Goranmak ministrligine T\u00fcrkmenistany\u0148 Bilim ministrligi bilen bilelikde \u00fdokarda ady agzalan fakulteti\u0148 D\u00fczg\u00fcnnamasyny ta\u00fd\u00fdarlamak we bellenen tertipde tassyklamak bellenildi.<\/p>\n<p>Resminama la\u00fdyklykda, T\u00fcrkmen d\u00f6wlet binag\u00e4rlik-gurlu\u015fyk institutyny\u0148 ra\u00fdat gorany\u015fy fakultetine okuwa 2023-2024-nji okuw \u00fdylyndan kabul edip ba\u015flamak bellenildi.<\/p>\n<p>\u015ee\u00fdle hem resminama bilen, Bilim ministrligine we Goranmak ministrligine Adalat ministrligi bilen bilelikde Karardan gelip \u00e7yk\u00fdan \u00fc\u00fdtgetmeleri we go\u015fma\u00e7alary T\u00fcrkmenistany\u0148 kanun\u00e7ylygyna girizmek baradaky teklipleri bir a\u00fd m\u00f6hletde ta\u00fd\u00fdarlamak hem-de T\u00fcrkmenistany\u0148 Ministrler Kabinetine bermek tab\u015fyryldy.<\/p>\n","protected":false},"excerpt":{"rendered":"<p>\u00ddurdumyzy\u0148 binag\u00e4rlik, senagat we \u00fdol gurlu\u015fygy ulgamlaryny\u0148 g\u00fcnsa\u00fdyn \u00f6smegi netijesinde durmu\u015f hem-de iri senagat maksatly d\u00f6wrebap binalary\u0148, desgalary\u0148 toplumyny\u0148 gurlup ulanmaga berilmegi bilen, bu binalary\u0148 we desgalary\u0148 tebigy hadysalara, adatdan da\u015fary \u00fdagda\u00fdlara durnuklylygyny \u00fdokarlandyrmak, olarda \u015fe\u00fdle \u00fdagda\u00fdlary\u0148 d\u00f6remegini\u0148 \u00f6\u0148\u00fcni almak hem-de ra\u00fdat gorany\u015fy \u00e7ygrynda \u00fdokary bilimli harby h\u00fcn\u00e4rmenleri ta\u00fd\u00fdarlamak maksady bilen, T\u00fcrkmenistany\u0148 Prezidenti, T\u00fcrkmenistany\u0148 \u00ddaragly [&hellip;]<\/p>\n","protected":false},"author":2,"featured_media":75429,"comment_status":"open","ping_status":"closed","sticky":false,"template":"","format":"standard","meta":{"footnotes":""},"categories":[3],"tags":[],"acf":[],"_links":{"self":[{"href":"https:\/\/zamanturkmenistan.com.tm\/index.php?rest_route=\/wp\/v2\/posts\/75428"}],"collection":[{"href":"https:\/\/zamanturkmenistan.com.tm\/index.php?rest_route=\/wp\/v2\/posts"}],"about":[{"href":"https:\/\/zamanturkmenistan.com.tm\/index.php?rest_route=\/wp\/v2\/types\/post"}],"author":[{"embeddable":true,"href":"https:\/\/zamanturkmenistan.com.tm\/index.php?rest_route=\/wp\/v2\/users\/2"}],"replies":[{"embeddable":true,"href":"https:\/\/zamanturkmenistan.com.tm\/index.php?rest_route=%2Fwp%2Fv2%2Fcomments&post=75428"}],"version-history":[{"count":1,"href":"https:\/\/zamanturkmenistan.com.tm\/index.php?rest_route=\/wp\/v2\/posts\/75428\/revisions"}],"predecessor-version":[{"id":75430,"href":"https:\/\/zamanturkmenistan.com.tm\/index.php?rest_route=\/wp\/v2\/posts\/75428\/revisions\/75430"}],"wp:featuredmedia":[{"embeddable":true,"href":"https:\/\/zamanturkmenistan.com.tm\/index.php?rest_route=\/wp\/v2\/media\/75429"}],"wp:attachment":[{"href":"https:\/\/zamanturkmenistan.com.tm\/index.php?rest_route=%2Fwp%2Fv2%2Fmedia&parent=75428"}],"wp:term":[{"taxonomy":"category","embeddable":true,"href":"https:\/\/zamanturkmenistan.com.tm\/index.php?rest_route=%2Fwp%2Fv2%2Fcategories&post=75428"},{"taxonomy":"post_tag","embeddable":true,"href":"https:\/\/zamanturkmenistan.com.tm\/index.php?rest_route=%2Fwp%2Fv2%2Ftags&post=75428"}],"curies":[{"name":"wp","href":"https:\/\/api.w.org\/{rel}","templated":true}]}}