{"id":75527,"date":"2023-03-30T09:58:16","date_gmt":"2023-03-30T04:58:16","guid":{"rendered":"https:\/\/zamanturkmenistan.com.tm\/?p=75527"},"modified":"2023-03-31T11:47:23","modified_gmt":"2023-03-31T06:47:23","slug":"bir-milliard-yewrolyk-sargydy-yerine-yetirer","status":"publish","type":"post","link":"https:\/\/zamanturkmenistan.com.tm\/?p=75527","title":{"rendered":"Bir milliard \u00fdewrolyk sargydy \u00fderine \u00fdetirer"},"content":{"rendered":"<p>Ger\u00adma\u00adni\u00ad\u00fda\u00adny\u0148 \u201cSie\u00admens Ener\u00adgy\u201d kom\u00adpa\u00adni\u00ad\u00fda\u00adsy Ita\u00adli\u00ad\u00fda\u00adny\u0148 Sar\u00addi\u00adni\u00ad\u00fda we Si\u00adsi\u00adli\u00ad\u00fda ada\u00adla\u00adry\u00adny\u0148 ara\u00adsyn\u00adda 970 ki\u00adlo\u00admetr\u00adlik ener\u00adgi\u00ad\u00fda ge\u00ad\u00e7i\u00adri\u00adji\u00adsi\u00adni we teh\u00adno\u00adlo\u00adgi\u00ad\u00fda\u00adsy\u00adny \u00fcp\u00adj\u00fcn eder. Ne\u00admes kom\u00adpa\u00adni\u00ad\u00fda\u00adsy\u00adny\u0148 Ita\u00adli\u00ad\u00fda\u00adny\u0148 FA\u00adTA kom\u00adpa\u00adni\u00ad\u00fda\u00adsy bi\u00adlen d\u00f6\u00adre\u00adden kon\u00adsor\u00adsiu\u00admy su\u00adwas\u00adty ka\u00adbel\u00adle\u00adri Ita\u00adli\u00ad\u00fda\u00adny\u0148 gu\u00adry \u00fder b\u00f6\u00adle\u00adgi\u00adni Si\u00adsi\u00adli\u00ad\u00fda ada\u00adsy\u00adna we ol \u00fder\u00adden Sar\u00addi\u00adni\u00ad\u00fda ada\u00adsy\u00adna bi\u00adrik\u00addir\u00ad\u00fd\u00e4n ener\u00adgi\u00ad\u00fda ge\u00ad\u00e7i\u00adri\u00adji\u00adsi \u00fc\u00e7in d\u00f6rt kon\u00adwer\u00adtor mer\u00adke\u00adzi\u00adni \u00fcp\u00adj\u00fcn eder. Bu en\u00adjam\u00adlar \u00fc\u00e7in \u201cSie\u00admens Ener\u00adgy\u201d bir mil\u00adliard \u00fdew\u00adro\u00adlyk sar\u00adgy\u00addy ka\u00adbul edip\u00addir.<br \/>\nBu tas\u00adla\u00adma\u00adny\u0148 dur\u00admu\u00ad\u015fa ge\u00ad\u00e7i\u00adril\u00adme\u00adgi bi\u00adlen ga\u00fd\u00adta\u00addan di\u00adkel\u00addil\u00ad\u00fd\u00e4n ener\u00adgi\u00ad\u00fda se\u00adri\u015f\u00adde\u00adle\u00adri\u00adni\u0148 has ne\u00adti\u00adje\u00adli pe\u00fd\u00adda\u00adla\u00adnyl\u00adma\u00adgy, elekt\u00adrik to\u00adru\u00adny\u0148 dur\u00adnuk\u00adly\u00adly\u00adgy\u00adny\u0148 art\u00addy\u00adryl\u00adma\u00adgy we ho\u00adwa go\u00fd\u00adbe\u00adril\u00ad\u00fd\u00e4n zy\u00ad\u00fdan\u00adly gaz\u00adla\u00adry\u0148 m\u00f6\u00e7\u00adbe\u00adri\u00adni azalt\u00admak \u00fc\u00e7in ada\u00adlar\u00adda\u00adky k\u00f6\u00adm\u00fcr bi\u00adlen i\u015f\u00adle\u00ad\u00fd\u00e4n elekt\u00adrik be\u00adket\u00adle\u00adri\u00adni\u0148 \u00fda\u00adpyl\u00adma\u00adgy g\u00f6z \u00f6\u0148\u00fcn\u00adde tu\u00adtul\u00ad\u00fdar.<br \/>\n\u201cSie\u00admens\u201d kon\u00adwer\u00adtor mer\u00adkez\u00adle\u00adri\u00adni\u0148 esa\u00adsy en\u00adjam\u00adla\u00adry\u00adny \u00f6n\u00add\u00fc\u00adrer. Ital\u00ad\u00fdan FA\u00adTA bol\u00adsa gur\u00adlu\u00ad\u015fyk i\u015f\u00adle\u00adri\u00adni, elekt\u00adro\u00admag\u00adnit gur\u00adna\u00adma\u00adla\u00adry, k\u00f6\u00admek\u00ad\u00e7i des\u00adga\u00adla\u00adry\u0148 gur\u00adlu\u00ad\u015fy\u00adgy\u00adny we be\u00fd\u00adle\u00adki i\u015f\u00adle\u00adri \u00fde\u00adri\u00adne \u00fde\u00adti\u00adrer. Kon\u00adwer\u00adtor mer\u00adkez\u00adle\u00adri\u00adni\u0148 2028-nji \u00fdy\u00adlyp ahy\u00adry\u00adna \u00e7en\u00adli gur\u00adlup gu\u00adta\u00adryl\u00adma\u00adgy\u00adna ga\u00adra\u00ad\u015fyl\u00ad\u00fdar.<\/p>\n<p style=\"text-align: right;\"><strong>Mak\u00adsat Mom\u00admy\u00ad\u00fdew, T\u00fcrk\u00adme\u00adnis\u00adta\u00adny\u0148 D\u00f6w\u00adlet ener\u00adge\u00adti\u00adka ins\u00adti\u00adtu\u00adty\u00adny\u0148 ta\u00adly\u00adby.<\/strong><\/p>\n","protected":false},"excerpt":{"rendered":"<p>Ger\u00adma\u00adni\u00ad\u00fda\u00adny\u0148 \u201cSie\u00admens Ener\u00adgy\u201d kom\u00adpa\u00adni\u00ad\u00fda\u00adsy Ita\u00adli\u00ad\u00fda\u00adny\u0148 Sar\u00addi\u00adni\u00ad\u00fda we Si\u00adsi\u00adli\u00ad\u00fda ada\u00adla\u00adry\u00adny\u0148 ara\u00adsyn\u00adda 970 ki\u00adlo\u00admetr\u00adlik ener\u00adgi\u00ad\u00fda ge\u00ad\u00e7i\u00adri\u00adji\u00adsi\u00adni we teh\u00adno\u00adlo\u00adgi\u00ad\u00fda\u00adsy\u00adny \u00fcp\u00adj\u00fcn eder. Ne\u00admes kom\u00adpa\u00adni\u00ad\u00fda\u00adsy\u00adny\u0148 Ita\u00adli\u00ad\u00fda\u00adny\u0148 FA\u00adTA kom\u00adpa\u00adni\u00ad\u00fda\u00adsy bi\u00adlen d\u00f6\u00adre\u00adden kon\u00adsor\u00adsiu\u00admy su\u00adwas\u00adty ka\u00adbel\u00adle\u00adri Ita\u00adli\u00ad\u00fda\u00adny\u0148 gu\u00adry \u00fder b\u00f6\u00adle\u00adgi\u00adni Si\u00adsi\u00adli\u00ad\u00fda ada\u00adsy\u00adna we ol \u00fder\u00adden Sar\u00addi\u00adni\u00ad\u00fda ada\u00adsy\u00adna bi\u00adrik\u00addir\u00ad\u00fd\u00e4n ener\u00adgi\u00ad\u00fda ge\u00ad\u00e7i\u00adri\u00adji\u00adsi \u00fc\u00e7in d\u00f6rt kon\u00adwer\u00adtor mer\u00adke\u00adzi\u00adni \u00fcp\u00adj\u00fcn eder. Bu en\u00adjam\u00adlar \u00fc\u00e7in \u201cSie\u00admens Ener\u00adgy\u201d bir mil\u00adliard [&hellip;]<\/p>\n","protected":false},"author":2,"featured_media":75528,"comment_status":"open","ping_status":"closed","sticky":false,"template":"","format":"standard","meta":{"footnotes":""},"categories":[5],"tags":[],"acf":[],"_links":{"self":[{"href":"https:\/\/zamanturkmenistan.com.tm\/index.php?rest_route=\/wp\/v2\/posts\/75527"}],"collection":[{"href":"https:\/\/zamanturkmenistan.com.tm\/index.php?rest_route=\/wp\/v2\/posts"}],"about":[{"href":"https:\/\/zamanturkmenistan.com.tm\/index.php?rest_route=\/wp\/v2\/types\/post"}],"author":[{"embeddable":true,"href":"https:\/\/zamanturkmenistan.com.tm\/index.php?rest_route=\/wp\/v2\/users\/2"}],"replies":[{"embeddable":true,"href":"https:\/\/zamanturkmenistan.com.tm\/index.php?rest_route=%2Fwp%2Fv2%2Fcomments&post=75527"}],"version-history":[{"count":1,"href":"https:\/\/zamanturkmenistan.com.tm\/index.php?rest_route=\/wp\/v2\/posts\/75527\/revisions"}],"predecessor-version":[{"id":75529,"href":"https:\/\/zamanturkmenistan.com.tm\/index.php?rest_route=\/wp\/v2\/posts\/75527\/revisions\/75529"}],"wp:featuredmedia":[{"embeddable":true,"href":"https:\/\/zamanturkmenistan.com.tm\/index.php?rest_route=\/wp\/v2\/media\/75528"}],"wp:attachment":[{"href":"https:\/\/zamanturkmenistan.com.tm\/index.php?rest_route=%2Fwp%2Fv2%2Fmedia&parent=75527"}],"wp:term":[{"taxonomy":"category","embeddable":true,"href":"https:\/\/zamanturkmenistan.com.tm\/index.php?rest_route=%2Fwp%2Fv2%2Fcategories&post=75527"},{"taxonomy":"post_tag","embeddable":true,"href":"https:\/\/zamanturkmenistan.com.tm\/index.php?rest_route=%2Fwp%2Fv2%2Ftags&post=75527"}],"curies":[{"name":"wp","href":"https:\/\/api.w.org\/{rel}","templated":true}]}}