{"id":75581,"date":"2023-03-31T16:15:46","date_gmt":"2023-03-31T11:15:46","guid":{"rendered":"https:\/\/zamanturkmenistan.com.tm\/?p=75581"},"modified":"2023-03-31T16:15:46","modified_gmt":"2023-03-31T11:15:46","slug":"2035-nji-yyla-cenli-wagt-berildi","status":"publish","type":"post","link":"https:\/\/zamanturkmenistan.com.tm\/?p=75581","title":{"rendered":"2035-nji \u00fdy\u00adla \u00e7en\u00adli wagt be\u00adril\u00addi"},"content":{"rendered":"<p>\u00ddew\u00adro\u00adpa Bi\u00adle\u00adle\u00ad\u015fi\u00adgi\u00adne ag\u00adza \u00fdurt\u00adlar\u00adda<br \/>\n2035-nji \u00fdyl\u00addan ba\u015f\u00adlap, ben\u00adzin we di\u00adzel \u00fdan\u00adgy\u00e7\u00adly ulag\u00adla\u00adry\u0148 sa\u00adtu\u00adwy\u00adny ga\u00adda\u00adgan ed\u00ad\u00fd\u00e4n ka\u00adnu\u00adn g\u00fc\u00fd\u00adje gi\u00adri\u00adzil\u00addi. \u00ddew\u00adro\u00adpa Bi\u00adle\u00adle\u00ad\u015fi\u00adgi\u00adni\u0148 Ge\u00ad\u0148e\u00ad\u015fi ag\u00adza \u00fdurt\u00adlar\u00adda 2035-nji \u00fdyl\u00addan ba\u015f\u00adlap, aw\u00adtou\u00adlag\u00adla\u00adra we t\u00e4\u00adjir\u00ad\u00e7i\u00adlik mak\u00adsat\u00adly ki\u00ad\u00e7i ulag\u00adla\u00adra t\u00e4\u00adze \u00fcl\u00ad\u0148\u00fc\u00adle\u00adri gi\u00adriz\u00addi. T\u00e4\u00adze d\u00fcz\u00adg\u00fc\u00adne g\u00f6\u00adr\u00e4, elekt\u00adro\u00adnik \u00fdan\u00adgy\u00e7 di\u00fd\u00adlip at\u00adlan\u00addy\u00adryl\u00ad\u00fdan we aras\u00adsa ener\u00adgi\u00ad\u00fda\u00addan hem-de ho\u00adwa\u00adda\u00adky k\u00f6\u00adm\u00fcr\u00adtur\u00ad\u015fy ga\u00adzy\u00adny tut\u00admak ar\u00adka\u00adly \u00f6n\u00add\u00fc\u00adril\u00ad\u00fd\u00e4n sin\u00adte\u00adtik \u00fdan\u00adgy\u00e7\u00adlar ula\u00adny\u00adlyp bil\u00adner. Bu tek\u00adlip Ger\u00adma\u00adni\u00ad\u00fda ta\u00adra\u00adpyn\u00addan h\u00f6\u00add\u00fcr\u00adle\u00adnip, ka\u00adnu\u00adna gi\u00adri\u00adzil\u00addi. Ka\u00adnu\u00adna g\u00f6\u00adr\u00e4, aw\u00adtou\u00adlag \u00f6n\u00add\u00fc\u00adri\u00adji\u00adle\u00adri bel\u00adle\u00adnen wag\u00adtda ulag\u00adla\u00adry\u0148 ho\u00adwa go\u00fd\u00adber\u00ad\u00fd\u00e4n zy\u00ad\u00fdan\u00adly ga\u00adzy\u00adny nol de\u00adre\u00adj\u00e4 \u00e7en\u00adli azalt\u00adma\u00adly bo\u00adlar.<\/p>\n<p style=\"text-align: right;\"><strong>Agag\u00fcl Balkara\u00fdewa, <\/strong><br \/>\n<strong>Hazar ekologi\u00fda g\u00f6zeg\u00e7ilik gullugyny\u0148 gidrohimiki laboratori\u00fdasyny\u0148 h\u00fcn\u00e4rmeni.<\/strong><\/p>\n","protected":false},"excerpt":{"rendered":"<p>\u00ddew\u00adro\u00adpa Bi\u00adle\u00adle\u00ad\u015fi\u00adgi\u00adne ag\u00adza \u00fdurt\u00adlar\u00adda 2035-nji \u00fdyl\u00addan ba\u015f\u00adlap, ben\u00adzin we di\u00adzel \u00fdan\u00adgy\u00e7\u00adly ulag\u00adla\u00adry\u0148 sa\u00adtu\u00adwy\u00adny ga\u00adda\u00adgan ed\u00ad\u00fd\u00e4n ka\u00adnu\u00adn g\u00fc\u00fd\u00adje gi\u00adri\u00adzil\u00addi. \u00ddew\u00adro\u00adpa Bi\u00adle\u00adle\u00ad\u015fi\u00adgi\u00adni\u0148 Ge\u00ad\u0148e\u00ad\u015fi ag\u00adza \u00fdurt\u00adlar\u00adda 2035-nji \u00fdyl\u00addan ba\u015f\u00adlap, aw\u00adtou\u00adlag\u00adla\u00adra we t\u00e4\u00adjir\u00ad\u00e7i\u00adlik mak\u00adsat\u00adly ki\u00ad\u00e7i ulag\u00adla\u00adra t\u00e4\u00adze \u00fcl\u00ad\u0148\u00fc\u00adle\u00adri gi\u00adriz\u00addi. T\u00e4\u00adze d\u00fcz\u00adg\u00fc\u00adne g\u00f6\u00adr\u00e4, elekt\u00adro\u00adnik \u00fdan\u00adgy\u00e7 di\u00fd\u00adlip at\u00adlan\u00addy\u00adryl\u00ad\u00fdan we aras\u00adsa ener\u00adgi\u00ad\u00fda\u00addan hem-de ho\u00adwa\u00adda\u00adky k\u00f6\u00adm\u00fcr\u00adtur\u00ad\u015fy ga\u00adzy\u00adny tut\u00admak ar\u00adka\u00adly \u00f6n\u00add\u00fc\u00adril\u00ad\u00fd\u00e4n sin\u00adte\u00adtik \u00fdan\u00adgy\u00e7\u00adlar ula\u00adny\u00adlyp [&hellip;]<\/p>\n","protected":false},"author":2,"featured_media":75582,"comment_status":"open","ping_status":"closed","sticky":false,"template":"","format":"standard","meta":{"footnotes":""},"categories":[5],"tags":[],"acf":[],"_links":{"self":[{"href":"https:\/\/zamanturkmenistan.com.tm\/index.php?rest_route=\/wp\/v2\/posts\/75581"}],"collection":[{"href":"https:\/\/zamanturkmenistan.com.tm\/index.php?rest_route=\/wp\/v2\/posts"}],"about":[{"href":"https:\/\/zamanturkmenistan.com.tm\/index.php?rest_route=\/wp\/v2\/types\/post"}],"author":[{"embeddable":true,"href":"https:\/\/zamanturkmenistan.com.tm\/index.php?rest_route=\/wp\/v2\/users\/2"}],"replies":[{"embeddable":true,"href":"https:\/\/zamanturkmenistan.com.tm\/index.php?rest_route=%2Fwp%2Fv2%2Fcomments&post=75581"}],"version-history":[{"count":1,"href":"https:\/\/zamanturkmenistan.com.tm\/index.php?rest_route=\/wp\/v2\/posts\/75581\/revisions"}],"predecessor-version":[{"id":75583,"href":"https:\/\/zamanturkmenistan.com.tm\/index.php?rest_route=\/wp\/v2\/posts\/75581\/revisions\/75583"}],"wp:featuredmedia":[{"embeddable":true,"href":"https:\/\/zamanturkmenistan.com.tm\/index.php?rest_route=\/wp\/v2\/media\/75582"}],"wp:attachment":[{"href":"https:\/\/zamanturkmenistan.com.tm\/index.php?rest_route=%2Fwp%2Fv2%2Fmedia&parent=75581"}],"wp:term":[{"taxonomy":"category","embeddable":true,"href":"https:\/\/zamanturkmenistan.com.tm\/index.php?rest_route=%2Fwp%2Fv2%2Fcategories&post=75581"},{"taxonomy":"post_tag","embeddable":true,"href":"https:\/\/zamanturkmenistan.com.tm\/index.php?rest_route=%2Fwp%2Fv2%2Ftags&post=75581"}],"curies":[{"name":"wp","href":"https:\/\/api.w.org\/{rel}","templated":true}]}}