{"id":75597,"date":"2023-03-31T16:23:56","date_gmt":"2023-03-31T11:23:56","guid":{"rendered":"https:\/\/zamanturkmenistan.com.tm\/?p=75597"},"modified":"2023-03-31T16:23:56","modified_gmt":"2023-03-31T11:23:56","slug":"satuwyny-iki-esse-artdyrar","status":"publish","type":"post","link":"https:\/\/zamanturkmenistan.com.tm\/?p=75597","title":{"rendered":"Sa\u00adtu\u00adwy\u00adny iki es\u00adse art\u00addy\u00adrar"},"content":{"rendered":"<p>Ger\u00adma\u00adni\u00ad\u00fda\u00adny\u0148 BMW kom\u00adpa\u00adni\u00ad\u00fda\u00adsy do\u00adlu\u00adly\u00adgy\u00adna elekt\u00adrik ener\u00adgi\u00ad\u00fda\u00adsy bi\u00adlen i\u015f\u00adle\u00ad\u00fd\u00e4n ulag\u00adla\u00adry\u00adny\u0148 sa\u00adtu\u00adwy\u00adny\u0148 art\u00adma\u00adgy\u00adna ga\u00adra\u015f\u00ad\u00fdar. \u015eu \u00fdyl kom\u00adpa\u00adni\u00ad\u00fda\u00adny\u0148 \u00f6n\u00add\u00fcr\u00ad\u00fd\u00e4n ulag\u00adla\u00adry\u00adny\u0148 15 g\u00f6\u00adte\u00adri\u00admi\u00adni\u0148 do\u00adly elekt\u00adrik\u00adli bol\u00adjak\u00addy\u00adgy \u00e7ak\u00adla\u00adnyl\u00ad\u00fdar. \u015ee\u00fd\u00adle ulag\u00adla\u00adry\u0148 sa\u00adtu\u00adwyn\u00adda hy\u00adta\u00fd\u00adly m\u00fc\u015f\u00adde\u00adri\u00adle\u00adri\u0148 art\u00ad\u00fdan is\u00adle\u00adgi\u00adni\u0148 t\u00e4\u00adsi\u00adri uly bo\u00adlar. \u015eu \u00fdy\u00adly\u0148 iki a\u00fdyn\u00adda glo\u00adbal ba\u00adzar\u00adda BMW elekt\u00adrou\u00adlag\u00adla\u00adry\u00adny\u0148 sa\u00adtu\u00adwy ge\u00ad\u00e7en \u00fdy\u00adly\u0148 de\u00adgi\u015f\u00adli d\u00f6w\u00adr\u00fcn\u00add\u00e4\u00adki\u00adden iki es\u00adse k\u00f6p bo\u00adlup\u00addyr. Mun\u00adda Hy\u00adta\u00ad\u00fdy\u0148 t\u00e4\u00adsi\u00adri uly bo\u00adlup\u00addyr. De\u00adgi\u015f\u00adli d\u00f6\u00adw\u00fcr\u00adde Hy\u00adta\u00fd\u00adda\u00adky sa\u00adtuw \u00fc\u00e7 es\u00adse \u00fdo\u00adkar\u00adla\u00adnyp\u00addyr. Ne\u00admes kompani\u00fdasy 2023-nji \u00fdyl\u00adda elekt\u00adrou\u00adlag sa\u00adtu\u00adwyn\u00adda Hy\u00adta\u00ad\u00fdy\u0148 pa\u00ad\u00fdy\u00adny\u0148 bar\u00adha art\u00adjak\u00addy\u00adgy\u00adna bil bag\u00adla\u00ad\u00fdar. Ge\u00ad\u00e7en \u00fdyl BMW ulag\u00adla\u00adry\u00adny\u0148 \u00fc\u00e7\u00adden bi\u00adri Hy\u00adta\u00fd\u00adda sa\u00adty\u00adlyp\u00addyr. \u015ee\u00fd\u00adle\u00adlik\u00adde, BMW-ni\u0148 Hy\u00adta\u00fd\u00adda\u00adky sa\u00adtu\u00adwy AB\u015e-da\u00adky\u00addan iki es\u00adse \u00fdo\u00adka\u00adry bo\u00adlup\u00addyr.<br \/>\nBMW-ni\u0148 do\u00adly elekt\u00adrik\u00adli ulag\u00adla\u00adry\u00adny\u0148 sa\u00adtu\u00adwy ge\u00ad\u00e7en \u00fdyl \u00e4h\u00adli ulag\u00adla\u00adry\u0148 9 g\u00f6\u00adte\u00adri\u00admi\u00adni eme\u00adle ge\u00adti\u00adrip\u00addir. Bu g\u00f6r\u00adke\u00adzi\u00adji\u00adni\u0148 2023-nji \u00fdyl\u00adda 15 g\u00f6\u00adte\u00adri\u00adme \u00fdet\u00adme\u00adgi\u00adne ga\u00adra\u00ad\u015fyl\u00ad\u00fdar.<\/p>\n<p style=\"text-align: right;\"><strong>Be\u00adgen\u00e7 B\u00c4\u00ad\u015eI\u00adMOW, <\/strong><br \/>\n<strong>T\u00fcrk\u00admen d\u00f6w\u00adlet ma\u00adli\u00ad\u00fde ins\u00adti\u00adtu\u00adty\u00adny\u0148 mu\u00adgal\u00adly\u00admy.<\/strong><\/p>\n","protected":false},"excerpt":{"rendered":"<p>Ger\u00adma\u00adni\u00ad\u00fda\u00adny\u0148 BMW kom\u00adpa\u00adni\u00ad\u00fda\u00adsy do\u00adlu\u00adly\u00adgy\u00adna elekt\u00adrik ener\u00adgi\u00ad\u00fda\u00adsy bi\u00adlen i\u015f\u00adle\u00ad\u00fd\u00e4n ulag\u00adla\u00adry\u00adny\u0148 sa\u00adtu\u00adwy\u00adny\u0148 art\u00adma\u00adgy\u00adna ga\u00adra\u015f\u00ad\u00fdar. \u015eu \u00fdyl kom\u00adpa\u00adni\u00ad\u00fda\u00adny\u0148 \u00f6n\u00add\u00fcr\u00ad\u00fd\u00e4n ulag\u00adla\u00adry\u00adny\u0148 15 g\u00f6\u00adte\u00adri\u00admi\u00adni\u0148 do\u00adly elekt\u00adrik\u00adli bol\u00adjak\u00addy\u00adgy \u00e7ak\u00adla\u00adnyl\u00ad\u00fdar. \u015ee\u00fd\u00adle ulag\u00adla\u00adry\u0148 sa\u00adtu\u00adwyn\u00adda hy\u00adta\u00fd\u00adly m\u00fc\u015f\u00adde\u00adri\u00adle\u00adri\u0148 art\u00ad\u00fdan is\u00adle\u00adgi\u00adni\u0148 t\u00e4\u00adsi\u00adri uly bo\u00adlar. \u015eu \u00fdy\u00adly\u0148 iki a\u00fdyn\u00adda glo\u00adbal ba\u00adzar\u00adda BMW elekt\u00adrou\u00adlag\u00adla\u00adry\u00adny\u0148 sa\u00adtu\u00adwy ge\u00ad\u00e7en \u00fdy\u00adly\u0148 de\u00adgi\u015f\u00adli d\u00f6w\u00adr\u00fcn\u00add\u00e4\u00adki\u00adden iki es\u00adse k\u00f6p bo\u00adlup\u00addyr. Mun\u00adda Hy\u00adta\u00ad\u00fdy\u0148 t\u00e4\u00adsi\u00adri uly bo\u00adlup\u00addyr. [&hellip;]<\/p>\n","protected":false},"author":2,"featured_media":75598,"comment_status":"open","ping_status":"closed","sticky":false,"template":"","format":"standard","meta":{"footnotes":""},"categories":[5],"tags":[],"acf":[],"_links":{"self":[{"href":"https:\/\/zamanturkmenistan.com.tm\/index.php?rest_route=\/wp\/v2\/posts\/75597"}],"collection":[{"href":"https:\/\/zamanturkmenistan.com.tm\/index.php?rest_route=\/wp\/v2\/posts"}],"about":[{"href":"https:\/\/zamanturkmenistan.com.tm\/index.php?rest_route=\/wp\/v2\/types\/post"}],"author":[{"embeddable":true,"href":"https:\/\/zamanturkmenistan.com.tm\/index.php?rest_route=\/wp\/v2\/users\/2"}],"replies":[{"embeddable":true,"href":"https:\/\/zamanturkmenistan.com.tm\/index.php?rest_route=%2Fwp%2Fv2%2Fcomments&post=75597"}],"version-history":[{"count":1,"href":"https:\/\/zamanturkmenistan.com.tm\/index.php?rest_route=\/wp\/v2\/posts\/75597\/revisions"}],"predecessor-version":[{"id":75599,"href":"https:\/\/zamanturkmenistan.com.tm\/index.php?rest_route=\/wp\/v2\/posts\/75597\/revisions\/75599"}],"wp:featuredmedia":[{"embeddable":true,"href":"https:\/\/zamanturkmenistan.com.tm\/index.php?rest_route=\/wp\/v2\/media\/75598"}],"wp:attachment":[{"href":"https:\/\/zamanturkmenistan.com.tm\/index.php?rest_route=%2Fwp%2Fv2%2Fmedia&parent=75597"}],"wp:term":[{"taxonomy":"category","embeddable":true,"href":"https:\/\/zamanturkmenistan.com.tm\/index.php?rest_route=%2Fwp%2Fv2%2Fcategories&post=75597"},{"taxonomy":"post_tag","embeddable":true,"href":"https:\/\/zamanturkmenistan.com.tm\/index.php?rest_route=%2Fwp%2Fv2%2Ftags&post=75597"}],"curies":[{"name":"wp","href":"https:\/\/api.w.org\/{rel}","templated":true}]}}