{"id":75622,"date":"2023-03-31T17:32:22","date_gmt":"2023-03-31T12:32:22","guid":{"rendered":"https:\/\/zamanturkmenistan.com.tm\/?p=75622"},"modified":"2023-03-31T17:32:22","modified_gmt":"2023-03-31T12:32:22","slug":"bmg-nin-nese-we-jenayatcylyk-baradaky-mudirliginin-merkezi-aziyadaky-sebitleyin-wekili-artyk-gumruk-nokadyna-baryp-gordi","status":"publish","type":"post","link":"https:\/\/zamanturkmenistan.com.tm\/?p=75622","title":{"rendered":"BMG-ni\u0148 Ne\u015fe we jena\u00fdat\u00e7ylyk baradaky M\u00fcdirligini\u0148 Merkezi Azi\u00fdadaky sebitle\u00fdin wekili \u00abArtyk\u00bb g\u00fcmr\u00fck nokadyna baryp g\u00f6rdi"},"content":{"rendered":"<p>30-njy mart\u00adda Bir\u00adle\u00ad\u015fen Mil\u00adlet\u00adler Gu\u00adra\u00adma\u00adsy\u00adny\u0148 Ne\u00ad\u015fe we je\u00adna\u00ad\u00fdat\u00ad\u00e7y\u00adlyk ba\u00adra\u00adda\u00adky M\u00fc\u00addir\u00adli\u00adgi\u00adni\u0148 Mer\u00adke\u00adzi Azi\u00ad\u00fda\u00adda\u00adky se\u00adbit\u00adle\u00ad\u00fdin we\u00adkil\u00adha\u00adna\u00adsy\u00adny\u0148 \u00fdol\u00adba\u015f\u00ad\u00e7y\u00adsy ha\u00adnym A\u015fi\u00adta Mit\u00adtal Mak\u00adsat\u00adna\u00adma\u00adny\u0148 hal\u00adka\u00adra ut\u00adga\u015f\u00addy\u00adry\u00adjy\u00adsy je\u00adnap \u00ddu\u00adsuf Kur\u00adbo\u00adnow bi\u00adlen bi\u00adle\u00adlik\u00adde t\u00fcrk\u00admen-e\u00fd\u00adran d\u00f6w\u00adlet ser\u00adhe\u00addin\u00add\u00e4\u00adki \u00abAr\u00adtyk\u00bb g\u00fcm\u00adr\u00fck no\u00adka\u00addy\u00adna ta\u00adny\u015f\u00addy\u00adry\u015f sa\u00adpa\u00adry bi\u00adlen bar\u00addy.<br \/>\nBu sa\u00adpa\u00adry\u0148 mak\u00adsa\u00addy \u00abAr\u00adtyk\u00bb g\u00fcm\u00adr\u00fck no\u00adka\u00addyn\u00adda i\u015f\u00adle\u00adri\u0148 gi\u00addi\u00ad\u015fi bi\u00adlen ta\u00adny\u015f\u00admak we Bir\u00adle\u00ad\u015fen Mil\u00adlet\u00adler Gu\u00adra\u00adma\u00adsy\u00adny\u0148 Ne\u00ad\u015fe we je\u00adna\u00ad\u00fdat\u00ad\u00e7y\u00adlyk ba\u00adra\u00adda\u00adky M\u00fc\u00addir\u00adli\u00adgi bi\u00adlen T\u00fcrk\u00adme\u00adnis\u00adta\u00adny\u0148 H\u00f6\u00adk\u00fc\u00adme\u00adti\u00adni\u0148 ara\u00adsyn\u00adda\u00adky hyz\u00admat\u00adda\u015f\u00adly\u00adgy\u0148 t\u00e4\u00adze ugur\u00adla\u00adry\u00adny kes\u00adgit\u00adle\u00admek bo\u00adlup dur\u00ad\u00fdar.<br \/>\nHa\u00adnym A\u015fi\u00adta Mit\u00adtal Ar\u00adtyk g\u00fcm\u00adr\u00fck no\u00adka\u00addyn\u00adda d\u00f6\u00adre\u00addi\u00adlen gi\u0148 m\u00fcm\u00adkin\u00ad\u00e7i\u00adlik\u00adle\u00adre, onu\u0148 ba\u00fd inf\u00adrast\u00adruk\u00adtu\u00adra\u00adsy\u00adna \u00fdo\u00adka\u00adry ba\u00adha be\u00adrip, t\u00fcrk\u00admen-e\u00fd\u00adran ser\u00adhe\u00addin\u00adde \u00fder\u00adle\u015f\u00ad\u00fd\u00e4n bu g\u00fcm\u00adr\u00fck no\u00adka\u00addy\u00adny\u0148 Pars a\u00fd\u00adla\u00adgy we Mer\u00adke\u00adzi Azi\u00ad\u00fda \u00fdurt\u00adla\u00adry\u00adny\u0148 ara\u00adsyn\u00adda \u00fd\u00fck da\u00ad\u015fa\u00adma\u00adla\u00adry\u0148 we s\u00f6w\u00adda\u00adny\u0148 \u00f6s\u00adme\u00adgin\u00adde m\u00f6\u00adh\u00fcm or\u00adny e\u00fde\u00adle\u00ad\u00fd\u00e4n\u00addi\u00adgi\u00adni bel\u00adle\u00addi. Bu \u00fder\u00adde h\u00e4\u00adzir\u00adki za\u00adman mag\u00adlu\u00admat teh\u00adno\u00adlo\u00adgi\u00ad\u00fda\u00adla\u00adry\u00adny\u0148 ula\u00adnyl\u00adma\u00adgy, g\u00fcm\u00adr\u00fck no\u00adka\u00addy\u00adny\u0148 mad\u00addy-teh\u00adni\u00adki \u00fcp\u00adj\u00fcn\u00ad\u00e7i\u00adli\u00adgi bi\u00adka\u00adnun ne\u00ad\u015fe do\u00adlan\u00ad\u015fy\u00adgy\u00adny\u0148 \u00f6\u0148\u00fc\u00adni al\u00admak\u00adda \u00f6r\u00e4n \u00e4h\u00admi\u00ad\u00fdet\u00adli\u00addir.<br \/>\nSo\u0148\u00adra, s\u00f6h\u00adbet\u00adde\u015f\u00adli\u00adgi\u0148 bar\u00ad\u015fyn\u00adda hyz\u00admat\u00adda\u015f\u00adly\u00adgy\u0148 gel\u00adje\u00adgi, hu\u00adsu\u00adsan-da g\u00fcm\u00adr\u00fck we ser\u00adhet gul\u00adlu\u00adgy\u00adny\u0148 we\u00adkil\u00adle\u00adri ta\u00adra\u00adpyn\u00addan bi\u00adle\u00adlik\u00adde ula\u00adnyl\u00adma\u00adgy \u00fc\u00e7in in\u00adte\u00adrak\u00adtiw ota\u00adgy we sel\u00adje\u00adri\u015f mer\u00adke\u00adzi\u00adni d\u00f6\u00adret\u00admek me\u00adse\u00adle\u00adsi ara al\u00adnyp mas\u00adla\u00adhat\u00adla\u00ad\u015fyl\u00addy.<\/p>\n","protected":false},"excerpt":{"rendered":"<p>30-njy mart\u00adda Bir\u00adle\u00ad\u015fen Mil\u00adlet\u00adler Gu\u00adra\u00adma\u00adsy\u00adny\u0148 Ne\u00ad\u015fe we je\u00adna\u00ad\u00fdat\u00ad\u00e7y\u00adlyk ba\u00adra\u00adda\u00adky M\u00fc\u00addir\u00adli\u00adgi\u00adni\u0148 Mer\u00adke\u00adzi Azi\u00ad\u00fda\u00adda\u00adky se\u00adbit\u00adle\u00ad\u00fdin we\u00adkil\u00adha\u00adna\u00adsy\u00adny\u0148 \u00fdol\u00adba\u015f\u00ad\u00e7y\u00adsy ha\u00adnym A\u015fi\u00adta Mit\u00adtal Mak\u00adsat\u00adna\u00adma\u00adny\u0148 hal\u00adka\u00adra ut\u00adga\u015f\u00addy\u00adry\u00adjy\u00adsy je\u00adnap \u00ddu\u00adsuf Kur\u00adbo\u00adnow bi\u00adlen bi\u00adle\u00adlik\u00adde t\u00fcrk\u00admen-e\u00fd\u00adran d\u00f6w\u00adlet ser\u00adhe\u00addin\u00add\u00e4\u00adki \u00abAr\u00adtyk\u00bb g\u00fcm\u00adr\u00fck no\u00adka\u00addy\u00adna ta\u00adny\u015f\u00addy\u00adry\u015f sa\u00adpa\u00adry bi\u00adlen bar\u00addy. Bu sa\u00adpa\u00adry\u0148 mak\u00adsa\u00addy \u00abAr\u00adtyk\u00bb g\u00fcm\u00adr\u00fck no\u00adka\u00addyn\u00adda i\u015f\u00adle\u00adri\u0148 gi\u00addi\u00ad\u015fi bi\u00adlen ta\u00adny\u015f\u00admak we Bir\u00adle\u00ad\u015fen Mil\u00adlet\u00adler Gu\u00adra\u00adma\u00adsy\u00adny\u0148 Ne\u00ad\u015fe we je\u00adna\u00ad\u00fdat\u00ad\u00e7y\u00adlyk ba\u00adra\u00adda\u00adky M\u00fc\u00addir\u00adli\u00adgi [&hellip;]<\/p>\n","protected":false},"author":2,"featured_media":75623,"comment_status":"open","ping_status":"closed","sticky":false,"template":"","format":"standard","meta":{"footnotes":""},"categories":[3],"tags":[],"acf":[],"_links":{"self":[{"href":"https:\/\/zamanturkmenistan.com.tm\/index.php?rest_route=\/wp\/v2\/posts\/75622"}],"collection":[{"href":"https:\/\/zamanturkmenistan.com.tm\/index.php?rest_route=\/wp\/v2\/posts"}],"about":[{"href":"https:\/\/zamanturkmenistan.com.tm\/index.php?rest_route=\/wp\/v2\/types\/post"}],"author":[{"embeddable":true,"href":"https:\/\/zamanturkmenistan.com.tm\/index.php?rest_route=\/wp\/v2\/users\/2"}],"replies":[{"embeddable":true,"href":"https:\/\/zamanturkmenistan.com.tm\/index.php?rest_route=%2Fwp%2Fv2%2Fcomments&post=75622"}],"version-history":[{"count":1,"href":"https:\/\/zamanturkmenistan.com.tm\/index.php?rest_route=\/wp\/v2\/posts\/75622\/revisions"}],"predecessor-version":[{"id":75624,"href":"https:\/\/zamanturkmenistan.com.tm\/index.php?rest_route=\/wp\/v2\/posts\/75622\/revisions\/75624"}],"wp:featuredmedia":[{"embeddable":true,"href":"https:\/\/zamanturkmenistan.com.tm\/index.php?rest_route=\/wp\/v2\/media\/75623"}],"wp:attachment":[{"href":"https:\/\/zamanturkmenistan.com.tm\/index.php?rest_route=%2Fwp%2Fv2%2Fmedia&parent=75622"}],"wp:term":[{"taxonomy":"category","embeddable":true,"href":"https:\/\/zamanturkmenistan.com.tm\/index.php?rest_route=%2Fwp%2Fv2%2Fcategories&post=75622"},{"taxonomy":"post_tag","embeddable":true,"href":"https:\/\/zamanturkmenistan.com.tm\/index.php?rest_route=%2Fwp%2Fv2%2Ftags&post=75622"}],"curies":[{"name":"wp","href":"https:\/\/api.w.org\/{rel}","templated":true}]}}