{"id":75631,"date":"2023-04-01T09:03:56","date_gmt":"2023-04-01T04:03:56","guid":{"rendered":"https:\/\/zamanturkmenistan.com.tm\/?p=75631"},"modified":"2023-04-01T09:03:56","modified_gmt":"2023-04-01T04:03:56","slug":"turkmenistanyn-koreya-respublikasyndaky-medeniyet-gunleri-tamamlandy","status":"publish","type":"post","link":"https:\/\/zamanturkmenistan.com.tm\/?p=75631","title":{"rendered":"T\u00fcrkmenistany\u0148 Kore\u00fda Respublikasyndaky Medeni\u00fdet g\u00fcnleri tamamlandy"},"content":{"rendered":"<p>30-njy mar\u00adtyn\u00adda Se\u00adul\u00adda\u00adky Han\u00adkuk Da\u00ad\u015fa\u00adry \u00fdurt dil\u00adle\u00adri uni\u00adwer\u00adsi\u00adte\u00adtin\u00adde T\u00fcrk\u00adme\u00adnis\u00adta\u00adny\u0148 me\u00adde\u00adni-yl\u00admy \u00e7\u00e4\u00adre\u00adle\u00adri do\u00adwam et\u00addi. Bu me\u00adde\u00adni \u00e7\u00e4\u00adre\u00adle\u00adri\u0148 mak\u00adsat\u00adna\u00adma\u00adsy\u00adna t\u00fcrk\u00admen su\u00adrat\u00adke\u015f\u00adle\u00adri\u00adni\u0148 \u00e7y\u00adky\u015f\u00adla\u00adry, \u015fe\u00fd\u00adle hem ko\u00adre\u00fd di\u00adlin\u00adde \u201cAt-my\u00adrat\u201d at\u00adly ahal\u00adte\u00adke at\u00adla\u00adry\u00adna ba\u00adgy\u015f\u00adla\u00adnan t\u00fcrk\u00admen fil\u00admi\u00adni\u0148 g\u00f6r\u00adke\u00adzi\u00adli\u00ad\u015fi bol\u00addy.<br \/>\nMun\u00addan ba\u015f\u00adga-da, uni\u00adwer\u00adsi\u00adte\u00adti\u0148 fo\u00ad\u00fde\u00adsin\u00adde be\u00ad\u00fdik t\u00fcrk\u00admen \u015fa\u00adhy\u00adry we akyl\u00adda\u00adry Mag\u00adtym\u00adgu\u00adly Py\u00adra\u00adgy\u00adny\u0148 port\u00adret\u00adle\u00adri we ki\u00adtap\u00adla\u00adry, sun\u00adgat eser\u00adle\u00adri we T\u00fcrk\u00adme\u00adnis\u00adta\u00adny\u0148 mu\u00adze\u00fd gym\u00admat\u00adlyk\u00adla\u00adry g\u00f6r\u00adke\u00adzi\u00adlen ser\u00adgi bo\u00adlup ge\u00e7\u00addi.<br \/>\n31-nji mart\u00adda bu me\u00adde\u00adni \u00e7\u00e4\u00adre Ko\u00adre\u00ad\u00fda\u00adny\u0148 Y\u00fd\u00adjong\u00adbu \u015f\u00e4\u00adhe\u00adrin\u00adde ta\u00admam\u00adlan\u00addy.\u015ein\u00adhan uni\u00adwer\u00adsi\u00adte\u00adtin\u00adde T\u00fcrk\u00adme\u00adnis\u00adta\u00adny\u0148 Ko\u00adre\u00ad\u00fda Res\u00adpub\u00adli\u00adka\u00adsyn\u00adda\u00adky Il\u00ad\u00e7i\u00adsi B.Dur\u00addi\u00ad\u00fdew we \u015ein\u00adhan uni\u00adwer\u00adsi\u00adte\u00adti\u00adni\u0148 rek\u00adto\u00adry Kang Song Jong T\u00fcrk\u00adme\u00adnis\u00adta\u00adny\u0148 Me\u00adde\u00adni\u00ad\u00fdet g\u00fcn\u00adle\u00adri\u00adni\u0148 res\u00admi \u00fda\u00adpy\u00adly\u015f da\u00adba\u00adra\u00adsyn\u00adda \u00e7y\u00adky\u015f et\u00addi\u00adler. \u015ee\u00fd\u00adle hem hor\u00admat\u00adly myh\u00adman\u00adla\u00adry\u0148 ara\u00adsyn\u00adda T\u00fcrk\u00adme\u00adnis\u00adta\u00adny\u0148 Me\u00adde\u00adni\u00ad\u00fdet mi\u00adnist\u00adri\u00adni\u0148 orun\u00adba\u00adsa\u00adry G.My\u00adra\u00adda\u00adly\u00ad\u00fdew, Ko\u00adlo\u00adra\u00addo uni\u00adwer\u00adsi\u00adte\u00adti\u00adni\u0148 rek\u00adto\u00adry\u00adny\u0148 orun\u00adba\u00adsa\u00adry Emi\u00adli \u00c7an, Ame\u00adri\u00adkan Ta\u00adek\u00adwon-Do bir\u00adle\u00ad\u015fi\u00adgi\u00adni\u0148 ba\u015f\u00adly\u00adgy we be\u00fd\u00adle\u00adki\u00adler gat\u00adna\u015f\u00addy\u00adlar.<br \/>\nSo\u0148\u00adra T\u00fcrk\u00adme\u00adnis\u00adta\u00adny\u0148 we Ko\u00adre\u00ad\u00fda\u00adny\u0148 halk we at ga\u00adza\u00adnan sun\u00adgat i\u015f\u00adg\u00e4r\u00adle\u00adri\u00adni\u0148 bi\u00adle\u00adlik\u00add\u00e4\u00adki kon\u00adser\u00adti bol\u00addy.<br \/>\n\u00c7\u00e4\u00adre\u00adler mak\u00adsat\u00adna\u00adma\u00adsyn\u00adda be\u00ad\u00fdik t\u00fcrk\u00admen \u015fa\u00adhy\u00adry we akyl\u00adda\u00adry Mag\u00adtym\u00adgu\u00adly Py\u00adra\u00adgy\u00adny\u0148 dur\u00admu\u00ad\u015fy we d\u00f6\u00adre\u00addi\u00adji\u00adlik \u00fdo\u00adly ba\u00adra\u00adda g\u00fcr\u00adr\u00fc\u0148 ber\u00ad\u00fd\u00e4n \u201cIs\u00adt\u00e4\u00adrin\u201d at\u00adly \u00e7e\u00adper fil\u00admi\u00adni\u0148 g\u00f6r\u00adke\u00adzi\u00adli\u00ad\u015fi hem bol\u00addy. Mun\u00addan ba\u015f\u00adga-da, \u00e7\u00e4\u00adre\u00adle\u00adre gat\u00adna\u00ad\u015fy\u00adjy\u00adlar t\u00fcrk\u00admen me\u00adde\u00adni\u00ad\u00fde\u00adti\u00adni\u0148 ser\u00adgi\u00adsin\u00adde g\u00f6r\u00adke\u00adzi\u00adlen eks\u00adpo\u00adzi\u00adsi\u00ad\u00fda\u00adla\u00adra a\u00fd\u00adra\u00adtyn gy\u00adzyk\u00adlan\u00adma bi\u00adlen \u00fcns ber\u00addi\u00adler.<\/p>\n","protected":false},"excerpt":{"rendered":"<p>30-njy mar\u00adtyn\u00adda Se\u00adul\u00adda\u00adky Han\u00adkuk Da\u00ad\u015fa\u00adry \u00fdurt dil\u00adle\u00adri uni\u00adwer\u00adsi\u00adte\u00adtin\u00adde T\u00fcrk\u00adme\u00adnis\u00adta\u00adny\u0148 me\u00adde\u00adni-yl\u00admy \u00e7\u00e4\u00adre\u00adle\u00adri do\u00adwam et\u00addi. Bu me\u00adde\u00adni \u00e7\u00e4\u00adre\u00adle\u00adri\u0148 mak\u00adsat\u00adna\u00adma\u00adsy\u00adna t\u00fcrk\u00admen su\u00adrat\u00adke\u015f\u00adle\u00adri\u00adni\u0148 \u00e7y\u00adky\u015f\u00adla\u00adry, \u015fe\u00fd\u00adle hem ko\u00adre\u00fd di\u00adlin\u00adde \u201cAt-my\u00adrat\u201d at\u00adly ahal\u00adte\u00adke at\u00adla\u00adry\u00adna ba\u00adgy\u015f\u00adla\u00adnan t\u00fcrk\u00admen fil\u00admi\u00adni\u0148 g\u00f6r\u00adke\u00adzi\u00adli\u00ad\u015fi bol\u00addy. Mun\u00addan ba\u015f\u00adga-da, uni\u00adwer\u00adsi\u00adte\u00adti\u0148 fo\u00ad\u00fde\u00adsin\u00adde be\u00ad\u00fdik t\u00fcrk\u00admen \u015fa\u00adhy\u00adry we akyl\u00adda\u00adry Mag\u00adtym\u00adgu\u00adly Py\u00adra\u00adgy\u00adny\u0148 port\u00adret\u00adle\u00adri we ki\u00adtap\u00adla\u00adry, sun\u00adgat eser\u00adle\u00adri we T\u00fcrk\u00adme\u00adnis\u00adta\u00adny\u0148 mu\u00adze\u00fd gym\u00admat\u00adlyk\u00adla\u00adry g\u00f6r\u00adke\u00adzi\u00adlen ser\u00adgi [&hellip;]<\/p>\n","protected":false},"author":2,"featured_media":75632,"comment_status":"open","ping_status":"closed","sticky":false,"template":"","format":"standard","meta":{"footnotes":""},"categories":[3],"tags":[],"acf":[],"_links":{"self":[{"href":"https:\/\/zamanturkmenistan.com.tm\/index.php?rest_route=\/wp\/v2\/posts\/75631"}],"collection":[{"href":"https:\/\/zamanturkmenistan.com.tm\/index.php?rest_route=\/wp\/v2\/posts"}],"about":[{"href":"https:\/\/zamanturkmenistan.com.tm\/index.php?rest_route=\/wp\/v2\/types\/post"}],"author":[{"embeddable":true,"href":"https:\/\/zamanturkmenistan.com.tm\/index.php?rest_route=\/wp\/v2\/users\/2"}],"replies":[{"embeddable":true,"href":"https:\/\/zamanturkmenistan.com.tm\/index.php?rest_route=%2Fwp%2Fv2%2Fcomments&post=75631"}],"version-history":[{"count":1,"href":"https:\/\/zamanturkmenistan.com.tm\/index.php?rest_route=\/wp\/v2\/posts\/75631\/revisions"}],"predecessor-version":[{"id":75633,"href":"https:\/\/zamanturkmenistan.com.tm\/index.php?rest_route=\/wp\/v2\/posts\/75631\/revisions\/75633"}],"wp:featuredmedia":[{"embeddable":true,"href":"https:\/\/zamanturkmenistan.com.tm\/index.php?rest_route=\/wp\/v2\/media\/75632"}],"wp:attachment":[{"href":"https:\/\/zamanturkmenistan.com.tm\/index.php?rest_route=%2Fwp%2Fv2%2Fmedia&parent=75631"}],"wp:term":[{"taxonomy":"category","embeddable":true,"href":"https:\/\/zamanturkmenistan.com.tm\/index.php?rest_route=%2Fwp%2Fv2%2Fcategories&post=75631"},{"taxonomy":"post_tag","embeddable":true,"href":"https:\/\/zamanturkmenistan.com.tm\/index.php?rest_route=%2Fwp%2Fv2%2Ftags&post=75631"}],"curies":[{"name":"wp","href":"https:\/\/api.w.org\/{rel}","templated":true}]}}