{"id":75747,"date":"2023-04-01T21:23:58","date_gmt":"2023-04-01T16:23:58","guid":{"rendered":"https:\/\/zamanturkmenistan.com.tm\/?p=75747"},"modified":"2023-04-03T08:27:27","modified_gmt":"2023-04-03T03:27:27","slug":"arkadag-saherinin-dowlet-arhiwi-doredildi","status":"publish","type":"post","link":"https:\/\/zamanturkmenistan.com.tm\/?p=75747","title":{"rendered":"Arkadag \u015f\u00e4herini\u00f1 d\u00f6wlet arhiwi d\u00f6redildi"},"content":{"rendered":"<div id=\"undefined-sticky-wrapper\" class=\"mobile-sticky-wrapper mobile-is-sticky\">\n<div class=\"penci-header-mobile mobile\">\n<div class=\"penci-header-mobile_container\">\n<div class=\"wpml-ls-statics-shortcode_actions wpml-ls wpml-ls-touch-device wpml-ls-legacy-list-horizontal\">\n<p>\u201cArkadag \u015f\u00e4heri hakynda\u201d T\u00fcrkmenistany\u0148 Kanunyna la\u00fdyklykda, Arkadag \u015f\u00e4heri \u00fc\u00e7in d\u00f6wlet \u00e4hmi\u00fdetli \u015f\u00e4her di\u00fden a\u00fdratyn hukuk \u00fdagda\u00fdyny\u0148 bellenilmegi bilen baglylykda, \u015fe\u00fdle hem Ministrler Kabinetini\u0148 \u00fdanyndaky Ba\u015f arhiw m\u00fcdirligini\u0148 i\u015fini k\u00e4mille\u015fdirmek maksady bilen, T\u00fcrkmenistany\u0148 Prezidenti Karara gol \u00e7ekdi.<\/p>\n<\/div>\n<\/div>\n<\/div>\n<\/div>\n<div id=\"content\" class=\"site-content\">\n<div id=\"primary\" class=\"content-area\"><main id=\"main\" class=\"site-main\"><\/p>\n<div class=\"penci-container\">\n<div class=\"penci-container__content penci-con_sb2_sb1\">\n<div class=\"penci-wide-content penci-content-novc penci-sticky-content penci-content-single-inner\">\n<div class=\"theiaStickySidebar\">\n<div class=\"penci-content-post noloaddisqus \" data-url=\"https:\/\/www.atavatan-turkmenistan.com\/arkadag-saherinin-dowlet-arhiwi-doredildi\/\" data-id=\"217291\" data-title=\"\">\n<article id=\"post-217291\" class=\"penci-single-artcontent noloaddisqus post-217291 post type-post status-publish format-standard has-post-thumbnail hentry category-jemgyyet penci-post-item\">\n<div class=\"penci-entry-content entry-content\">\n<p class=\"text\">Resminama la\u00fdyklykda, Ministrler Kabinetini\u0148 \u00fdanyndaky Ba\u015f arhiw m\u00fcdirligini\u0148 d\u00fcz\u00fcminde Arkadag \u015f\u00e4herini\u0148 d\u00f6wlet arhiwi d\u00f6redildi.<\/p>\n<p class=\"text\">Ministrler Kabinetini\u0148 \u00fdanyndaky Ba\u015f arhiw m\u00fcdirligine Adalat ministrligi bilen bilelikde Karardan gelip \u00e7yk\u00fdan \u00fc\u00fdtgetmeleri we go\u015fma\u00e7alary T\u00fcrkmenistany\u0148 kanun\u00e7ylygyna girizmek baradaky teklipleri bir a\u00fd m\u00f6hletde ta\u00fd\u00fdarlamak we Ministrler Kabinetine bermek tab\u015fyryldy.<\/p>\n<\/div>\n<footer class=\"penci-entry-footer\"><\/footer>\n<\/article>\n<div class=\"penci-post-pagination\">\n<div class=\"prev-post\">\n<div class=\"prev-post-inner penci_mobj__body\">\n<div class=\"prev-post-title\"><\/div>\n<\/div>\n<\/div>\n<\/div>\n<\/div>\n<\/div>\n<\/div>\n<\/div>\n<\/div>\n<p><\/main><\/div>\n<\/div>\n","protected":false},"excerpt":{"rendered":"<p>\u201cArkadag \u015f\u00e4heri hakynda\u201d T\u00fcrkmenistany\u0148 Kanunyna la\u00fdyklykda, Arkadag \u015f\u00e4heri \u00fc\u00e7in d\u00f6wlet \u00e4hmi\u00fdetli \u015f\u00e4her di\u00fden a\u00fdratyn hukuk \u00fdagda\u00fdyny\u0148 bellenilmegi bilen baglylykda, \u015fe\u00fdle hem Ministrler Kabinetini\u0148 \u00fdanyndaky Ba\u015f arhiw m\u00fcdirligini\u0148 i\u015fini k\u00e4mille\u015fdirmek maksady bilen, T\u00fcrkmenistany\u0148 Prezidenti Karara gol \u00e7ekdi. Resminama la\u00fdyklykda, Ministrler Kabinetini\u0148 \u00fdanyndaky Ba\u015f arhiw m\u00fcdirligini\u0148 d\u00fcz\u00fcminde Arkadag \u015f\u00e4herini\u0148 d\u00f6wlet arhiwi d\u00f6redildi. Ministrler Kabinetini\u0148 \u00fdanyndaky Ba\u015f arhiw [&hellip;]<\/p>\n","protected":false},"author":2,"featured_media":75748,"comment_status":"open","ping_status":"closed","sticky":false,"template":"","format":"standard","meta":{"footnotes":""},"categories":[3],"tags":[],"acf":[],"_links":{"self":[{"href":"https:\/\/zamanturkmenistan.com.tm\/index.php?rest_route=\/wp\/v2\/posts\/75747"}],"collection":[{"href":"https:\/\/zamanturkmenistan.com.tm\/index.php?rest_route=\/wp\/v2\/posts"}],"about":[{"href":"https:\/\/zamanturkmenistan.com.tm\/index.php?rest_route=\/wp\/v2\/types\/post"}],"author":[{"embeddable":true,"href":"https:\/\/zamanturkmenistan.com.tm\/index.php?rest_route=\/wp\/v2\/users\/2"}],"replies":[{"embeddable":true,"href":"https:\/\/zamanturkmenistan.com.tm\/index.php?rest_route=%2Fwp%2Fv2%2Fcomments&post=75747"}],"version-history":[{"count":1,"href":"https:\/\/zamanturkmenistan.com.tm\/index.php?rest_route=\/wp\/v2\/posts\/75747\/revisions"}],"predecessor-version":[{"id":75749,"href":"https:\/\/zamanturkmenistan.com.tm\/index.php?rest_route=\/wp\/v2\/posts\/75747\/revisions\/75749"}],"wp:featuredmedia":[{"embeddable":true,"href":"https:\/\/zamanturkmenistan.com.tm\/index.php?rest_route=\/wp\/v2\/media\/75748"}],"wp:attachment":[{"href":"https:\/\/zamanturkmenistan.com.tm\/index.php?rest_route=%2Fwp%2Fv2%2Fmedia&parent=75747"}],"wp:term":[{"taxonomy":"category","embeddable":true,"href":"https:\/\/zamanturkmenistan.com.tm\/index.php?rest_route=%2Fwp%2Fv2%2Fcategories&post=75747"},{"taxonomy":"post_tag","embeddable":true,"href":"https:\/\/zamanturkmenistan.com.tm\/index.php?rest_route=%2Fwp%2Fv2%2Ftags&post=75747"}],"curies":[{"name":"wp","href":"https:\/\/api.w.org\/{rel}","templated":true}]}}