{"id":75752,"date":"2023-04-02T11:11:42","date_gmt":"2023-04-02T06:11:42","guid":{"rendered":"https:\/\/zamanturkmenistan.com.tm\/?p=75752"},"modified":"2023-04-03T09:41:07","modified_gmt":"2023-04-03T04:41:07","slug":"arkadag-gazeti-doredildi","status":"publish","type":"post","link":"https:\/\/zamanturkmenistan.com.tm\/?p=75752","title":{"rendered":"\u00abArkadag\u00bb gazetini\u0148 redaksi\u00fdasy d\u00f6redildi"},"content":{"rendered":"<p>Berkarar d\u00f6wleti\u0148 t\u00e4ze e\u00fd\u00fdamyny\u0148 Galkyny\u015fy d\u00f6wr\u00fcnde \u00fdurdumyzy\u0148 \u00fdeten be\u00fdik sepgitlerini d\u00fcn\u00fd\u00e4 \u00fda\u00fdmak, wagyz etmek, sanly ulgamy\u0148 m\u00fcmkin\u00e7ilikleri we i\u0148 h\u00e4zirki zaman tehnologi\u00fdalary orna\u015fdyrylan, sebitde de\u0148i-ta\u00fdy bolmadyk \u201cakylly\u201d \u015f\u00e4heri\u0148 \u2014 Arkadag \u015f\u00e4herini\u0148 m\u00fcmkin\u00e7ilikleri bilen tany\u015fdyrmak, \u015f\u00e4her gurlu\u015fygy bo\u00fdun\u00e7a alnyp baryl\u00fdan tutumly i\u015fler, ge\u00e7iril\u00fd\u00e4n \u00e7\u00e4reler we gazanyl\u00fdan netijeler barada halk k\u00f6p\u00e7\u00fcligine gi\u0148i\u015fle\u00fdin habar bermek, \u015fe\u00fdle hem \u015f\u00e4heri\u0148 ilatyny\u0148 durmu\u015fy hakynda d\u00fcrli makalalary, maglumatlary \u00e7ap etmek maksady bilen, T\u00fcrkmenistany\u0148 Prezidenti Karara gol \u00e7ekdi.<\/p>\n<p>Resminama la\u00fdyklykda, \u201cArkadag\u201d gazetini\u0148 redaksi\u00fdasy \u00fduridik \u015fahs h\u00f6km\u00fcnde d\u00f6redildi hem-de gazeti\u0148 redaksi\u00fdasyny\u0148 Tertipnamasy tassyklanyldy. \u201cArkadag\u201d gazetini 2023-nji \u00fdyly\u0148 i\u00fdul a\u00fdyndan t\u00fcrkmen dilinde ne\u015fir edip ba\u015flamak hem-de hepdede bir gezek \u00e7ap etmek bellenildi.<\/p>\n<p>T\u00fcrkmen d\u00f6wlet ne\u015fir\u00fdat gullugyna Adalat ministrligi bilen bilelikde Karardan gelip \u00e7yk\u00fdan \u00fc\u00fdtgetmeleri we go\u015fma\u00e7alary T\u00fcrkmenistany\u0148 kanun\u00e7ylygyna girizmek baradaky teklipleri bir a\u00fd m\u00f6hletde ta\u00fd\u00fdarlamak we Ministrler Kabinetine bermek tab\u015fyryldy.<\/p>\n","protected":false},"excerpt":{"rendered":"<p>Berkarar d\u00f6wleti\u0148 t\u00e4ze e\u00fd\u00fdamyny\u0148 Galkyny\u015fy d\u00f6wr\u00fcnde \u00fdurdumyzy\u0148 \u00fdeten be\u00fdik sepgitlerini d\u00fcn\u00fd\u00e4 \u00fda\u00fdmak, wagyz etmek, sanly ulgamy\u0148 m\u00fcmkin\u00e7ilikleri we i\u0148 h\u00e4zirki zaman tehnologi\u00fdalary orna\u015fdyrylan, sebitde de\u0148i-ta\u00fdy bolmadyk \u201cakylly\u201d \u015f\u00e4heri\u0148 \u2014 Arkadag \u015f\u00e4herini\u0148 m\u00fcmkin\u00e7ilikleri bilen tany\u015fdyrmak, \u015f\u00e4her gurlu\u015fygy bo\u00fdun\u00e7a alnyp baryl\u00fdan tutumly i\u015fler, ge\u00e7iril\u00fd\u00e4n \u00e7\u00e4reler we gazanyl\u00fdan netijeler barada halk k\u00f6p\u00e7\u00fcligine gi\u0148i\u015fle\u00fdin habar bermek, \u015fe\u00fdle hem \u015f\u00e4heri\u0148 [&hellip;]<\/p>\n","protected":false},"author":2,"featured_media":75753,"comment_status":"open","ping_status":"closed","sticky":false,"template":"","format":"standard","meta":{"footnotes":""},"categories":[3],"tags":[],"acf":[],"_links":{"self":[{"href":"https:\/\/zamanturkmenistan.com.tm\/index.php?rest_route=\/wp\/v2\/posts\/75752"}],"collection":[{"href":"https:\/\/zamanturkmenistan.com.tm\/index.php?rest_route=\/wp\/v2\/posts"}],"about":[{"href":"https:\/\/zamanturkmenistan.com.tm\/index.php?rest_route=\/wp\/v2\/types\/post"}],"author":[{"embeddable":true,"href":"https:\/\/zamanturkmenistan.com.tm\/index.php?rest_route=\/wp\/v2\/users\/2"}],"replies":[{"embeddable":true,"href":"https:\/\/zamanturkmenistan.com.tm\/index.php?rest_route=%2Fwp%2Fv2%2Fcomments&post=75752"}],"version-history":[{"count":2,"href":"https:\/\/zamanturkmenistan.com.tm\/index.php?rest_route=\/wp\/v2\/posts\/75752\/revisions"}],"predecessor-version":[{"id":75763,"href":"https:\/\/zamanturkmenistan.com.tm\/index.php?rest_route=\/wp\/v2\/posts\/75752\/revisions\/75763"}],"wp:featuredmedia":[{"embeddable":true,"href":"https:\/\/zamanturkmenistan.com.tm\/index.php?rest_route=\/wp\/v2\/media\/75753"}],"wp:attachment":[{"href":"https:\/\/zamanturkmenistan.com.tm\/index.php?rest_route=%2Fwp%2Fv2%2Fmedia&parent=75752"}],"wp:term":[{"taxonomy":"category","embeddable":true,"href":"https:\/\/zamanturkmenistan.com.tm\/index.php?rest_route=%2Fwp%2Fv2%2Fcategories&post=75752"},{"taxonomy":"post_tag","embeddable":true,"href":"https:\/\/zamanturkmenistan.com.tm\/index.php?rest_route=%2Fwp%2Fv2%2Ftags&post=75752"}],"curies":[{"name":"wp","href":"https:\/\/api.w.org\/{rel}","templated":true}]}}