{"id":75882,"date":"2023-04-05T10:12:31","date_gmt":"2023-04-05T05:12:31","guid":{"rendered":"https:\/\/zamanturkmenistan.com.tm\/?p=75882"},"modified":"2023-04-05T10:12:31","modified_gmt":"2023-04-05T05:12:31","slug":"bmg-nin-nese-serisdeleri-we-jenayatcylyk-boyunca-mudirliginin-wekiliyeti-bilen-dususyk","status":"publish","type":"post","link":"https:\/\/zamanturkmenistan.com.tm\/?p=75882","title":{"rendered":"BMG-ni\u0148 ne\u015fe seri\u015fdeleri we jena\u00fdat\u00e7ylyk bo\u00fdun\u00e7a m\u00fcdirligini\u0148 wekili\u00fdeti bilen du\u015fu\u015fyk"},"content":{"rendered":"<p>3-nji ap\u00adrel\u00adde T\u00fcrk\u00adme\u00adnis\u00adta\u00adny\u0148 Da\u00ad\u015fa\u00adry i\u015f\u00adler mi\u00adnist\u00adri\u00adni\u0148 orun\u00adba\u00adsa\u00adry We\u00adpa Ha\u00adji\u00ad\u00fde\u00adwi\u0148 BMG-ni\u0148 Ne\u00ad\u015fe se\u00adri\u015f\u00adde\u00adle\u00adri we je\u00adna\u00ad\u00fdat\u00ad\u00e7y\u00adlyk bo\u00ad\u00fdun\u00ad\u00e7a m\u00fc\u00addir\u00adli\u00adgi\u00adni\u0148 Sy\u00ad\u00fda\u00adsat we jem\u00adgy\u00ad\u00fdet\u00ad\u00e7i\u00adlik bi\u00adlen ara\u00adgat\u00adna\u00ad\u015fyk sel\u00adje\u00adri\u00ad\u015fi bo\u00ad\u00fdun\u00ad\u00e7a b\u00f6\u00adl\u00fc\u00admi\u0148 Di\u00adrek\u00adto\u00adry\u00adny\u0148 orun\u00adba\u00adsa\u00adry F\u00fdo\u00addor Klim\u00ad\u00e7uk we Bi\u00adle\u00adlik\u00adde ma\u00adli\u00ad\u00fde\u00adle\u015f\u00addir\u00admek we hyz\u00admat\u00adda\u015f\u00adlyk gat\u00adna\u00ad\u015fyk\u00adla\u00adry bo\u00ad\u00fdun\u00ad\u00e7a Sek\u00adsi\u00ad\u00fda\u00adsy\u00adny\u0148 ba\u015f\u00adly\u00adgy\u00adny\u0148 orun\u00adba\u00adsa\u00adry Igor Kond\u00adrat\u00ad\u00fdew bi\u00adlen du\u00ad\u015fu\u00ad\u015fy\u00adgy ge\u00ad\u00e7i\u00adril\u00addi.<br \/>\nDu\u00ad\u015fu\u00ad\u015fy\u00adgy\u0148 bar\u00ad\u015fyn\u00adda ta\u00adrap\u00adlar T\u00fcrk\u00adme\u00adnis\u00adta\u00adny\u0148 BMG-ni\u0148 Ne\u00ad\u015fe se\u00adri\u015f\u00adde\u00adle\u00adri we je\u00adna\u00ad\u00fdat\u00ad\u00e7y\u00adlyk bo\u00ad\u00fdun\u00ad\u00e7a m\u00fc\u00addir\u00adli\u00adgi bi\u00adlen hyz\u00admat\u00adda\u015f\u00adly\u00adgy\u00adna \u00fdo\u00adka\u00adry ba\u00adha ber\u00addi\u00adler we bu gu\u00adra\u00adma\u00adny\u0148 ne\u00ad\u015fe se\u00adri\u015f\u00adde\u00adle\u00adri\u00adni\u0148 bi\u00adka\u00adnun do\u00adlan\u00addy\u00adry\u00adly\u00ad\u015fy bo\u00ad\u00fdun\u00ad\u00e7a mil\u00adli, se\u00adbit we \u00e4h\u00adlu\u00admu\u00admy mak\u00adsat\u00adna\u00adma\u00adla\u00adry\u00adny\u0148 dur\u00admu\u00ad\u015fa ge\u00ad\u00e7i\u00adri\u00adli\u00ad\u015fi bi\u00adlen bag\u00adly me\u00adse\u00adle\u00adle\u00adri ara alyp mas\u00adla\u00adhat\u00adla\u015f\u00addy\u00adlar. Mun\u00addan ba\u015f\u00adga-da 2023-nji \u00fdyl \u00fc\u00e7in bi\u00adle\u00adlik\u00add\u00e4\u00adki he\u00adre\u00adket\u00adle\u00adri\u0148 me\u00ad\u00fdil\u00adna\u00adma\u00adla\u00adry bo\u00ad\u00fdun\u00ad\u00e7a me\u00adse\u00adle\u00adle\u00adre se\u00adre\u00addil\u00addi.<br \/>\nS\u00f6h\u00adbet\u00adde\u015f\u00adler 2022-nji \u00fdy\u00adly\u0148 22-25-nji no\u00ad\u00fdab\u00adryn\u00adda A\u015f\u00adga\u00adbat\u00adda ge\u00ad\u00e7i\u00adri\u00adlen \u00dda\u00adkyn we Or\u00adta G\u00fcn\u00addo\u00adgar\u00adda ne\u00ad\u015fe se\u00adri\u015f\u00adde\u00adle\u00adri\u00adni\u0148 bi\u00adka\u00adnun do\u00adlan\u00addy\u00adryl\u00adma\u00adgy we \u015fo\u00adnu\u0148 bi\u00adlen bag\u00adly me\u00adse\u00adle\u00adler bo\u00ad\u00fdun\u00ad\u00e7a go\u015f\u00adma\u00ad\u00e7a ko\u00admis\u00adsi\u00ad\u00fda\u00adsy\u00adny\u0148 55-nji ses\u00adsi\u00ad\u00fda\u00adsy\u00adny\u0148 bi\u00adle\u00adlik\u00adde \u00fcs\u00adt\u00fcn\u00adlik\u00adli ge\u00ad\u00e7i\u00adri\u00adlen\u00addi\u00adgi\u00adni bel\u00adle\u00addi\u00adler.<br \/>\n\u015ee\u00fd\u00adle hem ta\u00adrap\u00adlar 2023-nji \u00fdy\u00adly\u0148 13-17-nji mar\u00adtyn\u00adda We\u00adna\u00adda ge\u00ad\u00e7i\u00adri\u00adlen Ne\u00ad\u015fe se\u00adri\u015f\u00adde\u00adle\u00adri bo\u00ad\u00fdun\u00ad\u00e7a BMG-ni\u0148 Ko\u00admis\u00adsi\u00ad\u00fda\u00adsy\u00adny\u0148 66-njy ses\u00adsi\u00ad\u00fda\u00adsy\u00adny\u0148 ne\u00adti\u00adje\u00adle\u00adri\u00adni a\u00fd\u00adra\u00adtyn \u00fcns ber\u00addi\u00adler.<br \/>\nT\u00fcrk\u00adme\u00adnis\u00adtan bi\u00adlen BMG-ni\u0148 Ne\u00ad\u015fe se\u00adri\u015f\u00adde\u00adle\u00adri we je\u00adna\u00ad\u00fdat\u00ad\u00e7y\u00adlyk bo\u00ad\u00fdun\u00ad\u00e7a m\u00fc\u00addir\u00adli\u00adgi\u00adni\u0148 ara\u00adsyn\u00adda\u00adky hyz\u00admat\u00adda\u015f\u00adly\u00adgy\u0148 esa\u00adsy ugur\u00adla\u00adry\u00adny\u0148 bi\u00adri bo\u00adlup dur\u00ad\u00fdan ser\u00adhet\u00adle\u00adri ber\u00adkit\u00admek we g\u00fcm\u00adr\u00fck ul\u00adga\u00admy ugur\u00adla\u00adryn\u00adda hyz\u00admat\u00adda\u015f\u00adlyk bo\u00ad\u00fdun\u00ad\u00e7a pi\u00adkir al\u00ad\u015fyl\u00addy.<br \/>\nAdam s\u00f6w\u00adda\u00adsy bi\u00adlen bag\u00adly me\u00adse\u00adle\u00adle\u00adri mas\u00adla\u00adhat\u00adla\u015f\u00adma\u00adgy\u0148 \u00e7\u00e4k\u00adle\u00adrin\u00adde, bu ugur\u00adda\u00adky Mil\u00adli me\u00ad\u00fdil\u00adna\u00adma\u00adny\u0148 wag\u00adty\u00adny\u0148 do\u00adlan\u00addy\u00adgy bi\u00adlen bag\u00adly\u00adlyk\u00adda, 2023-2025-nji \u00fdyl\u00adlar \u00fc\u00e7in t\u00e4\u00adze me\u00ad\u00fdil\u00adna\u00adma\u00adny\u0148 i\u015f\u00adle\u00adnip d\u00fc\u00adz\u00fcl\u00adme\u00adgi tek\u00adlip edil\u00addi.<br \/>\n\u015ee\u00fd\u00adle hem du\u00ad\u015fu\u00ad\u015fy\u00adgy\u0148 \u00e7\u00e4\u00adgin\u00adde T\u00fcrk\u00adme\u00adnis\u00adtan bi\u00adlen BMG-ni\u0148 Ne\u00ad\u015fe se\u00adri\u015f\u00adde\u00adle\u00adri we je\u00adna\u00ad\u00fdat\u00ad\u00e7y\u00adlyk bo\u00ad\u00fdun\u00ad\u00e7a m\u00fc\u00addir\u00adli\u00adgi\u00adni\u0148 ara\u00adsyn\u00adda\u00adky gat\u00adna\u00ad\u015fyk\u00adla\u00adry \u00f6s\u00add\u00fcr\u00adme\u00adgi\u0148 t\u00e4\u00adze ugur\u00adla\u00adry hem-de bi\u00adle\u00adlik\u00add\u00e4\u00adki \u00e7\u00e4\u00adre\u00adle\u00adri gur\u00adna\u00adma\u00adgy\u0148 m\u00fcm\u00adkin\u00ad\u00e7i\u00adlik\u00adle\u00adri ara al\u00adnyp mas\u00adla\u00adhat\u00adla\u00ad\u015fyl\u00addy.<\/p>\n","protected":false},"excerpt":{"rendered":"<p>3-nji ap\u00adrel\u00adde T\u00fcrk\u00adme\u00adnis\u00adta\u00adny\u0148 Da\u00ad\u015fa\u00adry i\u015f\u00adler mi\u00adnist\u00adri\u00adni\u0148 orun\u00adba\u00adsa\u00adry We\u00adpa Ha\u00adji\u00ad\u00fde\u00adwi\u0148 BMG-ni\u0148 Ne\u00ad\u015fe se\u00adri\u015f\u00adde\u00adle\u00adri we je\u00adna\u00ad\u00fdat\u00ad\u00e7y\u00adlyk bo\u00ad\u00fdun\u00ad\u00e7a m\u00fc\u00addir\u00adli\u00adgi\u00adni\u0148 Sy\u00ad\u00fda\u00adsat we jem\u00adgy\u00ad\u00fdet\u00ad\u00e7i\u00adlik bi\u00adlen ara\u00adgat\u00adna\u00ad\u015fyk sel\u00adje\u00adri\u00ad\u015fi bo\u00ad\u00fdun\u00ad\u00e7a b\u00f6\u00adl\u00fc\u00admi\u0148 Di\u00adrek\u00adto\u00adry\u00adny\u0148 orun\u00adba\u00adsa\u00adry F\u00fdo\u00addor Klim\u00ad\u00e7uk we Bi\u00adle\u00adlik\u00adde ma\u00adli\u00ad\u00fde\u00adle\u015f\u00addir\u00admek we hyz\u00admat\u00adda\u015f\u00adlyk gat\u00adna\u00ad\u015fyk\u00adla\u00adry bo\u00ad\u00fdun\u00ad\u00e7a Sek\u00adsi\u00ad\u00fda\u00adsy\u00adny\u0148 ba\u015f\u00adly\u00adgy\u00adny\u0148 orun\u00adba\u00adsa\u00adry Igor Kond\u00adrat\u00ad\u00fdew bi\u00adlen du\u00ad\u015fu\u00ad\u015fy\u00adgy ge\u00ad\u00e7i\u00adril\u00addi. Du\u00ad\u015fu\u00ad\u015fy\u00adgy\u0148 bar\u00ad\u015fyn\u00adda ta\u00adrap\u00adlar T\u00fcrk\u00adme\u00adnis\u00adta\u00adny\u0148 BMG-ni\u0148 Ne\u00ad\u015fe se\u00adri\u015f\u00adde\u00adle\u00adri we je\u00adna\u00ad\u00fdat\u00ad\u00e7y\u00adlyk bo\u00ad\u00fdun\u00ad\u00e7a m\u00fc\u00addir\u00adli\u00adgi bi\u00adlen [&hellip;]<\/p>\n","protected":false},"author":2,"featured_media":75883,"comment_status":"open","ping_status":"closed","sticky":false,"template":"","format":"standard","meta":{"footnotes":""},"categories":[3],"tags":[],"acf":[],"_links":{"self":[{"href":"https:\/\/zamanturkmenistan.com.tm\/index.php?rest_route=\/wp\/v2\/posts\/75882"}],"collection":[{"href":"https:\/\/zamanturkmenistan.com.tm\/index.php?rest_route=\/wp\/v2\/posts"}],"about":[{"href":"https:\/\/zamanturkmenistan.com.tm\/index.php?rest_route=\/wp\/v2\/types\/post"}],"author":[{"embeddable":true,"href":"https:\/\/zamanturkmenistan.com.tm\/index.php?rest_route=\/wp\/v2\/users\/2"}],"replies":[{"embeddable":true,"href":"https:\/\/zamanturkmenistan.com.tm\/index.php?rest_route=%2Fwp%2Fv2%2Fcomments&post=75882"}],"version-history":[{"count":1,"href":"https:\/\/zamanturkmenistan.com.tm\/index.php?rest_route=\/wp\/v2\/posts\/75882\/revisions"}],"predecessor-version":[{"id":75884,"href":"https:\/\/zamanturkmenistan.com.tm\/index.php?rest_route=\/wp\/v2\/posts\/75882\/revisions\/75884"}],"wp:featuredmedia":[{"embeddable":true,"href":"https:\/\/zamanturkmenistan.com.tm\/index.php?rest_route=\/wp\/v2\/media\/75883"}],"wp:attachment":[{"href":"https:\/\/zamanturkmenistan.com.tm\/index.php?rest_route=%2Fwp%2Fv2%2Fmedia&parent=75882"}],"wp:term":[{"taxonomy":"category","embeddable":true,"href":"https:\/\/zamanturkmenistan.com.tm\/index.php?rest_route=%2Fwp%2Fv2%2Fcategories&post=75882"},{"taxonomy":"post_tag","embeddable":true,"href":"https:\/\/zamanturkmenistan.com.tm\/index.php?rest_route=%2Fwp%2Fv2%2Ftags&post=75882"}],"curies":[{"name":"wp","href":"https:\/\/api.w.org\/{rel}","templated":true}]}}