{"id":75885,"date":"2023-04-05T10:16:45","date_gmt":"2023-04-05T05:16:45","guid":{"rendered":"https:\/\/zamanturkmenistan.com.tm\/?p=75885"},"modified":"2023-04-05T10:16:45","modified_gmt":"2023-04-05T05:16:45","slug":"britaniyanyn-dim-inin-wekili-bilen-owganystan-meseleleri-ara-alnyp-maslahatlasyldy","status":"publish","type":"post","link":"https:\/\/zamanturkmenistan.com.tm\/?p=75885","title":{"rendered":"Britani\u00fdany\u0148 DIM-ini\u0148 wekili bilen Owganystan meseleleri ara alnyp maslahatla\u015fyldy"},"content":{"rendered":"<p>4-nji ap\u00adrel\u00adde T\u00fcrk\u00adme\u00adnis\u00adta\u00adny\u0148 Da\u00ad\u015fa\u00adry i\u015f\u00adler mi\u00adnist\u00adri\u00adni\u0148 orun\u00adba\u00adsa\u00adry We\u00adpa Ha\u00adji\u00ad\u00fde\u00adwi\u0148 we Be\u00ad\u00fdik Bri\u00adta\u00adni\u00ad\u00fda\u00adny\u0148 Da\u00ad\u015fa\u00adry i\u015f\u00adler, Ar\u00adka\u00adla\u00ad\u015fy\u00adgy\u0148 i\u015f\u00adle\u00adri we \u00f6s\u00fc\u015f bo\u00ad\u00fdun\u00ad\u00e7a mi\u00adnistr\u00adli\u00adgi\u00adni\u0148 Ow\u00adga\u00adnys\u00adtan we Pa\u00adkis\u00adtan bo\u00ad\u00fdun\u00ad\u00e7a de\u00adpar\u00adta\u00admen\u00adti\u00adni\u0148 di\u00adrek\u00adto\u00adry, Ow\u00adga\u00adnys\u00adtan bo\u00ad\u00fdun\u00ad\u00e7a \u00fd\u00f6\u00adri\u00adte we\u00adki\u00adli Endr\u00ad\u00fdu Mak\u00adKub\u00adri\u00adni\u0148 ara\u00adsyn\u00adda wi\u00addeoa\u00adra\u00adgat\u00adna\u00ad\u015fyk ar\u00adka\u00adly gep\u00adle\u00ad\u015fi\u00adgi ge\u00ad\u00e7i\u00adril\u00addi.<br \/>\nDu\u00ad\u015fu\u00ad\u015fy\u00adgy\u0148 bar\u00ad\u015fyn\u00adda ta\u00adrap\u00adlar ow\u00adgan me\u00adse\u00adle\u00adsi bo\u00ad\u00fdun\u00ad\u00e7a hyz\u00admat\u00adda\u015f\u00adly\u00adgy\u0148 ugur\u00adla\u00adry\u00adny\u0148 gi\u0148 top\u00adlu\u00admy\u00adna se\u00adre\u00addip ge\u00e7\u00addi\u00adler.<br \/>\nBu se\u00adbit\u00add\u00e4\u00adki \u00fdag\u00adda\u00fd\u00adlar bi\u00adlen bag\u00adly yn\u00adsan\u00adper\u00adwer h\u00e4\u00adsi\u00ad\u00fdet\u00adli me\u00adse\u00adle\u00adle\u00adri\u00adne a\u00fd\u00adra\u00adtyn \u00e4h\u00admi\u00ad\u00fdet be\u00adril\u00addi.<\/p>\n","protected":false},"excerpt":{"rendered":"<p>4-nji ap\u00adrel\u00adde T\u00fcrk\u00adme\u00adnis\u00adta\u00adny\u0148 Da\u00ad\u015fa\u00adry i\u015f\u00adler mi\u00adnist\u00adri\u00adni\u0148 orun\u00adba\u00adsa\u00adry We\u00adpa Ha\u00adji\u00ad\u00fde\u00adwi\u0148 we Be\u00ad\u00fdik Bri\u00adta\u00adni\u00ad\u00fda\u00adny\u0148 Da\u00ad\u015fa\u00adry i\u015f\u00adler, Ar\u00adka\u00adla\u00ad\u015fy\u00adgy\u0148 i\u015f\u00adle\u00adri we \u00f6s\u00fc\u015f bo\u00ad\u00fdun\u00ad\u00e7a mi\u00adnistr\u00adli\u00adgi\u00adni\u0148 Ow\u00adga\u00adnys\u00adtan we Pa\u00adkis\u00adtan bo\u00ad\u00fdun\u00ad\u00e7a de\u00adpar\u00adta\u00admen\u00adti\u00adni\u0148 di\u00adrek\u00adto\u00adry, Ow\u00adga\u00adnys\u00adtan bo\u00ad\u00fdun\u00ad\u00e7a \u00fd\u00f6\u00adri\u00adte we\u00adki\u00adli Endr\u00ad\u00fdu Mak\u00adKub\u00adri\u00adni\u0148 ara\u00adsyn\u00adda wi\u00addeoa\u00adra\u00adgat\u00adna\u00ad\u015fyk ar\u00adka\u00adly gep\u00adle\u00ad\u015fi\u00adgi ge\u00ad\u00e7i\u00adril\u00addi. Du\u00ad\u015fu\u00ad\u015fy\u00adgy\u0148 bar\u00ad\u015fyn\u00adda ta\u00adrap\u00adlar ow\u00adgan me\u00adse\u00adle\u00adsi bo\u00ad\u00fdun\u00ad\u00e7a hyz\u00admat\u00adda\u015f\u00adly\u00adgy\u0148 ugur\u00adla\u00adry\u00adny\u0148 gi\u0148 top\u00adlu\u00admy\u00adna se\u00adre\u00addip ge\u00e7\u00addi\u00adler. Bu se\u00adbit\u00add\u00e4\u00adki \u00fdag\u00adda\u00fd\u00adlar bi\u00adlen bag\u00adly yn\u00adsan\u00adper\u00adwer [&hellip;]<\/p>\n","protected":false},"author":2,"featured_media":75886,"comment_status":"open","ping_status":"closed","sticky":false,"template":"","format":"standard","meta":{"footnotes":""},"categories":[3],"tags":[],"acf":[],"_links":{"self":[{"href":"https:\/\/zamanturkmenistan.com.tm\/index.php?rest_route=\/wp\/v2\/posts\/75885"}],"collection":[{"href":"https:\/\/zamanturkmenistan.com.tm\/index.php?rest_route=\/wp\/v2\/posts"}],"about":[{"href":"https:\/\/zamanturkmenistan.com.tm\/index.php?rest_route=\/wp\/v2\/types\/post"}],"author":[{"embeddable":true,"href":"https:\/\/zamanturkmenistan.com.tm\/index.php?rest_route=\/wp\/v2\/users\/2"}],"replies":[{"embeddable":true,"href":"https:\/\/zamanturkmenistan.com.tm\/index.php?rest_route=%2Fwp%2Fv2%2Fcomments&post=75885"}],"version-history":[{"count":1,"href":"https:\/\/zamanturkmenistan.com.tm\/index.php?rest_route=\/wp\/v2\/posts\/75885\/revisions"}],"predecessor-version":[{"id":75887,"href":"https:\/\/zamanturkmenistan.com.tm\/index.php?rest_route=\/wp\/v2\/posts\/75885\/revisions\/75887"}],"wp:featuredmedia":[{"embeddable":true,"href":"https:\/\/zamanturkmenistan.com.tm\/index.php?rest_route=\/wp\/v2\/media\/75886"}],"wp:attachment":[{"href":"https:\/\/zamanturkmenistan.com.tm\/index.php?rest_route=%2Fwp%2Fv2%2Fmedia&parent=75885"}],"wp:term":[{"taxonomy":"category","embeddable":true,"href":"https:\/\/zamanturkmenistan.com.tm\/index.php?rest_route=%2Fwp%2Fv2%2Fcategories&post=75885"},{"taxonomy":"post_tag","embeddable":true,"href":"https:\/\/zamanturkmenistan.com.tm\/index.php?rest_route=%2Fwp%2Fv2%2Ftags&post=75885"}],"curies":[{"name":"wp","href":"https:\/\/api.w.org\/{rel}","templated":true}]}}