{"id":75908,"date":"2023-04-05T11:06:27","date_gmt":"2023-04-05T06:06:27","guid":{"rendered":"https:\/\/zamanturkmenistan.com.tm\/?p=75908"},"modified":"2023-04-05T11:06:27","modified_gmt":"2023-04-05T06:06:27","slug":"nebitin-cykarylysyny-azaldar","status":"publish","type":"post","link":"https:\/\/zamanturkmenistan.com.tm\/?p=75908","title":{"rendered":"Nebiti\u0148 \u00e7ykaryly\u015fyny azaldar"},"content":{"rendered":"<p>Bir\u00adle\u00ad\u015fen Arap Emir\u00adlik\u00adle\u00adri\u00adni\u0148, Rus\u00adsi\u00ad\u00fda\u00adny\u0148, Sa\u00adud Ara\u00adbys\u00adta\u00adny\u00adny\u0148 we Ga\u00adza\u00adgys\u00adta\u00adny\u0148 \u015fu \u00fdy\u00adly\u0148 a\u00fda\u00adgyn\u00adda ne\u00adbi\u00adti\u0148 \u00e7y\u00adka\u00adry\u00adly\u00ad\u015fy\u00adny azalt\u00admak me\u00ad\u00fdil\u00adna\u00adma\u00adla\u00adry ba\u00adra\u00adda ha\u00adba\u00adry\u0148 yzy\u00ads\u00fc\u00adre Kuwe\u00fdt, Oman hem-de Yrak \u201cga\u00adra al\u00adty\u00adny\u0148\u201d ga\u00adzy\u00adlyp alyn\u00ad\u00fdan m\u00f6\u00e7\u00adber\u00adle\u00adri\u00adni azalt\u00admak\u00ad\u00e7y\u00addy\u00adgy\u00adny yg\u00adlan et\u00addi\u00adler.<\/p>\n","protected":false},"excerpt":{"rendered":"<p>Bir\u00adle\u00ad\u015fen Arap Emir\u00adlik\u00adle\u00adri\u00adni\u0148, Rus\u00adsi\u00ad\u00fda\u00adny\u0148, Sa\u00adud Ara\u00adbys\u00adta\u00adny\u00adny\u0148 we Ga\u00adza\u00adgys\u00adta\u00adny\u0148 \u015fu \u00fdy\u00adly\u0148 a\u00fda\u00adgyn\u00adda ne\u00adbi\u00adti\u0148 \u00e7y\u00adka\u00adry\u00adly\u00ad\u015fy\u00adny azalt\u00admak me\u00ad\u00fdil\u00adna\u00adma\u00adla\u00adry ba\u00adra\u00adda ha\u00adba\u00adry\u0148 yzy\u00ads\u00fc\u00adre Kuwe\u00fdt, Oman hem-de Yrak \u201cga\u00adra al\u00adty\u00adny\u0148\u201d ga\u00adzy\u00adlyp alyn\u00ad\u00fdan m\u00f6\u00e7\u00adber\u00adle\u00adri\u00adni azalt\u00admak\u00ad\u00e7y\u00addy\u00adgy\u00adny yg\u00adlan et\u00addi\u00adler.<\/p>\n","protected":false},"author":2,"featured_media":41179,"comment_status":"open","ping_status":"closed","sticky":false,"template":"","format":"standard","meta":{"footnotes":""},"categories":[5],"tags":[],"acf":[],"_links":{"self":[{"href":"https:\/\/zamanturkmenistan.com.tm\/index.php?rest_route=\/wp\/v2\/posts\/75908"}],"collection":[{"href":"https:\/\/zamanturkmenistan.com.tm\/index.php?rest_route=\/wp\/v2\/posts"}],"about":[{"href":"https:\/\/zamanturkmenistan.com.tm\/index.php?rest_route=\/wp\/v2\/types\/post"}],"author":[{"embeddable":true,"href":"https:\/\/zamanturkmenistan.com.tm\/index.php?rest_route=\/wp\/v2\/users\/2"}],"replies":[{"embeddable":true,"href":"https:\/\/zamanturkmenistan.com.tm\/index.php?rest_route=%2Fwp%2Fv2%2Fcomments&post=75908"}],"version-history":[{"count":1,"href":"https:\/\/zamanturkmenistan.com.tm\/index.php?rest_route=\/wp\/v2\/posts\/75908\/revisions"}],"predecessor-version":[{"id":75909,"href":"https:\/\/zamanturkmenistan.com.tm\/index.php?rest_route=\/wp\/v2\/posts\/75908\/revisions\/75909"}],"wp:featuredmedia":[{"embeddable":true,"href":"https:\/\/zamanturkmenistan.com.tm\/index.php?rest_route=\/wp\/v2\/media\/41179"}],"wp:attachment":[{"href":"https:\/\/zamanturkmenistan.com.tm\/index.php?rest_route=%2Fwp%2Fv2%2Fmedia&parent=75908"}],"wp:term":[{"taxonomy":"category","embeddable":true,"href":"https:\/\/zamanturkmenistan.com.tm\/index.php?rest_route=%2Fwp%2Fv2%2Fcategories&post=75908"},{"taxonomy":"post_tag","embeddable":true,"href":"https:\/\/zamanturkmenistan.com.tm\/index.php?rest_route=%2Fwp%2Fv2%2Ftags&post=75908"}],"curies":[{"name":"wp","href":"https:\/\/api.w.org\/{rel}","templated":true}]}}