{"id":75919,"date":"2023-04-05T14:35:49","date_gmt":"2023-04-05T09:35:49","guid":{"rendered":"https:\/\/zamanturkmenistan.com.tm\/?p=75919"},"modified":"2023-04-06T08:55:09","modified_gmt":"2023-04-06T03:55:09","slug":"8-kilometr-cunlukda-balyk-awlandy","status":"publish","type":"post","link":"https:\/\/zamanturkmenistan.com.tm\/?p=75919","title":{"rendered":"8 kilometr \u00e7u\u0148lukda balyk awlandy"},"content":{"rendered":"<p>M\u00e4\u00adlim bol\u00ad\u015fy \u00fda\u00adly de\u00ad\u0148iz\u00addir um\u00adman\u00adlar\u00adda n\u00e4\u00ad\u00e7e a\u015fak gi\u00addil\u00addi\u00adgi\u00ad\u00e7e, ba\u00adsy\u015f \u015fon\u00ad\u00e7a-da art\u00ad\u00fdar. \u015ee\u00fd\u00adle bo\u00adlan\u00adso\u0148, su\u00adwu\u0148 bel\u00adli bir de\u00adre\u00adje a\u015fa\u00adgy\u00adna \u00e7\u00fcm\u00admek a\u0148\u00adsat bol\u00adma\u00ad\u00fdar. Tok\u00ad\u00fdo hem-de G\u00fcn\u00adba\u00adtar Awst\u00adra\u00adli\u00ad\u00fda uni\u00adwer\u00adsi\u00adtet\u00adle\u00adri\u00adni\u0148 h\u00fc\u00adn\u00e4r\u00admen\u00adle\u00adri de\u0148\u00adzi\u0148 i\u0148 \u00e7u\u0148 \u00fde\u00adrin\u00adde ba\u00adlyk tut\u00addu\u00adlar. G\u00fc\u00adn\u00fc\u0148 d\u00fc\u015f\u00adme\u00ad\u00fd\u00e4n \u00e7u\u0148\u00adlu\u00adgyn\u00adda \u00fda\u00ad\u015fa\u00ad\u00fdan ba\u00adlyk \u00ddu\u00adwa\u015f um\u00adman\u00adda\u00adky Izu-Oga\u00adsa\u00adwa\u00adra \u00e7\u00f6\u00adket\u00adli\u00adgin\u00adde tu\u00adtul\u00addy. H\u00fc\u00adn\u00e4r\u00admen\u00adler ba\u00adly\u00adgy tut\u00admak \u00fc\u00e7in 8 m\u00fc\u0148 22 metr \u00e7u\u0148\u00adluk\u00adda du\u00adzak gur\u00addu\u00adlar. \u015ee\u00fd\u00adle\u00adlik\u00adde, re\u00adkord \u00e7u\u0148\u00adluk\u00adda\u00adky ba\u00adlyk tut\u00admak i\u015fi ha\u00adsa\u00adba alyn\u00addy.<br \/>\n\u015ee\u00fd\u00adle hem h\u00fc\u00adn\u00e4r\u00admen\u00adler 8 m\u00fc\u0148 336 metr \u00e7u\u0148\u00adluk\u00adda \u00fd\u00fcz\u00ad\u00fd\u00e4n ba\u00adlyk\u00adla\u00adry\u00adny \u00fdaz\u00adga al\u00addy\u00adlar. Bu yl\u00admy bar\u00adla\u00adga gat\u00adna\u00ad\u015fan pro\u00adfes\u00adsor Alan Jam\u00ad\u00fde\u00adson su\u00adwa \u00e7\u00fcm\u00add\u00fc\u00adri\u00adlen ka\u00adme\u00adra\u00adlar bi\u00adlen 10 sa\u00adgat ara\u00adbag\u00adla\u00adny\u00ad\u015fy\u00adgy\u0148 bol\u00adman\u00addy\u00adgy\u00adny, \u015fol se\u00adb\u00e4p\u00adli n\u00e4\u00adm\u00e4\u00adni \u00fdaz\u00adga alan\u00addyk\u00adla\u00adry\u00adny bil\u00adm\u00e4n\u00addik\u00adle\u00adri\u00adni bel\u00adl\u00e4p, k\u00f6p san\u00adly de\u00ad\u0148iz jan\u00adda\u00adry\u00adny\u0148 \u00fdo\u00adka\u00adry hil\u00adli su\u00adra\u00adty\u00adny alan\u00addyk\u00adla\u00adry\u00adny a\u00fdd\u00ad\u00fdar.<br \/>\nI\u0148 \u00e7u\u0148 \u00fder\u00adde ba\u00adlyk tut\u00admak\u00adda\u00adky ozal\u00adky re\u00adkord hem \u00ddu\u00adwa\u015f um\u00adma\u00adnyn\u00adda\u00adky Ma\u00adria\u00adna \u00e7\u00f6\u00adket\u00adli\u00adgin\u00adde ha\u00adsa\u00adba al\u00adnyp\u00addyr. T\u00e4\u00adze re\u00adkord ozal\u00adky\u00addan 158 metr \u00e7u\u0148\u00adluk\u00adda ama\u00adla a\u015fy\u00adry\u00adlyp\u00addyr.<\/p>\n","protected":false},"excerpt":{"rendered":"<p>M\u00e4\u00adlim bol\u00ad\u015fy \u00fda\u00adly de\u00ad\u0148iz\u00addir um\u00adman\u00adlar\u00adda n\u00e4\u00ad\u00e7e a\u015fak gi\u00addil\u00addi\u00adgi\u00ad\u00e7e, ba\u00adsy\u015f \u015fon\u00ad\u00e7a-da art\u00ad\u00fdar. \u015ee\u00fd\u00adle bo\u00adlan\u00adso\u0148, su\u00adwu\u0148 bel\u00adli bir de\u00adre\u00adje a\u015fa\u00adgy\u00adna \u00e7\u00fcm\u00admek a\u0148\u00adsat bol\u00adma\u00ad\u00fdar. Tok\u00ad\u00fdo hem-de G\u00fcn\u00adba\u00adtar Awst\u00adra\u00adli\u00ad\u00fda uni\u00adwer\u00adsi\u00adtet\u00adle\u00adri\u00adni\u0148 h\u00fc\u00adn\u00e4r\u00admen\u00adle\u00adri de\u0148\u00adzi\u0148 i\u0148 \u00e7u\u0148 \u00fde\u00adrin\u00adde ba\u00adlyk tut\u00addu\u00adlar. G\u00fc\u00adn\u00fc\u0148 d\u00fc\u015f\u00adme\u00ad\u00fd\u00e4n \u00e7u\u0148\u00adlu\u00adgyn\u00adda \u00fda\u00ad\u015fa\u00ad\u00fdan ba\u00adlyk \u00ddu\u00adwa\u015f um\u00adman\u00adda\u00adky Izu-Oga\u00adsa\u00adwa\u00adra \u00e7\u00f6\u00adket\u00adli\u00adgin\u00adde tu\u00adtul\u00addy. H\u00fc\u00adn\u00e4r\u00admen\u00adler ba\u00adly\u00adgy tut\u00admak \u00fc\u00e7in 8 m\u00fc\u0148 22 metr \u00e7u\u0148\u00adluk\u00adda du\u00adzak gur\u00addu\u00adlar. \u015ee\u00fd\u00adle\u00adlik\u00adde, [&hellip;]<\/p>\n","protected":false},"author":2,"featured_media":75920,"comment_status":"open","ping_status":"closed","sticky":false,"template":"","format":"standard","meta":{"footnotes":""},"categories":[5],"tags":[],"acf":[],"_links":{"self":[{"href":"https:\/\/zamanturkmenistan.com.tm\/index.php?rest_route=\/wp\/v2\/posts\/75919"}],"collection":[{"href":"https:\/\/zamanturkmenistan.com.tm\/index.php?rest_route=\/wp\/v2\/posts"}],"about":[{"href":"https:\/\/zamanturkmenistan.com.tm\/index.php?rest_route=\/wp\/v2\/types\/post"}],"author":[{"embeddable":true,"href":"https:\/\/zamanturkmenistan.com.tm\/index.php?rest_route=\/wp\/v2\/users\/2"}],"replies":[{"embeddable":true,"href":"https:\/\/zamanturkmenistan.com.tm\/index.php?rest_route=%2Fwp%2Fv2%2Fcomments&post=75919"}],"version-history":[{"count":2,"href":"https:\/\/zamanturkmenistan.com.tm\/index.php?rest_route=\/wp\/v2\/posts\/75919\/revisions"}],"predecessor-version":[{"id":75973,"href":"https:\/\/zamanturkmenistan.com.tm\/index.php?rest_route=\/wp\/v2\/posts\/75919\/revisions\/75973"}],"wp:featuredmedia":[{"embeddable":true,"href":"https:\/\/zamanturkmenistan.com.tm\/index.php?rest_route=\/wp\/v2\/media\/75920"}],"wp:attachment":[{"href":"https:\/\/zamanturkmenistan.com.tm\/index.php?rest_route=%2Fwp%2Fv2%2Fmedia&parent=75919"}],"wp:term":[{"taxonomy":"category","embeddable":true,"href":"https:\/\/zamanturkmenistan.com.tm\/index.php?rest_route=%2Fwp%2Fv2%2Fcategories&post=75919"},{"taxonomy":"post_tag","embeddable":true,"href":"https:\/\/zamanturkmenistan.com.tm\/index.php?rest_route=%2Fwp%2Fv2%2Ftags&post=75919"}],"curies":[{"name":"wp","href":"https:\/\/api.w.org\/{rel}","templated":true}]}}