{"id":75922,"date":"2023-04-05T14:36:39","date_gmt":"2023-04-05T09:36:39","guid":{"rendered":"https:\/\/zamanturkmenistan.com.tm\/?p=75922"},"modified":"2023-04-05T14:36:39","modified_gmt":"2023-04-05T09:36:39","slug":"iyilyan-mor-mojeklerin-festiwaly-gecirildi","status":"publish","type":"post","link":"https:\/\/zamanturkmenistan.com.tm\/?p=75922","title":{"rendered":"I\u00fdil\u00fd\u00e4n m\u00f6r-m\u00f6jekleri\u0148 festiwaly ge\u00e7irildi"},"content":{"rendered":"<p>Mek\u00adsi\u00adka\u00adny\u0148 pa\u00fd\u00adtag\u00adty Mek\u00adsi\u00adko\u00adda I\u00fdil\u00ad\u00fd\u00e4n m\u00f6r-m\u00f6\u00adjek\u00adle\u00adri\u0148 fes\u00adti\u00adwa\u00adly ge\u00ad\u00e7i\u00adril\u00addi. \u201cBicho\u00adpo\u00adlis\u201d gast\u00adro\u00adno\u00admi\u00ad\u00fda fes\u00adti\u00adwa\u00adly\u00adny\u0148 \u00e7\u00e4\u00adgin\u00adde m\u00f6r-m\u00f6\u00adjek\u00adle\u00adri\u0148 37 g\u00f6r\u00adn\u00fc\u00ad\u015fi da\u00addyp g\u00f6r\u00admek is\u00adle\u00ad\u00fd\u00e4n gat\u00adna\u00ad\u015fy\u00adjy\u00adla\u00adra h\u00f6\u00add\u00fcr\u00adlen\u00addi. Fes\u00adti\u00adwa\u00adly gu\u00adra\u00fd\u00adjy\u00adlar m\u00f6r-m\u00f6\u00adjek\u00adle\u00adri\u0148 pro\u00adte\u00adin, wi\u00adta\u00admin we mi\u00adne\u00adral mad\u00adda\u00adlar ba\u00adbat\u00adda ba\u00fd\u00addy\u00adgy\u00adna \u00fcn\u00adsi \u00e7e\u00adkip, bu i\u00fd\u00admit \u00e7e\u015f\u00adme\u00adle\u00adri\u00adni\u0148 da\u015f\u00adky gur\u00ad\u015faw \u00fc\u00e7in has pe\u00fd\u00adda\u00adly\u00addy\u00adgy\u00adny bel\u00adle\u00ad\u00fd\u00e4r.<br \/>\n1-3-ap\u00adrel ara\u00adly\u00adgyn\u00adda ge\u00ad\u00e7i\u00adri\u00adlen fes\u00adti\u00adwal m\u00f6r-m\u00f6\u00adjek\u00adle\u00adri\u0148 na\u00adhar me\u00adde\u00adni\u00ad\u00fde\u00adti\u00adni\u0148 bir b\u00f6\u00adle\u00adgi h\u00f6k\u00adm\u00fcn\u00adde ta\u00adny\u015f\u00addyr\u00adma\u00adgy mak\u00adsat edin\u00ad\u00fd\u00e4r.<br \/>\nFes\u00adti\u00adwal\u00adda mek\u00adsi\u00adka we d\u00fcn\u00ad\u00fd\u00e4 a\u015f\u00adha\u00adna\u00adsyn\u00addan m\u00f6r-m\u00f6\u00adjek\u00adler\u00adden ta\u00fd\u00ad\u00fdar\u00adla\u00adnan d\u00fcr\u00adli ta\u00adgam\u00adlar h\u00f6\u00add\u00fcr\u00adlen\u00addi. Ola\u00adry\u0148 ara\u00adsyn\u00adda \u00e7e\u00adkirt\u00adge, i\u00e7\u00ad\u00fd\u00e4n, gur\u00ad\u00e7uk\u00adlar we sa\u00ad\u00e7ak\u00ad\u00e7y \u00fda\u00adly 37 m\u00f6r-m\u00f6\u00adjek bar.<br \/>\n\u00c7\u00e4\u00adr\u00e4\u00adni gu\u00adra\u00fd\u00adjy\u00adlar m\u00f6r-m\u00f6\u00adjek\u00adle\u00adri i\u00fd\u00admit h\u00f6k\u00adm\u00fcn\u00adde pe\u00fd\u00adda\u00adlan\u00adma\u00adgy\u0148 di\u00ad\u0148e da\u015f\u00adky gur\u00ad\u015faw \u00fc\u00e7in d\u00e4l, lez\u00adzet\u00adli we sag\u00addyn pro\u00adte\u00adin \u00e7e\u015f\u00adme\u00adsi\u00addi\u00adgi\u00adni bel\u00adle\u00ad\u00fd\u00e4r\u00adler. Bu \u00fde\u00adre ge\u00adlen\u00adle\u00adre m\u00f6r-m\u00f6\u00adjek\u00adler\u00adden na\u00adhar ta\u00fd\u00ad\u00fdar\u00adla\u00adma\u00adgy\u0148 usul\u00adla\u00adry hem g\u00f6r\u00adke\u00adzil\u00addi.<\/p>\n","protected":false},"excerpt":{"rendered":"<p>Mek\u00adsi\u00adka\u00adny\u0148 pa\u00fd\u00adtag\u00adty Mek\u00adsi\u00adko\u00adda I\u00fdil\u00ad\u00fd\u00e4n m\u00f6r-m\u00f6\u00adjek\u00adle\u00adri\u0148 fes\u00adti\u00adwa\u00adly ge\u00ad\u00e7i\u00adril\u00addi. \u201cBicho\u00adpo\u00adlis\u201d gast\u00adro\u00adno\u00admi\u00ad\u00fda fes\u00adti\u00adwa\u00adly\u00adny\u0148 \u00e7\u00e4\u00adgin\u00adde m\u00f6r-m\u00f6\u00adjek\u00adle\u00adri\u0148 37 g\u00f6r\u00adn\u00fc\u00ad\u015fi da\u00addyp g\u00f6r\u00admek is\u00adle\u00ad\u00fd\u00e4n gat\u00adna\u00ad\u015fy\u00adjy\u00adla\u00adra h\u00f6\u00add\u00fcr\u00adlen\u00addi. Fes\u00adti\u00adwa\u00adly gu\u00adra\u00fd\u00adjy\u00adlar m\u00f6r-m\u00f6\u00adjek\u00adle\u00adri\u0148 pro\u00adte\u00adin, wi\u00adta\u00admin we mi\u00adne\u00adral mad\u00adda\u00adlar ba\u00adbat\u00adda ba\u00fd\u00addy\u00adgy\u00adna \u00fcn\u00adsi \u00e7e\u00adkip, bu i\u00fd\u00admit \u00e7e\u015f\u00adme\u00adle\u00adri\u00adni\u0148 da\u015f\u00adky gur\u00ad\u015faw \u00fc\u00e7in has pe\u00fd\u00adda\u00adly\u00addy\u00adgy\u00adny bel\u00adle\u00ad\u00fd\u00e4r. 1-3-ap\u00adrel ara\u00adly\u00adgyn\u00adda ge\u00ad\u00e7i\u00adri\u00adlen fes\u00adti\u00adwal m\u00f6r-m\u00f6\u00adjek\u00adle\u00adri\u0148 na\u00adhar me\u00adde\u00adni\u00ad\u00fde\u00adti\u00adni\u0148 bir b\u00f6\u00adle\u00adgi h\u00f6k\u00adm\u00fcn\u00adde ta\u00adny\u015f\u00addyr\u00adma\u00adgy mak\u00adsat edin\u00ad\u00fd\u00e4r. Fes\u00adti\u00adwal\u00adda mek\u00adsi\u00adka [&hellip;]<\/p>\n","protected":false},"author":2,"featured_media":75923,"comment_status":"open","ping_status":"closed","sticky":false,"template":"","format":"standard","meta":{"footnotes":""},"categories":[5],"tags":[],"acf":[],"_links":{"self":[{"href":"https:\/\/zamanturkmenistan.com.tm\/index.php?rest_route=\/wp\/v2\/posts\/75922"}],"collection":[{"href":"https:\/\/zamanturkmenistan.com.tm\/index.php?rest_route=\/wp\/v2\/posts"}],"about":[{"href":"https:\/\/zamanturkmenistan.com.tm\/index.php?rest_route=\/wp\/v2\/types\/post"}],"author":[{"embeddable":true,"href":"https:\/\/zamanturkmenistan.com.tm\/index.php?rest_route=\/wp\/v2\/users\/2"}],"replies":[{"embeddable":true,"href":"https:\/\/zamanturkmenistan.com.tm\/index.php?rest_route=%2Fwp%2Fv2%2Fcomments&post=75922"}],"version-history":[{"count":1,"href":"https:\/\/zamanturkmenistan.com.tm\/index.php?rest_route=\/wp\/v2\/posts\/75922\/revisions"}],"predecessor-version":[{"id":75924,"href":"https:\/\/zamanturkmenistan.com.tm\/index.php?rest_route=\/wp\/v2\/posts\/75922\/revisions\/75924"}],"wp:featuredmedia":[{"embeddable":true,"href":"https:\/\/zamanturkmenistan.com.tm\/index.php?rest_route=\/wp\/v2\/media\/75923"}],"wp:attachment":[{"href":"https:\/\/zamanturkmenistan.com.tm\/index.php?rest_route=%2Fwp%2Fv2%2Fmedia&parent=75922"}],"wp:term":[{"taxonomy":"category","embeddable":true,"href":"https:\/\/zamanturkmenistan.com.tm\/index.php?rest_route=%2Fwp%2Fv2%2Fcategories&post=75922"},{"taxonomy":"post_tag","embeddable":true,"href":"https:\/\/zamanturkmenistan.com.tm\/index.php?rest_route=%2Fwp%2Fv2%2Ftags&post=75922"}],"curies":[{"name":"wp","href":"https:\/\/api.w.org\/{rel}","templated":true}]}}