{"id":75980,"date":"2023-04-05T10:11:56","date_gmt":"2023-04-05T05:11:56","guid":{"rendered":"https:\/\/zamanturkmenistan.com.tm\/?p=75980"},"modified":"2023-04-06T11:14:07","modified_gmt":"2023-04-06T06:14:07","slug":"koytendag-turkmen-tebigatynyn-tasinliklere-bay-bolan-ajayyp-kunjegidir-atly-care-gecirildi","status":"publish","type":"post","link":"https:\/\/zamanturkmenistan.com.tm\/?p=75980","title":{"rendered":"\u201cK\u00f6\u00fdtendag \u2013 t\u00fcrkmen tebigatyny\u0148 t\u00e4sinliklere ba\u00fd bolan aja\u00fdyp k\u00fcnjegidir\u201d atly \u00e7\u00e4re ge\u00e7irildi"},"content":{"rendered":"<p>Gola\u00fdda T\u00fcrkmenistany\u0148 Tebigaty goramak jemgy\u00fdetini\u0148 h\u00fcn\u00e4rmenleri \u201cT\u00fcrkmenistan \u2013 \u00ddUNESKO Di\u00fdardan \u00fda\u00fdran \u00fdollar\u201d atly \u015fygar astynda Di\u00fdarymyzy\u0148 t\u00e4sinliklere ba\u00fd aja\u00fdyp k\u00fcnjeklerini gi\u0148den \u00f6wrenmek hem-de \u015fol g\u00f6zellikleri gelejekki nesillere \u00fdetirmek maksady bilen tebigy we taryhy \u00fdadyg\u00e4rlikleri\u0148 \u00ddUNESKO-ny\u0148 B\u00fctind\u00fcn\u00fd\u00e4 mirasyny\u0148 sanawyna girizilmegi ugrunda alnyp baryl\u00fdan i\u015fler dogrusynda \u201cK\u00f6\u00fdtendag \u2013 t\u00fcrkmen tebigatyny\u0148 t\u00e4sinliklere ba\u00fd bolan aja\u00fdyp k\u00fcnjegidir\u201d ady bilen T\u00fcrkmenistany\u0148 Agrar parti\u00fdasyny\u0148 Lebap wela\u00fdat T\u00fcrkmenabat \u015f\u00e4her komitetini\u0148 i\u015fg\u00e4rlerini\u0148, agzalaryny\u0148, ga\u00fdry myhmanlary\u0148 gatna\u015fmaklarynda amaly okuw maslahatyny ge\u00e7irdi. Amaly okuw maslahatyny\u0148 ba\u015fynda K\u00f6\u00fdtendagy\u0148 t\u00e4sinliklerini, Dinozawrlary\u0148 a\u00fdak yzlaryny, Kyrkgyzy\u0148 sudurlaryny T\u00fcrkmenistany\u0148 Gyzyl kitabyna girizilen d\u00fcn\u00fd\u00e4de \u00fdeke-t\u00e4k K\u00f6\u00fdtendagy\u0148 \u00fderasty k\u00f6l\u00fcnde mesgen tutunan k\u00f6r \u00fdala\u0148a\u00e7 balyklaryny, jana \u015fypaly Ga\u00fdnar baba \u00e7e\u015fmesini, T\u00fcrkmenistany\u0148 Gyzyl kitabyna girizilen Burma \u015fahly umgalary\u0148 foto suratlary \u00fderle\u015fdirilen \u00fd\u00f6rite foto albom bilen tany\u015fdyryldy. \u015ee\u00fdle-de K\u00f6\u00fdtendag g\u00f6zelliklerini, t\u00e4sinliklerini wasp ed\u00fd\u00e4n g\u00f6rkezme esbaplar g\u00f6rkezilip, okuw maslahatyna gatna\u015fyjylarda Watanymyza, t\u00fcrkmen tebigatyna \u00f6s\u00fcmlik we ha\u00fdwanat d\u00fcn\u00fd\u00e4mize bolan s\u00f6\u00fdgini has-da berkemeginde uly ruhubelent du\u00fdgularyny o\u00fdardy.<\/p>\n","protected":false},"excerpt":{"rendered":"<p>Gola\u00fdda T\u00fcrkmenistany\u0148 Tebigaty goramak jemgy\u00fdetini\u0148 h\u00fcn\u00e4rmenleri \u201cT\u00fcrkmenistan \u2013 \u00ddUNESKO Di\u00fdardan \u00fda\u00fdran \u00fdollar\u201d atly \u015fygar astynda Di\u00fdarymyzy\u0148 t\u00e4sinliklere ba\u00fd aja\u00fdyp k\u00fcnjeklerini gi\u0148den \u00f6wrenmek hem-de \u015fol g\u00f6zellikleri gelejekki nesillere \u00fdetirmek maksady bilen tebigy we taryhy \u00fdadyg\u00e4rlikleri\u0148 \u00ddUNESKO-ny\u0148 B\u00fctind\u00fcn\u00fd\u00e4 mirasyny\u0148 sanawyna girizilmegi ugrunda alnyp baryl\u00fdan i\u015fler dogrusynda \u201cK\u00f6\u00fdtendag \u2013 t\u00fcrkmen tebigatyny\u0148 t\u00e4sinliklere ba\u00fd bolan aja\u00fdyp k\u00fcnjegidir\u201d ady bilen [&hellip;]<\/p>\n","protected":false},"author":2,"featured_media":75981,"comment_status":"open","ping_status":"closed","sticky":false,"template":"","format":"standard","meta":{"footnotes":""},"categories":[5],"tags":[],"acf":[],"_links":{"self":[{"href":"https:\/\/zamanturkmenistan.com.tm\/index.php?rest_route=\/wp\/v2\/posts\/75980"}],"collection":[{"href":"https:\/\/zamanturkmenistan.com.tm\/index.php?rest_route=\/wp\/v2\/posts"}],"about":[{"href":"https:\/\/zamanturkmenistan.com.tm\/index.php?rest_route=\/wp\/v2\/types\/post"}],"author":[{"embeddable":true,"href":"https:\/\/zamanturkmenistan.com.tm\/index.php?rest_route=\/wp\/v2\/users\/2"}],"replies":[{"embeddable":true,"href":"https:\/\/zamanturkmenistan.com.tm\/index.php?rest_route=%2Fwp%2Fv2%2Fcomments&post=75980"}],"version-history":[{"count":1,"href":"https:\/\/zamanturkmenistan.com.tm\/index.php?rest_route=\/wp\/v2\/posts\/75980\/revisions"}],"predecessor-version":[{"id":75982,"href":"https:\/\/zamanturkmenistan.com.tm\/index.php?rest_route=\/wp\/v2\/posts\/75980\/revisions\/75982"}],"wp:featuredmedia":[{"embeddable":true,"href":"https:\/\/zamanturkmenistan.com.tm\/index.php?rest_route=\/wp\/v2\/media\/75981"}],"wp:attachment":[{"href":"https:\/\/zamanturkmenistan.com.tm\/index.php?rest_route=%2Fwp%2Fv2%2Fmedia&parent=75980"}],"wp:term":[{"taxonomy":"category","embeddable":true,"href":"https:\/\/zamanturkmenistan.com.tm\/index.php?rest_route=%2Fwp%2Fv2%2Fcategories&post=75980"},{"taxonomy":"post_tag","embeddable":true,"href":"https:\/\/zamanturkmenistan.com.tm\/index.php?rest_route=%2Fwp%2Fv2%2Ftags&post=75980"}],"curies":[{"name":"wp","href":"https:\/\/api.w.org\/{rel}","templated":true}]}}