{"id":76054,"date":"2023-04-07T11:37:29","date_gmt":"2023-04-07T06:37:29","guid":{"rendered":"https:\/\/zamanturkmenistan.com.tm\/?p=76054"},"modified":"2023-04-07T11:37:29","modified_gmt":"2023-04-07T06:37:29","slug":"turkmenistanyn-dasary-isler-ministri-turki-dowletlerin-guramasynyn-bas-sekretary-bilen-onlayn-dususyk-gecirdi","status":"publish","type":"post","link":"https:\/\/zamanturkmenistan.com.tm\/?p=76054","title":{"rendered":"T\u00fcrkmenistany\u0148 da\u015fary i\u015fler ministri T\u00fcrki D\u00f6wletleri\u0148 Guramasyny\u0148 Ba\u015f Sekretary bilen onla\u00fdn du\u015fu\u015fyk ge\u00e7irdi"},"content":{"rendered":"<p>6-njy ap\u00adrel\u00adde T\u00fcrk\u00adme\u00adnis\u00adta\u00adny\u0148 Mi\u00adnistr\u00adler Ka\u00adbi\u00adne\u00adti\u00adni\u0148 Ba\u015f\u00adly\u00adgy\u00adny\u0148 Orun\u00adba\u00adsa\u00adry, Da\u00ad\u015fa\u00adry i\u015f\u00adler Mi\u00adnist\u00adri Ra\u00ad\u015fid Me\u00adre\u00addo\u00adwy\u0148 T\u00fcr\u00adki D\u00f6w\u00adlet\u00adle\u00adri\u0148 Gu\u00adra\u00adma\u00adsy\u00adny\u0148 Ba\u015f sek\u00adre\u00adta\u00adry Ku\u00adba\u00adny\u00e7\u00adbek \u00d6m\u00fc\u00adra\u00adli\u00ad\u00fdew bi\u00adlen wi\u00addeoa\u00adra\u00adgat\u00adna\u00ad\u015fyk ar\u00adka\u00adly du\u00ad\u015fu\u00ad\u015fy\u00adgy ge\u00ad\u00e7i\u00adril\u00addi.<br \/>\nDu\u00ad\u015fu\u00ad\u015fy\u00adgy\u0148 do\u00adwa\u00admyn\u00adda ta\u00adrap\u00adlar T\u00fcrk\u00adme\u00adnis\u00adtan bi\u00adlen bu Gu\u00adra\u00adma\u00adny\u0148 ara\u00adsyn\u00adda d\u00fcr\u00adli ugur\u00adlar bo\u00ad\u00fdun\u00ad\u00e7a hyz\u00admat\u00adda\u015f\u00adly\u00adgy\u00adny \u00e7u\u0148\u00adla\u015f\u00addyr\u00admak me\u00adse\u00adle\u00adle\u00adri\u00adni ara alyp mas\u00adla\u00adhat\u00adla\u015f\u00addy\u00adlar.<br \/>\nT\u00fcrk\u00adme\u00adnis\u00adta\u00adny\u0148 T\u00fcr\u00adki D\u00f6w\u00adlet\u00adle\u00adri\u0148 Gu\u00adra\u00adma\u00adsy bi\u00adlen bag\u00adla\u00adny\u00ad\u015fyk\u00adly bir\u00adn\u00e4\u00ad\u00e7e hal\u00adka\u00adra d\u00fc\u00adz\u00fcm\u00adler, hu\u00adsu\u00adsan-da, Gu\u00adra\u00adma\u00adny\u0148 \u00dda\u00ad\u015fu\u00adlu\u00adlar Ge\u00ad\u0148e\u00ad\u015fi, Gu\u00adra\u00adma\u00adny\u0148 Par\u00adla\u00adment As\u00adsamb\u00adle\u00ad\u00fda\u00adsy, T\u00fcr\u00adki s\u00f6w\u00adda-se\u00adna\u00adgat eda\u00adra\u00adsy, T\u00fcr\u00adki me\u00adde\u00adni\u00ad\u00fde\u00adti\u00adni\u0148 we mi\u00adra\u00adsy\u00adny\u0148 gaz\u00adna\u00adsy bi\u00adlen hyz\u00admat\u00adda\u015f\u00adly\u00adgy\u00adny\u0148 i\u015f\u00adje\u0148\u00adle\u015f\u00addi\u00adril\u00adme\u00adgi\u00adne gy\u00adzyk\u00adlan\u00adma bil\u00addir\u00ad\u00fd\u00e4n\u00addi\u00adgi bel\u00adle\u00adnil\u00addi.<br \/>\nT\u00fcrk\u00adme\u00adnis\u00adta\u00adny\u0148 Halk Mas\u00adla\u00adha\u00adty\u00adny\u0148 Ba\u015f\u00adly\u00adgy Gurbanguly Berdimuhamedowy\u0148 gat\u00adna\u00ad\u015fan 2022-nji \u00fdy\u00adly\u0148 no\u00ad\u00fdab\u00adryn\u00adda Sa\u00admar\u00adkant\u00adda we \u015fu \u00fdy\u00adly\u0148 mar\u00adtyn\u00adda An\u00adka\u00adra\u00adda ge\u00ad\u00e7i\u00adri\u00adlen T\u00fcr\u00adki D\u00f6w\u00adlet\u00adle\u00adri\u0148 Gu\u00adra\u00adma\u00adsy\u00adny\u0148 sam\u00admit\u00adle\u00adri\u00adni\u0148 \u00e4h\u00admi\u00ad\u00fde\u00adti\u00adne a\u00fd\u00adra\u00adtyn \u00fcns be\u00adril\u00addi.<\/p>\n","protected":false},"excerpt":{"rendered":"<p>6-njy ap\u00adrel\u00adde T\u00fcrk\u00adme\u00adnis\u00adta\u00adny\u0148 Mi\u00adnistr\u00adler Ka\u00adbi\u00adne\u00adti\u00adni\u0148 Ba\u015f\u00adly\u00adgy\u00adny\u0148 Orun\u00adba\u00adsa\u00adry, Da\u00ad\u015fa\u00adry i\u015f\u00adler Mi\u00adnist\u00adri Ra\u00ad\u015fid Me\u00adre\u00addo\u00adwy\u0148 T\u00fcr\u00adki D\u00f6w\u00adlet\u00adle\u00adri\u0148 Gu\u00adra\u00adma\u00adsy\u00adny\u0148 Ba\u015f sek\u00adre\u00adta\u00adry Ku\u00adba\u00adny\u00e7\u00adbek \u00d6m\u00fc\u00adra\u00adli\u00ad\u00fdew bi\u00adlen wi\u00addeoa\u00adra\u00adgat\u00adna\u00ad\u015fyk ar\u00adka\u00adly du\u00ad\u015fu\u00ad\u015fy\u00adgy ge\u00ad\u00e7i\u00adril\u00addi. Du\u00ad\u015fu\u00ad\u015fy\u00adgy\u0148 do\u00adwa\u00admyn\u00adda ta\u00adrap\u00adlar T\u00fcrk\u00adme\u00adnis\u00adtan bi\u00adlen bu Gu\u00adra\u00adma\u00adny\u0148 ara\u00adsyn\u00adda d\u00fcr\u00adli ugur\u00adlar bo\u00ad\u00fdun\u00ad\u00e7a hyz\u00admat\u00adda\u015f\u00adly\u00adgy\u00adny \u00e7u\u0148\u00adla\u015f\u00addyr\u00admak me\u00adse\u00adle\u00adle\u00adri\u00adni ara alyp mas\u00adla\u00adhat\u00adla\u015f\u00addy\u00adlar. T\u00fcrk\u00adme\u00adnis\u00adta\u00adny\u0148 T\u00fcr\u00adki D\u00f6w\u00adlet\u00adle\u00adri\u0148 Gu\u00adra\u00adma\u00adsy bi\u00adlen bag\u00adla\u00adny\u00ad\u015fyk\u00adly bir\u00adn\u00e4\u00ad\u00e7e hal\u00adka\u00adra d\u00fc\u00adz\u00fcm\u00adler, hu\u00adsu\u00adsan-da, Gu\u00adra\u00adma\u00adny\u0148 \u00dda\u00ad\u015fu\u00adlu\u00adlar Ge\u00ad\u0148e\u00ad\u015fi, Gu\u00adra\u00adma\u00adny\u0148 [&hellip;]<\/p>\n","protected":false},"author":2,"featured_media":76056,"comment_status":"open","ping_status":"closed","sticky":false,"template":"","format":"standard","meta":{"footnotes":""},"categories":[3],"tags":[],"acf":[],"_links":{"self":[{"href":"https:\/\/zamanturkmenistan.com.tm\/index.php?rest_route=\/wp\/v2\/posts\/76054"}],"collection":[{"href":"https:\/\/zamanturkmenistan.com.tm\/index.php?rest_route=\/wp\/v2\/posts"}],"about":[{"href":"https:\/\/zamanturkmenistan.com.tm\/index.php?rest_route=\/wp\/v2\/types\/post"}],"author":[{"embeddable":true,"href":"https:\/\/zamanturkmenistan.com.tm\/index.php?rest_route=\/wp\/v2\/users\/2"}],"replies":[{"embeddable":true,"href":"https:\/\/zamanturkmenistan.com.tm\/index.php?rest_route=%2Fwp%2Fv2%2Fcomments&post=76054"}],"version-history":[{"count":1,"href":"https:\/\/zamanturkmenistan.com.tm\/index.php?rest_route=\/wp\/v2\/posts\/76054\/revisions"}],"predecessor-version":[{"id":76057,"href":"https:\/\/zamanturkmenistan.com.tm\/index.php?rest_route=\/wp\/v2\/posts\/76054\/revisions\/76057"}],"wp:featuredmedia":[{"embeddable":true,"href":"https:\/\/zamanturkmenistan.com.tm\/index.php?rest_route=\/wp\/v2\/media\/76056"}],"wp:attachment":[{"href":"https:\/\/zamanturkmenistan.com.tm\/index.php?rest_route=%2Fwp%2Fv2%2Fmedia&parent=76054"}],"wp:term":[{"taxonomy":"category","embeddable":true,"href":"https:\/\/zamanturkmenistan.com.tm\/index.php?rest_route=%2Fwp%2Fv2%2Fcategories&post=76054"},{"taxonomy":"post_tag","embeddable":true,"href":"https:\/\/zamanturkmenistan.com.tm\/index.php?rest_route=%2Fwp%2Fv2%2Ftags&post=76054"}],"curies":[{"name":"wp","href":"https:\/\/api.w.org\/{rel}","templated":true}]}}