{"id":76064,"date":"2023-04-07T12:37:26","date_gmt":"2023-04-07T07:37:26","guid":{"rendered":"https:\/\/zamanturkmenistan.com.tm\/?p=76064"},"modified":"2023-04-07T12:37:26","modified_gmt":"2023-04-07T07:37:26","slug":"global-sowdanyn-osusi-has-yokary-bolar","status":"publish","type":"post","link":"https:\/\/zamanturkmenistan.com.tm\/?p=76064","title":{"rendered":"Glo\u00adbal s\u00f6w\u00adda\u00adny\u0148 \u00f6s\u00fc\u00ad\u015fi has \u00fdo\u00adka\u00adry bo\u00adlar"},"content":{"rendered":"<p>B\u00fc\u00adtin\u00add\u00fcn\u00ad\u00fd\u00e4 S\u00f6w\u00adda Gu\u00adra\u00adma\u00adsy (BSG) 2023-nji \u00fdyl\u00adda glo\u00adbal ha\u00adryt s\u00f6w\u00adda\u00adsy\u00adny\u0148 ozal \u00e7ak edi\u00adli\u00ad\u015fin\u00adden has \u00fdo\u00adka\u00adry bol\u00adjak\u00addy\u00adgy\u00adny m\u00e4\u00adlim et\u00addi. Ap\u00adrel a\u00fdy\u00adna de\u00adgi\u015f\u00adli mag\u00adlu\u00admat\u00adda glo\u00adbal s\u00f6w\u00adda\u00adny\u0148 yk\u00addy\u00adsa\u00addy\u00ad\u00fde\u00adti\u0148 di\u00adkel\u00adme\u00adgi bi\u00adlen, ozal \u00e7ak edi\u00adli\u00ad\u015fi \u00fda\u00adly 1 g\u00f6\u00adte\u00adrim d\u00e4l-de, 1,7 g\u00f6\u00adte\u00adrim \u00f6s\u00adjek\u00addi\u00adgi bel\u00adle\u00adnil\u00addi.<br \/>\nBSG-ni\u0148 Ba\u015f di\u00adrek\u00adto\u00adry Ngo\u00adzi Okon\u00adjo-Iwea\u00adla s\u00f6w\u00adda\u00adny\u0148 glo\u00adbal yk\u00addy\u00adsa\u00addy\u00ad\u00fdet\u00adde \u00e7e\u00ad\u00fde\u00adli\u00adgi \u00fcp\u00adj\u00fcn ed\u00ad\u00fd\u00e4n g\u00fc\u00fd\u00e7\u00add\u00fc\u00adgi\u00adni a\u00fdt\u00addy. BSG-ni\u0148 ba\u015f yk\u00addy\u00adsat\u00ad\u00e7y\u00adsy Ralf Os\u00adsa bol\u00adsa, ge\u00ad\u00e7en \u00fdyl pan\u00adde\u00admi\u00ad\u00fda\u00adny\u0148 do\u00adwam ed\u00ad\u00fd\u00e4n t\u00e4\u00adsir\u00adle\u00adri\u00adni\u0148 s\u00f6w\u00adda\u00adny\u0148 we \u00f6n\u00fcm\u00ad\u00e7i\u00adli\u00adgi\u0148 \u00f6s\u00fc\u00ad\u015fi\u00adne t\u00e4\u00adsir eden\u00addi\u00adgi\u00adni, mu\u00adnu\u0148 \u00fcs\u00adt\u00fc\u00admiz\u00add\u00e4\u00adki \u00fdyl\u00adda hem do\u00adwam et\u00adjek\u00addi\u00adgi\u00adni a\u00fdd\u00ad\u00fdar.<\/p>\n<p style=\"text-align: right;\"><strong>Ma\u00adral R\u00d6W\u00ad\u015eE\u00adNO\u00adWA, <\/strong><br \/>\n<strong>T\u00fcrk\u00admen d\u00f6w\u00adlet ma\u00adli\u00ad\u00fde ins\u00adti\u00adtu\u00adty\u00adny\u0148 ta\u00adly\u00adby.<\/strong><\/p>\n","protected":false},"excerpt":{"rendered":"<p>B\u00fc\u00adtin\u00add\u00fcn\u00ad\u00fd\u00e4 S\u00f6w\u00adda Gu\u00adra\u00adma\u00adsy (BSG) 2023-nji \u00fdyl\u00adda glo\u00adbal ha\u00adryt s\u00f6w\u00adda\u00adsy\u00adny\u0148 ozal \u00e7ak edi\u00adli\u00ad\u015fin\u00adden has \u00fdo\u00adka\u00adry bol\u00adjak\u00addy\u00adgy\u00adny m\u00e4\u00adlim et\u00addi. Ap\u00adrel a\u00fdy\u00adna de\u00adgi\u015f\u00adli mag\u00adlu\u00admat\u00adda glo\u00adbal s\u00f6w\u00adda\u00adny\u0148 yk\u00addy\u00adsa\u00addy\u00ad\u00fde\u00adti\u0148 di\u00adkel\u00adme\u00adgi bi\u00adlen, ozal \u00e7ak edi\u00adli\u00ad\u015fi \u00fda\u00adly 1 g\u00f6\u00adte\u00adrim d\u00e4l-de, 1,7 g\u00f6\u00adte\u00adrim \u00f6s\u00adjek\u00addi\u00adgi bel\u00adle\u00adnil\u00addi. BSG-ni\u0148 Ba\u015f di\u00adrek\u00adto\u00adry Ngo\u00adzi Okon\u00adjo-Iwea\u00adla s\u00f6w\u00adda\u00adny\u0148 glo\u00adbal yk\u00addy\u00adsa\u00addy\u00ad\u00fdet\u00adde \u00e7e\u00ad\u00fde\u00adli\u00adgi \u00fcp\u00adj\u00fcn ed\u00ad\u00fd\u00e4n g\u00fc\u00fd\u00e7\u00add\u00fc\u00adgi\u00adni a\u00fdt\u00addy. BSG-ni\u0148 ba\u015f yk\u00addy\u00adsat\u00ad\u00e7y\u00adsy Ralf Os\u00adsa [&hellip;]<\/p>\n","protected":false},"author":2,"featured_media":76066,"comment_status":"open","ping_status":"closed","sticky":false,"template":"","format":"standard","meta":{"footnotes":""},"categories":[5],"tags":[],"acf":[],"_links":{"self":[{"href":"https:\/\/zamanturkmenistan.com.tm\/index.php?rest_route=\/wp\/v2\/posts\/76064"}],"collection":[{"href":"https:\/\/zamanturkmenistan.com.tm\/index.php?rest_route=\/wp\/v2\/posts"}],"about":[{"href":"https:\/\/zamanturkmenistan.com.tm\/index.php?rest_route=\/wp\/v2\/types\/post"}],"author":[{"embeddable":true,"href":"https:\/\/zamanturkmenistan.com.tm\/index.php?rest_route=\/wp\/v2\/users\/2"}],"replies":[{"embeddable":true,"href":"https:\/\/zamanturkmenistan.com.tm\/index.php?rest_route=%2Fwp%2Fv2%2Fcomments&post=76064"}],"version-history":[{"count":1,"href":"https:\/\/zamanturkmenistan.com.tm\/index.php?rest_route=\/wp\/v2\/posts\/76064\/revisions"}],"predecessor-version":[{"id":76067,"href":"https:\/\/zamanturkmenistan.com.tm\/index.php?rest_route=\/wp\/v2\/posts\/76064\/revisions\/76067"}],"wp:featuredmedia":[{"embeddable":true,"href":"https:\/\/zamanturkmenistan.com.tm\/index.php?rest_route=\/wp\/v2\/media\/76066"}],"wp:attachment":[{"href":"https:\/\/zamanturkmenistan.com.tm\/index.php?rest_route=%2Fwp%2Fv2%2Fmedia&parent=76064"}],"wp:term":[{"taxonomy":"category","embeddable":true,"href":"https:\/\/zamanturkmenistan.com.tm\/index.php?rest_route=%2Fwp%2Fv2%2Fcategories&post=76064"},{"taxonomy":"post_tag","embeddable":true,"href":"https:\/\/zamanturkmenistan.com.tm\/index.php?rest_route=%2Fwp%2Fv2%2Ftags&post=76064"}],"curies":[{"name":"wp","href":"https:\/\/api.w.org\/{rel}","templated":true}]}}