{"id":76100,"date":"2023-04-07T16:29:52","date_gmt":"2023-04-07T11:29:52","guid":{"rendered":"https:\/\/zamanturkmenistan.com.tm\/?p=76100"},"modified":"2023-04-07T16:29:52","modified_gmt":"2023-04-07T11:29:52","slug":"akkra-2023-nji-yylyn-kitap-paytagty","status":"publish","type":"post","link":"https:\/\/zamanturkmenistan.com.tm\/?p=76100","title":{"rendered":"Akk\u00adra 2023-nji \u00fdy\u00adly\u0148 ki\u00adtap pa\u00fd\u00adtag\u00adty"},"content":{"rendered":"<p>Ga\u00adna\u00adny\u0148 pa\u00fd\u00adtag\u00adty Akk\u00adra 2023-nji \u00fdy\u00adly\u0148 B\u00fc\u00adtin\u00add\u00fcn\u00ad\u00fd\u00e4 ki\u00adtap pa\u00fd\u00adtag\u00adty di\u00fd\u00adlip yg\u00adlan edil\u00addi. \u015e\u00e4\u00adhe\u00adri\u0148 h\u00e4\u00adki\u00admi\u00ad\u00fdet\u00adle\u00adri \u00fdur\u00addu\u0148 so\u00adwat\u00adsyz\u00adlyk de\u00adre\u00adje\u00adsi \u00fdo\u00adka\u00adry bo\u00adlan d\u00fcr\u00adli to\u00adpar\u00adla\u00adra g\u00f6\u00adn\u00fck\u00addi\u00adri\u00adlen gi\u0148 ge\u00adrim\u00adli mak\u00adsat\u00adna\u00adma\u00adny \u00ddU\u00adNES\u00adKO (Bir\u00adle\u00ad\u015fen Mil\u00adlet\u00adler Gu\u00adra\u00adma\u00adsy\u00adny\u0148 Bi\u00adlim, ylym we me\u00adde\u00adni\u00ad\u00fdet me\u00adse\u00adle\u00adle\u00adri bo\u00ad\u00fdun\u00ad\u00e7a gu\u00adra\u00adma\u00adsy) h\u00f6\u00add\u00fcr\u00adle\u00addi. Mak\u00adsat\u00adna\u00adma, esa\u00adsan, mek\u00addep we jem\u00adgy\u00ad\u00fdet\u00ad\u00e7i\u00adlik inf\u00adrast\u00adruk\u00adtu\u00adra\u00adsy\u00adny g\u00fc\u00fd\u00e7\u00adlen\u00addir\u00admek hem-de oka\u00admak me\u00adde\u00adni\u00ad\u00fde\u00adti\u00adni \u00f6s\u00add\u00fcr\u00admek \u00fda\u00adly \u00e7\u00e4\u00adre\u00adle\u00adri \u00f6z i\u00e7i\u00adne al\u00ad\u00fdar. Mak\u00adsat\u00adna\u00adma ne\u00ad\u015fir\u00ad\u00fdat pu\u00adda\u00adgy\u00adny we be\u00fd\u00adle\u00adki d\u00f6\u00adre\u00addi\u00adji\u00adlik pu\u00addak\u00adla\u00adry\u00adny go\u00adra\u00admak bi\u00adlen bir ha\u00adtar\u00adda, \u00fdurt\u00adda so\u00adsi\u00adal we yk\u00addy\u00adsa\u00addy \u00f6z\u00adge\u00adri\u015f\u00adle\u00adri h\u00f6\u00adwes\u00adlen\u00addir\u00admek \u00fc\u00e7in h\u00fc\u00adn\u00e4r en\u00addik\u00adle\u00adri\u00adni \u00f6s\u00add\u00fcr\u00adm\u00e4ge g\u00f6\u00adn\u00fck\u00addi\u00adri\u00adlen\u00addir.<br \/>\n\u015ee\u00fd\u00adle hem \u00e7\u00e4\u00adre\u00adler ila\u00adty\u0148 d\u00fcr\u00adli gat\u00adlak\u00adla\u00adry \u00fc\u00e7in yk\u00adjam ki\u00adtap\u00adha\u00adna\u00adla\u00adry d\u00f6\u00adret\u00admek, d\u00fcr\u00adli dil\u00adle\u00adr\u00adde ki\u00adtap oka\u00adma\u00adgy h\u00f6\u00adwes\u00adlen\u00addir\u00admek mak\u00adsa\u00addy bi\u00adlen usuly\u00fdet sapaklaryny, \u00fda\u015f\u00adlar \u00fc\u00e7in h\u00fc\u00adn\u00e4r okuw\u00adla\u00adry\u00adny ge\u00ad\u00e7ir\u00admek, bi\u00adlim mer\u00adkez\u00adle\u00adri\u00adni d\u00f6\u00adret\u00admek, \u00fder\u00adli sun\u00adga\u00adty we me\u00adde\u00adni\u00ad\u00fde\u00adti \u00f6s\u00add\u00fcr\u00admek \u00fc\u00e7in d\u00fcr\u00adli b\u00e4s\u00adle\u015f\u00adik\u00adle\u00adri gu\u00adra\u00admak \u00fda\u00adly \u00e7\u00e4\u00adre\u00adle\u00adri \u00f6z i\u00e7i\u00adne al\u00ad\u00fdar.<br \/>\nAdat\u00ad\u00e7a, d\u00fcn\u00ad\u00fd\u00e4\u00adni\u0148 ki\u00adtap pa\u00fd\u00adtag\u00adty de\u00adre\u00adje\u00adsi 23-nji ap\u00adrel\u00adde \u2013 B\u00fc\u00adtin\u00add\u00fcn\u00ad\u00fd\u00e4 ki\u00adtap we aw\u00adtor\u00adlyk hu\u00adku\u00adgy g\u00fc\u00adn\u00fcn\u00adde m\u00e4\u00adlim edil\u00ad\u00fd\u00e4r. Ge\u00ad\u00e7en \u00fdyl Mek\u00adsi\u00adka\u00adny\u0148 Gwa\u00adda\u00adla\u00adha\u00adra \u015f\u00e4\u00adhe\u00adri B\u00fc\u00adtin\u00add\u00fcn\u00ad\u00fd\u00e4 ki\u00adtap pa\u00fd\u00adtag\u00adty de\u00adre\u00adje\u00adsi\u00adne e\u00fde bo\u00adlup\u00addy.<\/p>\n","protected":false},"excerpt":{"rendered":"<p>Ga\u00adna\u00adny\u0148 pa\u00fd\u00adtag\u00adty Akk\u00adra 2023-nji \u00fdy\u00adly\u0148 B\u00fc\u00adtin\u00add\u00fcn\u00ad\u00fd\u00e4 ki\u00adtap pa\u00fd\u00adtag\u00adty di\u00fd\u00adlip yg\u00adlan edil\u00addi. \u015e\u00e4\u00adhe\u00adri\u0148 h\u00e4\u00adki\u00admi\u00ad\u00fdet\u00adle\u00adri \u00fdur\u00addu\u0148 so\u00adwat\u00adsyz\u00adlyk de\u00adre\u00adje\u00adsi \u00fdo\u00adka\u00adry bo\u00adlan d\u00fcr\u00adli to\u00adpar\u00adla\u00adra g\u00f6\u00adn\u00fck\u00addi\u00adri\u00adlen gi\u0148 ge\u00adrim\u00adli mak\u00adsat\u00adna\u00adma\u00adny \u00ddU\u00adNES\u00adKO (Bir\u00adle\u00ad\u015fen Mil\u00adlet\u00adler Gu\u00adra\u00adma\u00adsy\u00adny\u0148 Bi\u00adlim, ylym we me\u00adde\u00adni\u00ad\u00fdet me\u00adse\u00adle\u00adle\u00adri bo\u00ad\u00fdun\u00ad\u00e7a gu\u00adra\u00adma\u00adsy) h\u00f6\u00add\u00fcr\u00adle\u00addi. Mak\u00adsat\u00adna\u00adma, esa\u00adsan, mek\u00addep we jem\u00adgy\u00ad\u00fdet\u00ad\u00e7i\u00adlik inf\u00adrast\u00adruk\u00adtu\u00adra\u00adsy\u00adny g\u00fc\u00fd\u00e7\u00adlen\u00addir\u00admek hem-de oka\u00admak me\u00adde\u00adni\u00ad\u00fde\u00adti\u00adni \u00f6s\u00add\u00fcr\u00admek \u00fda\u00adly \u00e7\u00e4\u00adre\u00adle\u00adri \u00f6z i\u00e7i\u00adne al\u00ad\u00fdar. Mak\u00adsat\u00adna\u00adma ne\u00ad\u015fir\u00ad\u00fdat pu\u00adda\u00adgy\u00adny [&hellip;]<\/p>\n","protected":false},"author":2,"featured_media":76101,"comment_status":"open","ping_status":"closed","sticky":false,"template":"","format":"standard","meta":{"footnotes":""},"categories":[11],"tags":[],"acf":[],"_links":{"self":[{"href":"https:\/\/zamanturkmenistan.com.tm\/index.php?rest_route=\/wp\/v2\/posts\/76100"}],"collection":[{"href":"https:\/\/zamanturkmenistan.com.tm\/index.php?rest_route=\/wp\/v2\/posts"}],"about":[{"href":"https:\/\/zamanturkmenistan.com.tm\/index.php?rest_route=\/wp\/v2\/types\/post"}],"author":[{"embeddable":true,"href":"https:\/\/zamanturkmenistan.com.tm\/index.php?rest_route=\/wp\/v2\/users\/2"}],"replies":[{"embeddable":true,"href":"https:\/\/zamanturkmenistan.com.tm\/index.php?rest_route=%2Fwp%2Fv2%2Fcomments&post=76100"}],"version-history":[{"count":1,"href":"https:\/\/zamanturkmenistan.com.tm\/index.php?rest_route=\/wp\/v2\/posts\/76100\/revisions"}],"predecessor-version":[{"id":76102,"href":"https:\/\/zamanturkmenistan.com.tm\/index.php?rest_route=\/wp\/v2\/posts\/76100\/revisions\/76102"}],"wp:featuredmedia":[{"embeddable":true,"href":"https:\/\/zamanturkmenistan.com.tm\/index.php?rest_route=\/wp\/v2\/media\/76101"}],"wp:attachment":[{"href":"https:\/\/zamanturkmenistan.com.tm\/index.php?rest_route=%2Fwp%2Fv2%2Fmedia&parent=76100"}],"wp:term":[{"taxonomy":"category","embeddable":true,"href":"https:\/\/zamanturkmenistan.com.tm\/index.php?rest_route=%2Fwp%2Fv2%2Fcategories&post=76100"},{"taxonomy":"post_tag","embeddable":true,"href":"https:\/\/zamanturkmenistan.com.tm\/index.php?rest_route=%2Fwp%2Fv2%2Ftags&post=76100"}],"curies":[{"name":"wp","href":"https:\/\/api.w.org\/{rel}","templated":true}]}}