{"id":76132,"date":"2023-04-07T18:00:34","date_gmt":"2023-04-07T13:00:34","guid":{"rendered":"https:\/\/zamanturkmenistan.com.tm\/?p=76132"},"modified":"2023-04-07T18:02:06","modified_gmt":"2023-04-07T13:02:06","slug":"in-gowy-jemgyyetcilik-ulagly-yurtlar","status":"publish","type":"post","link":"https:\/\/zamanturkmenistan.com.tm\/?p=76132","title":{"rendered":"I\u0148 gowy jemgy\u00fdet\u00e7ilik ulagly \u00fdurtlar"},"content":{"rendered":"<p>Ber\u00adlin d\u00fcn\u00ad\u00fd\u00e4\u00adni\u0148 i\u0148 o\u0148at jem\u00adgy\u00ad\u00fdet\u00ad\u00e7i\u00adlik ulag ul\u00adga\u00admy bo\u00adlan \u015f\u00e4\u00adher h\u00f6k\u00adm\u00fcn\u00adde yk\u00adrar edil\u00addi. Sy\u00ad\u00fda\u00adhat\u00ad\u00e7y\u00adlyk gol\u00adlan\u00adma\u00adsy\u00adny ne\u00ad\u015fir ed\u00ad\u00fd\u00e4n \u201cTi\u00adme Out\u201d d\u00fcn\u00ad\u00fd\u00e4\u00adni\u0148 50 \u015f\u00e4\u00adhe\u00adrin\u00adde 20 m\u00fc\u0148 adam\u00addan \u00fder\u00adli jem\u00adgy\u00ad\u00fdet\u00ad\u00e7i\u00adlik ulag ul\u00adgam\u00adla\u00adry\u00adna n\u00e4\u00adhi\u00adli ga\u00adra\u00ad\u00fdan\u00addyk\u00adla\u00adry\u00adny bil\u00admek \u00fc\u00e7in pi\u00adkir so\u00adra\u00adly\u00ad\u015fyk ge\u00ad\u00e7ir\u00addi.<br \/>\nNe\u00adti\u00adje\u00adde, t\u00e4\u00adze sa\u00adnaw\u00adda \u00ddew\u00adro\u00adpa we Azi\u00ad\u00fda ag\u00addyk\u00adlyk ed\u00ad\u00fd\u00e4r &#8211; il\u00adkin\u00adji on\u00adlu\u00adga tu\u00adtu\u015f\u00adly\u00adgy\u00adna bu yk\u00adlym\u00adla\u00adry\u0148 \u015f\u00e4\u00adher\u00adle\u00adri gir\u00ad\u00fd\u00e4r. \u015ee\u00fd\u00adle hem di\u00ad\u0148e 19 ugur\u00addan yba\u00adrat sa\u00adnaw\u00adda De\u00admir\u00adga\u00adzyk Ame\u00adri\u00adka\u00adda \u00fc\u00e7 \u015f\u00e4\u00adher bar, ga\u00adlan yk\u00adlym\u00adlar as\u00adla g\u00f6r\u00adke\u00adzil\u00adme\u00ad\u00fd\u00e4r.<br \/>\n\u015ee\u00fd\u00adle\u00adlik\u00adde, Ber\u00adlin, Pra\u00adga, To\u00adkio, Ko\u00adpen\u00adga\u00adgen, Stok\u00adgolm, Sin\u00adga\u00adpur, Gon\u00adkong, Ta\u00fd\u00adpe\u00fd, \u015ean\u00adha\u00fd, Ams\u00adter\u00addam, Lon\u00addon, Mad\u00adrid, Edin\u00adburg, Pa\u00adri\u017e, N\u00fdu-\u00ddork, Mon\u00adre\u00adal, \u00c7i\u00adka\u00adgo, Pe\u00adkin we Mum\u00adbay d\u00fcn\u00ad\u00fd\u00e4\u00adni\u0148 i\u0148 o\u0148at jem\u00adgy\u00ad\u00fdet\u00ad\u00e7i\u00adlik ulag\u00adly \u015f\u00e4\u00adher\u00adle\u00adri bol\u00addu\u00adlar.<\/p>\n","protected":false},"excerpt":{"rendered":"<p>Ber\u00adlin d\u00fcn\u00ad\u00fd\u00e4\u00adni\u0148 i\u0148 o\u0148at jem\u00adgy\u00ad\u00fdet\u00ad\u00e7i\u00adlik ulag ul\u00adga\u00admy bo\u00adlan \u015f\u00e4\u00adher h\u00f6k\u00adm\u00fcn\u00adde yk\u00adrar edil\u00addi. Sy\u00ad\u00fda\u00adhat\u00ad\u00e7y\u00adlyk gol\u00adlan\u00adma\u00adsy\u00adny ne\u00ad\u015fir ed\u00ad\u00fd\u00e4n \u201cTi\u00adme Out\u201d d\u00fcn\u00ad\u00fd\u00e4\u00adni\u0148 50 \u015f\u00e4\u00adhe\u00adrin\u00adde 20 m\u00fc\u0148 adam\u00addan \u00fder\u00adli jem\u00adgy\u00ad\u00fdet\u00ad\u00e7i\u00adlik ulag ul\u00adgam\u00adla\u00adry\u00adna n\u00e4\u00adhi\u00adli ga\u00adra\u00ad\u00fdan\u00addyk\u00adla\u00adry\u00adny bil\u00admek \u00fc\u00e7in pi\u00adkir so\u00adra\u00adly\u00ad\u015fyk ge\u00ad\u00e7ir\u00addi. Ne\u00adti\u00adje\u00adde, t\u00e4\u00adze sa\u00adnaw\u00adda \u00ddew\u00adro\u00adpa we Azi\u00ad\u00fda ag\u00addyk\u00adlyk ed\u00ad\u00fd\u00e4r &#8211; il\u00adkin\u00adji on\u00adlu\u00adga tu\u00adtu\u015f\u00adly\u00adgy\u00adna bu yk\u00adlym\u00adla\u00adry\u0148 \u015f\u00e4\u00adher\u00adle\u00adri gir\u00ad\u00fd\u00e4r. \u015ee\u00fd\u00adle hem di\u00ad\u0148e 19 [&hellip;]<\/p>\n","protected":false},"author":2,"featured_media":76133,"comment_status":"open","ping_status":"closed","sticky":false,"template":"","format":"standard","meta":{"footnotes":""},"categories":[5],"tags":[],"acf":[],"_links":{"self":[{"href":"https:\/\/zamanturkmenistan.com.tm\/index.php?rest_route=\/wp\/v2\/posts\/76132"}],"collection":[{"href":"https:\/\/zamanturkmenistan.com.tm\/index.php?rest_route=\/wp\/v2\/posts"}],"about":[{"href":"https:\/\/zamanturkmenistan.com.tm\/index.php?rest_route=\/wp\/v2\/types\/post"}],"author":[{"embeddable":true,"href":"https:\/\/zamanturkmenistan.com.tm\/index.php?rest_route=\/wp\/v2\/users\/2"}],"replies":[{"embeddable":true,"href":"https:\/\/zamanturkmenistan.com.tm\/index.php?rest_route=%2Fwp%2Fv2%2Fcomments&post=76132"}],"version-history":[{"count":1,"href":"https:\/\/zamanturkmenistan.com.tm\/index.php?rest_route=\/wp\/v2\/posts\/76132\/revisions"}],"predecessor-version":[{"id":76134,"href":"https:\/\/zamanturkmenistan.com.tm\/index.php?rest_route=\/wp\/v2\/posts\/76132\/revisions\/76134"}],"wp:featuredmedia":[{"embeddable":true,"href":"https:\/\/zamanturkmenistan.com.tm\/index.php?rest_route=\/wp\/v2\/media\/76133"}],"wp:attachment":[{"href":"https:\/\/zamanturkmenistan.com.tm\/index.php?rest_route=%2Fwp%2Fv2%2Fmedia&parent=76132"}],"wp:term":[{"taxonomy":"category","embeddable":true,"href":"https:\/\/zamanturkmenistan.com.tm\/index.php?rest_route=%2Fwp%2Fv2%2Fcategories&post=76132"},{"taxonomy":"post_tag","embeddable":true,"href":"https:\/\/zamanturkmenistan.com.tm\/index.php?rest_route=%2Fwp%2Fv2%2Ftags&post=76132"}],"curies":[{"name":"wp","href":"https:\/\/api.w.org\/{rel}","templated":true}]}}