{"id":76301,"date":"2023-04-10T10:32:10","date_gmt":"2023-04-10T05:32:10","guid":{"rendered":"https:\/\/zamanturkmenistan.com.tm\/?p=76301"},"modified":"2023-04-10T10:32:10","modified_gmt":"2023-04-10T05:32:10","slug":"gorkinin-jayy-auksiona-cykarylar","status":"publish","type":"post","link":"https:\/\/zamanturkmenistan.com.tm\/?p=76301","title":{"rendered":"Gorkini\u0148 ja\u00fdy auksiona \u00e7ykarylar"},"content":{"rendered":"<p>Rus \u00fda\u00adzy\u00adjy\u00adsy Mak\u00adsim Gor\u00adki\u00adni\u0148 Sankt-Pe\u00adter\u00adburg\u00adda\u00adky ja\u00ad\u00fdy\u00adny\u0148 ba\u015f\u00adlan\u00adgy\u00e7 ba\u00adha\u00adsy 75 mil\u00adli\u00adon rubl bi\u00adlen auk\u00adsio\u00adna \u00e7y\u00adka\u00adry\u00adlar. Bu ba\u00adra\u00adda &#8220;Lit\u00adfond&#8221; auk\u00adsi\u00adon \u00f6\u00fd\u00fc\u00adni\u0148 met\u00adbu\u00adgat gul\u00adlu\u00adgy ha\u00adbar ber\u00addi.<br \/>\nAl\u00adty otag\u00adly ja\u00fd Kron\u00adwerks\u00adki\u00fd pros\u00adpek\u00adti\u00adni\u0148 de\u00admir\u00adga\u00adzy\u00adgyn\u00adda\u00adky h\u00e4\u00adzir\u00adki za\u00adman \u00e4he\u00ad\u0148in\u00adde gur\u00adlan bi\u00adna\u00adda \u00fder\u00adle\u015f\u00ad\u00fd\u00e4r. Ja\u00ad\u00fdy\u0148 \u00fda\u00ad\u015fa\u00ad\u00fdy\u015f me\u00fd\u00adda\u00adny &#8211; 212 ine\u00add\u00f6r\u00add\u00fcl metr. Ja\u00fd\u00adda bu\u00adha\u00adry pe\u00e7\u00adli otag, \u00fc\u00e7 \u00fda\u00adtyl\u00ad\u00fdan otag, iki bal\u00adkon, a\u00fd\u00adra\u00adtyn lift bi\u00adlen en\u00adjam\u00adla\u015f\u00addy\u00adry\u00adlan ar\u00adka ga\u00adpy bar. H\u00e4\u00adzir\u00adki wagt\u00adda ja\u00fd hu\u00adsu\u00adsy e\u00fde\u00ad\u00e7i\u00adlik\u00adde.<br \/>\nMak\u00adsim Gor\u00adki\u00fd bu ja\u00fd\u00adda 1914-nji \u00fdyl\u00addan 1917-nji \u00fdy\u00adla \u00e7en\u00adli \u00fda\u00ad\u015fap\u00addyr. Bu \u00fde\u00adre Ana\u00adto\u00adli\u00fd Lu\u00adna\u00ad\u00e7ars\u00adki\u00fd, Fe\u00adliks Dzer\u00ad\u017eins\u00adki\u00fd, Fe\u00addor \u015eal\u00ad\u00fda\u00adpin, Alek\u00adsandr Kup\u00adrin we Iwan Bu\u00adnin \u00fda\u00adly san\u00adly k\u00f6p ta\u00adny\u00admal adam\u00adlar ge\u00adlip\u00addir\u00adler.<\/p>\n","protected":false},"excerpt":{"rendered":"<p>Rus \u00fda\u00adzy\u00adjy\u00adsy Mak\u00adsim Gor\u00adki\u00adni\u0148 Sankt-Pe\u00adter\u00adburg\u00adda\u00adky ja\u00ad\u00fdy\u00adny\u0148 ba\u015f\u00adlan\u00adgy\u00e7 ba\u00adha\u00adsy 75 mil\u00adli\u00adon rubl bi\u00adlen auk\u00adsio\u00adna \u00e7y\u00adka\u00adry\u00adlar. Bu ba\u00adra\u00adda &#8220;Lit\u00adfond&#8221; auk\u00adsi\u00adon \u00f6\u00fd\u00fc\u00adni\u0148 met\u00adbu\u00adgat gul\u00adlu\u00adgy ha\u00adbar ber\u00addi. Al\u00adty otag\u00adly ja\u00fd Kron\u00adwerks\u00adki\u00fd pros\u00adpek\u00adti\u00adni\u0148 de\u00admir\u00adga\u00adzy\u00adgyn\u00adda\u00adky h\u00e4\u00adzir\u00adki za\u00adman \u00e4he\u00ad\u0148in\u00adde gur\u00adlan bi\u00adna\u00adda \u00fder\u00adle\u015f\u00ad\u00fd\u00e4r. Ja\u00ad\u00fdy\u0148 \u00fda\u00ad\u015fa\u00ad\u00fdy\u015f me\u00fd\u00adda\u00adny &#8211; 212 ine\u00add\u00f6r\u00add\u00fcl metr. Ja\u00fd\u00adda bu\u00adha\u00adry pe\u00e7\u00adli otag, \u00fc\u00e7 \u00fda\u00adtyl\u00ad\u00fdan otag, iki bal\u00adkon, a\u00fd\u00adra\u00adtyn lift bi\u00adlen en\u00adjam\u00adla\u015f\u00addy\u00adry\u00adlan [&hellip;]<\/p>\n","protected":false},"author":2,"featured_media":76303,"comment_status":"open","ping_status":"closed","sticky":false,"template":"","format":"standard","meta":{"footnotes":""},"categories":[5],"tags":[],"acf":[],"_links":{"self":[{"href":"https:\/\/zamanturkmenistan.com.tm\/index.php?rest_route=\/wp\/v2\/posts\/76301"}],"collection":[{"href":"https:\/\/zamanturkmenistan.com.tm\/index.php?rest_route=\/wp\/v2\/posts"}],"about":[{"href":"https:\/\/zamanturkmenistan.com.tm\/index.php?rest_route=\/wp\/v2\/types\/post"}],"author":[{"embeddable":true,"href":"https:\/\/zamanturkmenistan.com.tm\/index.php?rest_route=\/wp\/v2\/users\/2"}],"replies":[{"embeddable":true,"href":"https:\/\/zamanturkmenistan.com.tm\/index.php?rest_route=%2Fwp%2Fv2%2Fcomments&post=76301"}],"version-history":[{"count":1,"href":"https:\/\/zamanturkmenistan.com.tm\/index.php?rest_route=\/wp\/v2\/posts\/76301\/revisions"}],"predecessor-version":[{"id":76304,"href":"https:\/\/zamanturkmenistan.com.tm\/index.php?rest_route=\/wp\/v2\/posts\/76301\/revisions\/76304"}],"wp:featuredmedia":[{"embeddable":true,"href":"https:\/\/zamanturkmenistan.com.tm\/index.php?rest_route=\/wp\/v2\/media\/76303"}],"wp:attachment":[{"href":"https:\/\/zamanturkmenistan.com.tm\/index.php?rest_route=%2Fwp%2Fv2%2Fmedia&parent=76301"}],"wp:term":[{"taxonomy":"category","embeddable":true,"href":"https:\/\/zamanturkmenistan.com.tm\/index.php?rest_route=%2Fwp%2Fv2%2Fcategories&post=76301"},{"taxonomy":"post_tag","embeddable":true,"href":"https:\/\/zamanturkmenistan.com.tm\/index.php?rest_route=%2Fwp%2Fv2%2Ftags&post=76301"}],"curies":[{"name":"wp","href":"https:\/\/api.w.org\/{rel}","templated":true}]}}