{"id":76305,"date":"2023-04-10T10:33:28","date_gmt":"2023-04-10T05:33:28","guid":{"rendered":"https:\/\/zamanturkmenistan.com.tm\/?p=76305"},"modified":"2023-04-10T10:33:28","modified_gmt":"2023-04-10T05:33:28","slug":"in-yas-awtor","status":"publish","type":"post","link":"https:\/\/zamanturkmenistan.com.tm\/?p=76305","title":{"rendered":"I\u0148 \u00fda\u015f awtor"},"content":{"rendered":"<p>Birle\u015fen Arap Emirliklerinden d\u00f6rt \u00fda\u015fly oglan d\u00fcn\u00fd\u00e4ni\u0148 i\u0148 \u00fda\u015f \u00fdazyjysy boldy. Bu barada Ginnesi\u0148 rekordlar kitabyny\u0148 web sahypasynda habar berildi. Said Ra\u015fed Al-Mhe\u00fdrini\u0148 d\u00f6rt \u00fdyl 218 g\u00fcn \u00fda\u015fyndaka \u201cSaidi\u0148 pili we a\u00fdysy\u201d atly kitaby \u00e7ap edildi. Oglanjygy\u0148 s\u00f6zlerine g\u00f6r\u00e4, ol ejekesini\u0148 t\u00e4siri bilen ho\u015fni\u00fdetlilik we dostluk barada kitap \u00fdazmaly di\u00fden karara gel\u00fd\u00e4r. Onu\u0148 ejekesi Al-Dabi hem sekiz \u00fda\u015fynda iki dilde kitap ne\u015fir etdirip, rekord go\u00fdan \u00fda\u015f \u00fdazyjydyr.<\/p>\n","protected":false},"excerpt":{"rendered":"<p>Birle\u015fen Arap Emirliklerinden d\u00f6rt \u00fda\u015fly oglan d\u00fcn\u00fd\u00e4ni\u0148 i\u0148 \u00fda\u015f \u00fdazyjysy boldy. Bu barada Ginnesi\u0148 rekordlar kitabyny\u0148 web sahypasynda habar berildi. Said Ra\u015fed Al-Mhe\u00fdrini\u0148 d\u00f6rt \u00fdyl 218 g\u00fcn \u00fda\u015fyndaka \u201cSaidi\u0148 pili we a\u00fdysy\u201d atly kitaby \u00e7ap edildi. Oglanjygy\u0148 s\u00f6zlerine g\u00f6r\u00e4, ol ejekesini\u0148 t\u00e4siri bilen ho\u015fni\u00fdetlilik we dostluk barada kitap \u00fdazmaly di\u00fden karara gel\u00fd\u00e4r. Onu\u0148 ejekesi Al-Dabi [&hellip;]<\/p>\n","protected":false},"author":2,"featured_media":76306,"comment_status":"open","ping_status":"closed","sticky":false,"template":"","format":"standard","meta":{"footnotes":""},"categories":[5],"tags":[],"acf":[],"_links":{"self":[{"href":"https:\/\/zamanturkmenistan.com.tm\/index.php?rest_route=\/wp\/v2\/posts\/76305"}],"collection":[{"href":"https:\/\/zamanturkmenistan.com.tm\/index.php?rest_route=\/wp\/v2\/posts"}],"about":[{"href":"https:\/\/zamanturkmenistan.com.tm\/index.php?rest_route=\/wp\/v2\/types\/post"}],"author":[{"embeddable":true,"href":"https:\/\/zamanturkmenistan.com.tm\/index.php?rest_route=\/wp\/v2\/users\/2"}],"replies":[{"embeddable":true,"href":"https:\/\/zamanturkmenistan.com.tm\/index.php?rest_route=%2Fwp%2Fv2%2Fcomments&post=76305"}],"version-history":[{"count":1,"href":"https:\/\/zamanturkmenistan.com.tm\/index.php?rest_route=\/wp\/v2\/posts\/76305\/revisions"}],"predecessor-version":[{"id":76307,"href":"https:\/\/zamanturkmenistan.com.tm\/index.php?rest_route=\/wp\/v2\/posts\/76305\/revisions\/76307"}],"wp:featuredmedia":[{"embeddable":true,"href":"https:\/\/zamanturkmenistan.com.tm\/index.php?rest_route=\/wp\/v2\/media\/76306"}],"wp:attachment":[{"href":"https:\/\/zamanturkmenistan.com.tm\/index.php?rest_route=%2Fwp%2Fv2%2Fmedia&parent=76305"}],"wp:term":[{"taxonomy":"category","embeddable":true,"href":"https:\/\/zamanturkmenistan.com.tm\/index.php?rest_route=%2Fwp%2Fv2%2Fcategories&post=76305"},{"taxonomy":"post_tag","embeddable":true,"href":"https:\/\/zamanturkmenistan.com.tm\/index.php?rest_route=%2Fwp%2Fv2%2Ftags&post=76305"}],"curies":[{"name":"wp","href":"https:\/\/api.w.org\/{rel}","templated":true}]}}