{"id":76463,"date":"2023-04-12T10:16:34","date_gmt":"2023-04-12T05:16:34","guid":{"rendered":"https:\/\/zamanturkmenistan.com.tm\/?p=76463"},"modified":"2023-04-12T14:44:14","modified_gmt":"2023-04-12T09:44:14","slug":"aylag-hyzmatdaslyk-genesinin-bas-sekretary-bilen-dususyk-gecirildi","status":"publish","type":"post","link":"https:\/\/zamanturkmenistan.com.tm\/?p=76463","title":{"rendered":"A\u00fdlag hyzmatda\u015flyk ge\u0148e\u015fini\u0148 Ba\u015f sekretary bilen du\u015fu\u015fyk ge\u00e7irildi"},"content":{"rendered":"<p>10-njy ap\u00adrel\u00adde T\u00fcrk\u00adme\u00adnis\u00adta\u00adny\u0148 Sa\u00adud Ara\u00adbys\u00adta\u00adny Pa\u00adty\u00ad\u015fa\u00adly\u00adgyn\u00adda\u00adky Il\u00ad\u00e7i\u00adsi O.\u00c7a\u00adry\u00ad\u00fdew bi\u00adlen A\u00fd\u00adlag Hyz\u00admat\u00adda\u015f\u00adlyk Ge\u00ad\u0148e\u00ad\u015fi\u00adni\u0148 (GCC) Ba\u015f sek\u00adre\u00adta\u00adry Ja\u00adsem Mo\u00adha\u00admed Al\u00adbu\u00addai\u00adwi\u00adni\u0148 ara\u00adsyn\u00adda iki\u00adta\u00adrap\u00adla\u00ad\u00fdyn du\u00ad\u015fu\u00ad\u015fyk ge\u00ad\u00e7i\u00adril\u00addi.<br \/>\nDu\u00ad\u015fu\u00ad\u015fy\u00adgy\u0148 bar\u00ad\u015fyn\u00adda ta\u00adrap\u00adlar T\u00fcrk\u00adme\u00adnis\u00adtan bi\u00adlen G\u0421\u0421 \u00fdurt\u00adla\u00adry\u00adny\u0148 ara\u00adsyn\u00adda\u00adky gat\u00adna\u00ad\u015fyk\u00adla\u00adra iki\u00adta\u00adrap\u00adla\u00ad\u00fdyn hem-de se\u00adbi\u00adta\u00adra de\u00adre\u00adje\u00adler\u00adde uly orun be\u00adril\u00ad\u00fd\u00e4n\u00addi\u00adgi\u00adni bel\u00adle\u00addi\u00adler. \u015ee\u00fd\u00adle hem, ta\u00adrap\u00adlar T\u00fcrk\u00adme\u00adnis\u00adtan bi\u00adlen Ge\u00ad\u0148e\u00ad\u015fi\u0148 \u00fdurt\u00adla\u00adry\u00adny\u0148 ara\u00adsyn\u00adda\u00adky hyz\u00admat\u00adda\u015f\u00adly\u00adgy\u0148 m\u00fcm\u00adkin\u00ad\u00e7i\u00adlik\u00adler\u00adden pe\u00fd\u00adda\u00adlan\u00admak ar\u00adka\u00adly, bu gat\u00adna\u00ad\u015fyk\u00adla\u00adry mun\u00addan be\u00fd\u00adl\u00e4k-de t\u00e4\u00adze de\u00adre\u00adje\u00adle\u00adre \u00e7y\u00adkar\u00admak ba\u00adra\u00adda \u00f6za\u00adra pi\u00adkir aly\u015f\u00addy\u00adlar.<br \/>\nMun\u00addan ba\u015f\u00adga-da, t\u00fcrk\u00admen ta\u00adra\u00adpy GCC-ni\u0148 Ba\u015f sek\u00adre\u00adta\u00adry\u00adna t\u00fcrk\u00admen hal\u00adky\u00adny\u0148 Mil\u00adli Li\u00adde\u00adri, T\u00fcrk\u00adme\u00adnis\u00adta\u00adny\u0148 Halk Mas\u00adla\u00adha\u00adty\u00adny\u0148 Ba\u015f\u00adly\u00adgy Gurbanguly Berdimuhamedowy\u0148 ba\u015f\u00adlan\u00adgy\u00adjy esa\u00adsyn\u00adda, \u00abakyl\u00adly\u00bb \u015f\u00e4\u00adher kon\u00adsep\u00adsi\u00ad\u00fda\u00adsyn\u00addan ugur al\u00adnyp gu\u00adrul\u00ad\u00fdan Ar\u00adka\u00addag \u015f\u00e4\u00adhe\u00adri ba\u00adra\u00adda mag\u00adlu\u00admat ber\u00addi.<br \/>\nJa\u00adsem Mo\u00adha\u00admed Al\u00adbu\u00addai\u00adwi \u00fda\u00adkyn wagt\u00adda ge\u00ad\u00e7i\u00adril\u00adjek Ar\u00adka\u00addag \u015f\u00e4\u00adhe\u00adri\u00adni\u0148 a\u00e7y\u00adly\u015f da\u00adba\u00adra\u00adsy\u00adna gat\u00adna\u015f\u00admak \u00fc\u00e7in T\u00fcrk\u00adme\u00adnis\u00adta\u00adna \u00e7a\u00adgy\u00adryl\u00addy.<\/p>\n","protected":false},"excerpt":{"rendered":"<p>10-njy ap\u00adrel\u00adde T\u00fcrk\u00adme\u00adnis\u00adta\u00adny\u0148 Sa\u00adud Ara\u00adbys\u00adta\u00adny Pa\u00adty\u00ad\u015fa\u00adly\u00adgyn\u00adda\u00adky Il\u00ad\u00e7i\u00adsi O.\u00c7a\u00adry\u00ad\u00fdew bi\u00adlen A\u00fd\u00adlag Hyz\u00admat\u00adda\u015f\u00adlyk Ge\u00ad\u0148e\u00ad\u015fi\u00adni\u0148 (GCC) Ba\u015f sek\u00adre\u00adta\u00adry Ja\u00adsem Mo\u00adha\u00admed Al\u00adbu\u00addai\u00adwi\u00adni\u0148 ara\u00adsyn\u00adda iki\u00adta\u00adrap\u00adla\u00ad\u00fdyn du\u00ad\u015fu\u00ad\u015fyk ge\u00ad\u00e7i\u00adril\u00addi. Du\u00ad\u015fu\u00ad\u015fy\u00adgy\u0148 bar\u00ad\u015fyn\u00adda ta\u00adrap\u00adlar T\u00fcrk\u00adme\u00adnis\u00adtan bi\u00adlen G\u0421\u0421 \u00fdurt\u00adla\u00adry\u00adny\u0148 ara\u00adsyn\u00adda\u00adky gat\u00adna\u00ad\u015fyk\u00adla\u00adra iki\u00adta\u00adrap\u00adla\u00ad\u00fdyn hem-de se\u00adbi\u00adta\u00adra de\u00adre\u00adje\u00adler\u00adde uly orun be\u00adril\u00ad\u00fd\u00e4n\u00addi\u00adgi\u00adni bel\u00adle\u00addi\u00adler. \u015ee\u00fd\u00adle hem, ta\u00adrap\u00adlar T\u00fcrk\u00adme\u00adnis\u00adtan bi\u00adlen Ge\u00ad\u0148e\u00ad\u015fi\u0148 \u00fdurt\u00adla\u00adry\u00adny\u0148 ara\u00adsyn\u00adda\u00adky hyz\u00admat\u00adda\u015f\u00adly\u00adgy\u0148 m\u00fcm\u00adkin\u00ad\u00e7i\u00adlik\u00adler\u00adden pe\u00fd\u00adda\u00adlan\u00admak ar\u00adka\u00adly, bu gat\u00adna\u00ad\u015fyk\u00adla\u00adry mun\u00addan be\u00fd\u00adl\u00e4k-de [&hellip;]<\/p>\n","protected":false},"author":2,"featured_media":76464,"comment_status":"open","ping_status":"closed","sticky":false,"template":"","format":"standard","meta":{"footnotes":""},"categories":[3],"tags":[],"acf":[],"_links":{"self":[{"href":"https:\/\/zamanturkmenistan.com.tm\/index.php?rest_route=\/wp\/v2\/posts\/76463"}],"collection":[{"href":"https:\/\/zamanturkmenistan.com.tm\/index.php?rest_route=\/wp\/v2\/posts"}],"about":[{"href":"https:\/\/zamanturkmenistan.com.tm\/index.php?rest_route=\/wp\/v2\/types\/post"}],"author":[{"embeddable":true,"href":"https:\/\/zamanturkmenistan.com.tm\/index.php?rest_route=\/wp\/v2\/users\/2"}],"replies":[{"embeddable":true,"href":"https:\/\/zamanturkmenistan.com.tm\/index.php?rest_route=%2Fwp%2Fv2%2Fcomments&post=76463"}],"version-history":[{"count":2,"href":"https:\/\/zamanturkmenistan.com.tm\/index.php?rest_route=\/wp\/v2\/posts\/76463\/revisions"}],"predecessor-version":[{"id":76479,"href":"https:\/\/zamanturkmenistan.com.tm\/index.php?rest_route=\/wp\/v2\/posts\/76463\/revisions\/76479"}],"wp:featuredmedia":[{"embeddable":true,"href":"https:\/\/zamanturkmenistan.com.tm\/index.php?rest_route=\/wp\/v2\/media\/76464"}],"wp:attachment":[{"href":"https:\/\/zamanturkmenistan.com.tm\/index.php?rest_route=%2Fwp%2Fv2%2Fmedia&parent=76463"}],"wp:term":[{"taxonomy":"category","embeddable":true,"href":"https:\/\/zamanturkmenistan.com.tm\/index.php?rest_route=%2Fwp%2Fv2%2Fcategories&post=76463"},{"taxonomy":"post_tag","embeddable":true,"href":"https:\/\/zamanturkmenistan.com.tm\/index.php?rest_route=%2Fwp%2Fv2%2Ftags&post=76463"}],"curies":[{"name":"wp","href":"https:\/\/api.w.org\/{rel}","templated":true}]}}