{"id":76626,"date":"2023-04-14T15:10:10","date_gmt":"2023-04-14T10:10:10","guid":{"rendered":"https:\/\/zamanturkmenistan.com.tm\/?p=76626"},"modified":"2023-04-14T15:10:10","modified_gmt":"2023-04-14T10:10:10","slug":"halkara-habarlar-ulgamynda-hyzmatdaslygyn-taze-gornusleri-atly-dususyk-gecirildi","status":"publish","type":"post","link":"https:\/\/zamanturkmenistan.com.tm\/?p=76626","title":{"rendered":"\u201cHalkara habarlar ulgamynda hyzmatda\u015flygy\u0148 t\u00e4ze g\u00f6rn\u00fc\u015fleri\u201d atly du\u015fu\u015fyk ge\u00e7irildi"},"content":{"rendered":"<p>\u015eu g\u00fcn T\u00fcrk\u00adme\u00adnis\u00adta\u00adny\u0148 Da\u00ad\u015fa\u00adry i\u015f\u00adler mi\u00adnistr\u00adli\u00adgi\u00adni\u0148 Hal\u00adka\u00adra gat\u00adna\u00ad\u015fyk\u00adlar ins\u00adti\u00adtu\u00adtyn\u00adda \u201cHal\u00adka\u00adra ha\u00adbar\u00adlar ul\u00adga\u00admyn\u00adda hyz\u00admat\u00adda\u015f\u00adlyk\u201d at\u00adly te\u00adge\u00adlek stol du\u00ad\u015fu\u00ad\u015fy\u00adgy ge\u00ad\u00e7i\u00adril\u00addi. O\u0148a \u00fdur\u00addu\u00admyz\u00adda\u00adky da\u00ad\u015fa\u00adry \u00fdurt\u00adla\u00adry\u0148 il\u00ad\u00e7i\u00adha\u00adna\u00adla\u00adry\u00adny\u0148 met\u00adbu\u00adgat at\u00adta\u00ad\u015fe\u00adle\u00adri, T\u00fcrk\u00adme\u00adnis\u00adtan\u00adda akk\u00adre\u00addi\u00adtir\u00adle\u00adnen da\u00ad\u015fa\u00adry \u00fdurt\u00adla\u00adry\u0148 k\u00f6p\u00ad\u00e7\u00fc\u00adlik\u00adle\u00ad\u00fdin ha\u00adbar be\u00adri\u015f se\u00adri\u015f\u00adde\u00adle\u00adri\u00adni\u0148 we\u00adkil\u00adle\u00adri, \u00fder\u00adli met\u00adbu\u00adgat we\u00adkil\u00adle\u00adri hem-de \u00fdur\u00addu\u00admyz\u00adda\u00adky in\u00adter\u00adnet ha\u00adbar\u00adlar por\u00adtal\u00adla\u00adry\u00adny\u0148 we\u00adkil\u00adle\u00adri hem gat\u00adna\u015f\u00addy\u00adlar.<br \/>\nDu\u00ad\u015fu\u00ad\u015fy\u00adgy T\u00fcrk\u00adme\u00adnis\u00adta\u00adny\u0148 da\u00ad\u015fa\u00adry i\u015f\u00adler mi\u00adnist\u00adri\u00adni\u0148 orun\u00adba\u00adsa\u00adry M\u00e4h\u00adri B\u00e4\u00ad\u015fi\u00admo\u00adwa a\u00e7yp, ol \u00f6z \u00e7y\u00adky\u00ad\u015fyn\u00adda T\u00fcrk\u00adme\u00adnis\u00adta\u00adny\u0148 ha\u00adbar\u00adlar ul\u00adga\u00admyn\u00adda\u00adky hyz\u00admat\u00adda\u015f\u00adly\u00adgy\u00adny yzy\u00adgi\u00adder\u00adli \u00f6s\u00add\u00fcr\u00ad\u00fd\u00e4n\u00addi\u00adgi\u00adni bel\u00adle\u00addi. Hu\u00adsu\u00adsan-da, da\u00ad\u015fa\u00adry sy\u00ad\u00fda\u00adsat eda\u00adra\u00adsy\u00adny\u0148 we\u00adki\u00adli T\u00fcrk\u00adme\u00adnis\u00adtan\u00adda\u00adky bo\u00adlup ge\u00e7\u00ad\u00fd\u00e4n uly m\u00f6\u00e7\u00adber\u00adli sy\u00ad\u00fda\u00adsy, yk\u00addy\u00adsa\u00addy we me\u00adde\u00adni-yn\u00adsan\u00adper\u00adwer wa\u00adka\u00adla\u00adry d\u00fcn\u00ad\u00fd\u00e4 met\u00adbu\u00adga\u00adtyn\u00adda gi\u0148\u00adden \u00fda\u00fd\u00adra\u00addyl\u00adma\u00adgy ug\u00adrun\u00adda hem ta\u00adgal\u00adla edil\u00ad\u00fd\u00e4n\u00addi\u00adgi\u00adni bel\u00adle\u00addi.<\/p>\n<p><img decoding=\"async\" loading=\"lazy\" class=\"aligncenter wp-image-76629 size-large\" src=\"https:\/\/zamanturkmenistan.com.tm\/wp-content\/uploads\/2023\/04\/session-about-fake-news-5X2A2085-1024x536.jpg\" alt=\"\" width=\"696\" height=\"364\" srcset=\"https:\/\/zamanturkmenistan.com.tm\/wp-content\/uploads\/2023\/04\/session-about-fake-news-5X2A2085-1024x536.jpg 1024w, https:\/\/zamanturkmenistan.com.tm\/wp-content\/uploads\/2023\/04\/session-about-fake-news-5X2A2085-300x157.jpg 300w, https:\/\/zamanturkmenistan.com.tm\/wp-content\/uploads\/2023\/04\/session-about-fake-news-5X2A2085-768x402.jpg 768w, https:\/\/zamanturkmenistan.com.tm\/wp-content\/uploads\/2023\/04\/session-about-fake-news-5X2A2085-696x364.jpg 696w, https:\/\/zamanturkmenistan.com.tm\/wp-content\/uploads\/2023\/04\/session-about-fake-news-5X2A2085-1068x559.jpg 1068w, https:\/\/zamanturkmenistan.com.tm\/wp-content\/uploads\/2023\/04\/session-about-fake-news-5X2A2085-803x420.jpg 803w, https:\/\/zamanturkmenistan.com.tm\/wp-content\/uploads\/2023\/04\/session-about-fake-news-5X2A2085.jpg 1500w\" sizes=\"(max-width: 696px) 100vw, 696px\" \/>Du\u00ad\u015fu\u00ad\u015fyk\u00adda \u00ddew\u00adro\u00adpa\u00adda Howp\u00adsuz\u00adlyk we Hyz\u00admat\u00adda\u015f\u00adlyk Gu\u00adra\u00adma\u00adsy\u00adny\u0148 A\u015f\u00adga\u00adbat\u00adda\u00adky mer\u00adke\u00adzi\u00adni\u0148 \u00fdol\u00adba\u015f\u00ad\u00e7y\u00adsy, il\u00ad\u00e7i Jon MakG\u00adre\u00adgor, \u00ddew\u00adro\u00adpa\u00adda Howp\u00adsuz\u00adlyk we Hyz\u00admat\u00adda\u015f\u00adlyk Gu\u00adra\u00adma\u00adsy\u00adny\u0148 bi\u00adler\u00adme\u00adni Ma\u00adrek Be\u00adker\u00admen, AB\u015e-ny\u0148 T\u00fcrk\u00adme\u00adnis\u00adtan\u00adda\u00adky il\u00ad\u00e7i\u00adha\u00adna\u00adsy\u00adny\u0148 met\u00adbu\u00adgat at\u00adta\u00ad\u015fe\u00adsi He\u00adlen \u015eo, \u201cFrance Press\u201d ha\u00adbar\u00adlar gul\u00adlu\u00adgy\u00adny\u0148 T\u00fcrk\u00adme\u00adnis\u00adtan\u00adda\u00adky ha\u00adbar\u00ad\u00e7y\u00adsy Igor Sa\u00adsin, TASS ha\u00adbar\u00adlar gul\u00adlu\u00adgy\u00adny\u0148 T\u00fcrk\u00adme\u00adnis\u00adtan\u00adda\u00adky we\u00adkil\u00adha\u00adna\u00adsy\u00adny\u0148 ba\u015f\u00adly\u00adgy Oleg Paw\u00adlen\u00adko da\u00adgy \u00e7y\u00adky\u015f et\u00addi\u00adler.<\/p>\n<p><img decoding=\"async\" loading=\"lazy\" class=\"aligncenter wp-image-76631 size-large\" src=\"https:\/\/zamanturkmenistan.com.tm\/wp-content\/uploads\/2023\/04\/helen-shaw-usa-press-secretary-on-new-formats-of-cooperion-in-the-international-information-enviroment-5X2A2185-1024x489.jpg\" alt=\"\" width=\"696\" height=\"332\" srcset=\"https:\/\/zamanturkmenistan.com.tm\/wp-content\/uploads\/2023\/04\/helen-shaw-usa-press-secretary-on-new-formats-of-cooperion-in-the-international-information-enviroment-5X2A2185-1024x489.jpg 1024w, https:\/\/zamanturkmenistan.com.tm\/wp-content\/uploads\/2023\/04\/helen-shaw-usa-press-secretary-on-new-formats-of-cooperion-in-the-international-information-enviroment-5X2A2185-300x143.jpg 300w, https:\/\/zamanturkmenistan.com.tm\/wp-content\/uploads\/2023\/04\/helen-shaw-usa-press-secretary-on-new-formats-of-cooperion-in-the-international-information-enviroment-5X2A2185-768x367.jpg 768w, https:\/\/zamanturkmenistan.com.tm\/wp-content\/uploads\/2023\/04\/helen-shaw-usa-press-secretary-on-new-formats-of-cooperion-in-the-international-information-enviroment-5X2A2185-696x332.jpg 696w, https:\/\/zamanturkmenistan.com.tm\/wp-content\/uploads\/2023\/04\/helen-shaw-usa-press-secretary-on-new-formats-of-cooperion-in-the-international-information-enviroment-5X2A2185-1068x510.jpg 1068w, https:\/\/zamanturkmenistan.com.tm\/wp-content\/uploads\/2023\/04\/helen-shaw-usa-press-secretary-on-new-formats-of-cooperion-in-the-international-information-enviroment-5X2A2185-880x420.jpg 880w, https:\/\/zamanturkmenistan.com.tm\/wp-content\/uploads\/2023\/04\/helen-shaw-usa-press-secretary-on-new-formats-of-cooperion-in-the-international-information-enviroment-5X2A2185.jpg 1200w\" sizes=\"(max-width: 696px) 100vw, 696px\" \/><\/p>\n<p>\u00c7y\u00adky\u015f eden\u00adler \u201cYg\u00adty\u00adbar\u00adsyz ha\u00adbar\u00adla\u00adra gar\u00ad\u015fy g\u00f6\u00adre\u015f\u00admek\u00adde d\u00fcn\u00ad\u00fd\u00e4 tej\u00adri\u00adbe\u00adsi\u201d, \u201cN\u00e4\u00addog\u00adry ha\u00adbar\u00adla\u00adra gar\u00ad\u015fy g\u00f6\u00adre\u015f\u00admek\u00adde mag\u00adlu\u00admat so\u00adwat\u00adly\u00adly\u00adgy\u201d, \u201c\u00dda\u015f\u00adla\u00adry\u0148 mag\u00adlu\u00admat so\u00adwat\u00adly\u00adly\u00adgy\u00adny \u00fdo\u00adkar\u00adlan\u00addyr\u00admak\u201d, \u201c\u017dur\u00adna\u00adlist\u00adle\u00adri\u0148 n\u00e4\u00addog\u00adry ha\u00adbar\u00adla\u00adra gar\u00ad\u015fy g\u00f6\u00adre\u015f\u00admek ug\u00adrun\u00adda\u00adky bi\u00adlim\u00adle\u00adri\u00adni\u0148 \u00e4h\u00admi\u00ad\u00fde\u00adti\u201d \u00fda\u00adly ugur\u00adlar\u00adda t\u00e4\u00adsir\u00adli mag\u00adlu\u00admat\u00adlar ber\u00addi\u00adler.<br \/>\nHu\u00adsu\u00adsan-da, AB\u015e-ny\u0148 T\u00fcrk\u00adme\u00adnis\u00adtan\u00adda\u00adky il\u00ad\u00e7i\u00adha\u00adna\u00adsy\u00adny\u0148 met\u00adbu\u00adgat at\u00adta\u00ad\u015fe\u00adsi He\u00adlen \u015eo in\u00adter\u00adnet ul\u00adga\u00admyn\u00adda\u00adky ha\u00adbar\u00adla\u00adry\u0148 ag\u00adram\u00adly b\u00f6\u00adle\u00adgi\u00adni\u0148, \u00fdag\u00adny 60 g\u00f6\u00adte\u00adri\u00admi\u00adni\u0148 i\u0148\u00adlis di\u00adlin\u00adde\u00addi\u00adgi\u00adne \u00fcn\u00adsi \u00e7e\u00adkip, mu\u00adnu\u0148 \u00fc\u00e7in i\u0148\u00adlis di\u00adli\u00adni \u00f6w\u00adren\u00adme\u00adgi\u0148 hem \u00e4h\u00admi\u00ad\u00fde\u00adti\u00adni\u0148 m\u00f6\u00adh\u00fcm\u00addi\u00adgi\u00adni bel\u00adle\u00addi. \u015eu\u00adnu\u0148 bi\u00adlen bag\u00adly\u00adlyk\u00adda, \u017eur\u00adna\u00adlist\u00adler \u00fc\u00e7in di\u00adli\u0148 \u00e4h\u00admi\u00ad\u00fde\u00adti\u00adni\u0148 m\u00f6\u00adh\u00fcm\u00addi\u00adgi\u00adni g\u00f6r\u00admek bo\u00adlar.<\/p>\n<p><img decoding=\"async\" loading=\"lazy\" class=\"aligncenter wp-image-76630 size-full\" src=\"https:\/\/zamanturkmenistan.com.tm\/wp-content\/uploads\/2023\/04\/fake-news-round-table-mfa-dim-5X2A2230.jpg\" alt=\"\" width=\"1000\" height=\"581\" srcset=\"https:\/\/zamanturkmenistan.com.tm\/wp-content\/uploads\/2023\/04\/fake-news-round-table-mfa-dim-5X2A2230.jpg 1000w, https:\/\/zamanturkmenistan.com.tm\/wp-content\/uploads\/2023\/04\/fake-news-round-table-mfa-dim-5X2A2230-300x174.jpg 300w, https:\/\/zamanturkmenistan.com.tm\/wp-content\/uploads\/2023\/04\/fake-news-round-table-mfa-dim-5X2A2230-768x446.jpg 768w, https:\/\/zamanturkmenistan.com.tm\/wp-content\/uploads\/2023\/04\/fake-news-round-table-mfa-dim-5X2A2230-696x404.jpg 696w, https:\/\/zamanturkmenistan.com.tm\/wp-content\/uploads\/2023\/04\/fake-news-round-table-mfa-dim-5X2A2230-723x420.jpg 723w\" sizes=\"(max-width: 1000px) 100vw, 1000px\" \/><\/p>\n<p>\u015ee\u00fd\u00adle hem te\u00adge\u00adlek stol du\u00ad\u015fu\u00ad\u015fy\u00adgyn\u00adda jem\u00adgy\u00ad\u00fdet\u00ad\u00e7i\u00adlik tor\u00adla\u00adry\u00adny\u0148 ag\u00addyk\u00adlyk ed\u00ad\u00fd\u00e4n d\u00f6w\u00adr\u00fcn\u00adde al\u00adnyp ba\u00adryl\u00ad\u00fdan mag\u00adlu\u00admat sy\u00ad\u00fda\u00adsa\u00adty ba\u00adra\u00adda hem \u00e7y\u00adky\u015f\u00adla\u00adra orun be\u00adril\u00addi.<br \/>\nBu ugur\u00adda mag\u00adlu\u00admat gi\u00ad\u0148i\u015f\u00adli\u00adgin\u00adde jem\u00adgy\u00ad\u00fdet\u00ad\u00e7i\u00adlik tor\u00adla\u00adry\u00adny\u0148 or\u00adny ba\u00adra\u00adda dur\u00adlup ge\u00ad\u00e7il\u00addi. So\u0148\u00adky \u00fdyl\u00adlar\u00adda jem\u00adgy\u00ad\u00fdet\u00ad\u00e7i\u00adlik tor\u00adla\u00adry\u0148 mag\u00adlu\u00admat gi\u00ad\u0148i\u015f\u00adli\u00adgin\u00add\u00e4\u00adki or\u00adnu\u00adny\u0148 has-da art\u00ad\u00fdan\u00addy\u00adgy bel\u00adle\u00adni\u00adlip, n\u00e4\u00addog\u00adry hem-de yg\u00adty\u00adbar\u00adsyz ha\u00adbar\u00adla\u00adra gar\u00ad\u015fy g\u00f6\u00adre\u015f\u00admek ug\u00adrun\u00adda ta\u00adgal\u00adla\u00adla\u00adry\u0148 ze\u00adrur\u00addy\u00adgy a\u00fd\u00addyl\u00addy.<br \/>\n\u201cHal\u00adka\u00adra ha\u00adbar\u00adlar ul\u00adga\u00admyn\u00adda hyz\u00admat\u00adda\u015f\u00adlyk\u201d at\u00adly te\u00adge\u00adlek stol du\u00ad\u015fu\u00ad\u015fy\u00adgy \u00e7\u00e4k\u00adle\u00adrin\u00adde gat\u00adna\u00ad\u015fy\u00adjy\u00adla\u00adra da\u00ad\u015fa\u00adry sy\u00ad\u00fda\u00adsat ne\u00ad\u015fir\u00adle\u00adri\u00adni\u0148 \u00fd\u00f6\u00adri\u00adte\u00adle\u015f\u00addi\u00adri\u00adlen ser\u00adgi\u00adsi bi\u00adlen ta\u00adny\u015f\u00adma\u00adga hem m\u00fcm\u00adkin\u00ad\u00e7i\u00adlik d\u00f6\u00adre\u00addil\u00addi.<\/p>\n","protected":false},"excerpt":{"rendered":"<p>\u015eu g\u00fcn T\u00fcrk\u00adme\u00adnis\u00adta\u00adny\u0148 Da\u00ad\u015fa\u00adry i\u015f\u00adler mi\u00adnistr\u00adli\u00adgi\u00adni\u0148 Hal\u00adka\u00adra gat\u00adna\u00ad\u015fyk\u00adlar ins\u00adti\u00adtu\u00adtyn\u00adda \u201cHal\u00adka\u00adra ha\u00adbar\u00adlar ul\u00adga\u00admyn\u00adda hyz\u00admat\u00adda\u015f\u00adlyk\u201d at\u00adly te\u00adge\u00adlek stol du\u00ad\u015fu\u00ad\u015fy\u00adgy ge\u00ad\u00e7i\u00adril\u00addi. O\u0148a \u00fdur\u00addu\u00admyz\u00adda\u00adky da\u00ad\u015fa\u00adry \u00fdurt\u00adla\u00adry\u0148 il\u00ad\u00e7i\u00adha\u00adna\u00adla\u00adry\u00adny\u0148 met\u00adbu\u00adgat at\u00adta\u00ad\u015fe\u00adle\u00adri, T\u00fcrk\u00adme\u00adnis\u00adtan\u00adda akk\u00adre\u00addi\u00adtir\u00adle\u00adnen da\u00ad\u015fa\u00adry \u00fdurt\u00adla\u00adry\u0148 k\u00f6p\u00ad\u00e7\u00fc\u00adlik\u00adle\u00ad\u00fdin ha\u00adbar be\u00adri\u015f se\u00adri\u015f\u00adde\u00adle\u00adri\u00adni\u0148 we\u00adkil\u00adle\u00adri, \u00fder\u00adli met\u00adbu\u00adgat we\u00adkil\u00adle\u00adri hem-de \u00fdur\u00addu\u00admyz\u00adda\u00adky in\u00adter\u00adnet ha\u00adbar\u00adlar por\u00adtal\u00adla\u00adry\u00adny\u0148 we\u00adkil\u00adle\u00adri hem gat\u00adna\u015f\u00addy\u00adlar. Du\u00ad\u015fu\u00ad\u015fy\u00adgy T\u00fcrk\u00adme\u00adnis\u00adta\u00adny\u0148 da\u00ad\u015fa\u00adry i\u015f\u00adler mi\u00adnist\u00adri\u00adni\u0148 orun\u00adba\u00adsa\u00adry M\u00e4h\u00adri B\u00e4\u00ad\u015fi\u00admo\u00adwa a\u00e7yp, ol [&hellip;]<\/p>\n","protected":false},"author":2,"featured_media":76628,"comment_status":"open","ping_status":"closed","sticky":false,"template":"","format":"standard","meta":{"footnotes":""},"categories":[3],"tags":[],"acf":[],"_links":{"self":[{"href":"https:\/\/zamanturkmenistan.com.tm\/index.php?rest_route=\/wp\/v2\/posts\/76626"}],"collection":[{"href":"https:\/\/zamanturkmenistan.com.tm\/index.php?rest_route=\/wp\/v2\/posts"}],"about":[{"href":"https:\/\/zamanturkmenistan.com.tm\/index.php?rest_route=\/wp\/v2\/types\/post"}],"author":[{"embeddable":true,"href":"https:\/\/zamanturkmenistan.com.tm\/index.php?rest_route=\/wp\/v2\/users\/2"}],"replies":[{"embeddable":true,"href":"https:\/\/zamanturkmenistan.com.tm\/index.php?rest_route=%2Fwp%2Fv2%2Fcomments&post=76626"}],"version-history":[{"count":1,"href":"https:\/\/zamanturkmenistan.com.tm\/index.php?rest_route=\/wp\/v2\/posts\/76626\/revisions"}],"predecessor-version":[{"id":76632,"href":"https:\/\/zamanturkmenistan.com.tm\/index.php?rest_route=\/wp\/v2\/posts\/76626\/revisions\/76632"}],"wp:featuredmedia":[{"embeddable":true,"href":"https:\/\/zamanturkmenistan.com.tm\/index.php?rest_route=\/wp\/v2\/media\/76628"}],"wp:attachment":[{"href":"https:\/\/zamanturkmenistan.com.tm\/index.php?rest_route=%2Fwp%2Fv2%2Fmedia&parent=76626"}],"wp:term":[{"taxonomy":"category","embeddable":true,"href":"https:\/\/zamanturkmenistan.com.tm\/index.php?rest_route=%2Fwp%2Fv2%2Fcategories&post=76626"},{"taxonomy":"post_tag","embeddable":true,"href":"https:\/\/zamanturkmenistan.com.tm\/index.php?rest_route=%2Fwp%2Fv2%2Ftags&post=76626"}],"curies":[{"name":"wp","href":"https:\/\/api.w.org\/{rel}","templated":true}]}}