{"id":76693,"date":"2023-04-15T10:25:59","date_gmt":"2023-04-15T05:25:59","guid":{"rendered":"https:\/\/zamanturkmenistan.com.tm\/?p=76693"},"modified":"2023-04-15T10:25:59","modified_gmt":"2023-04-15T05:25:59","slug":"pakistanyn-dowlet-dasary-isler-ministri-bilen-dususyk-gecirildi","status":"publish","type":"post","link":"https:\/\/zamanturkmenistan.com.tm\/?p=76693","title":{"rendered":"Pakistany\u0148 d\u00f6wlet da\u015fary i\u015fler ministri bilen du\u015fu\u015fyk ge\u00e7irildi"},"content":{"rendered":"<p>13-nji ap\u00adre\u00adlin\u00adde Sa\u00admar\u00adkant\u00adda Ow\u00adga\u00adnys\u00adtan bi\u00adlen go\u0148\u00ad\u015fy d\u00f6w\u00adlet\u00adle\u00adri\u00adni\u0148 da\u00ad\u015fa\u00adry i\u015f\u00adler mi\u00adnistr\u00adle\u00adri\u00adni\u0148 4-nji mej\u00adli\u00adsi\u00adne gat\u00adna\u015f\u00adma\u00adgy\u00adny\u0148 \u00e7\u00e4k\u00adle\u00adrin\u00adde T\u00fcrk\u00adme\u00adnis\u00adta\u00adny\u0148 da\u00ad\u015fa\u00adry i\u015f\u00adler mi\u00adnist\u00adri\u00adni\u0148 orun\u00adba\u00adsa\u00adry W.Ha\u00adji\u00ad\u00fde\u00adwi\u0148 Pa\u00adkis\u00adtan Ys\u00adlam Res\u00adpub\u00adli\u00adka\u00adsy\u00adny\u0148 D\u00f6w\u00adlet da\u00ad\u015fa\u00adry i\u015f\u00adler mi\u00adnist\u00adri Hi\u00adna Rab\u00adba\u00adni Har bi\u00adlen du\u00ad\u015fu\u00ad\u015fy\u00adgy ge\u00ad\u00e7i\u00adril\u00addi.<br \/>\nDu\u00ad\u015fu\u00ad\u015fy\u00adgy\u0148 do\u00adwa\u00admyn\u00adda t\u00fcrk\u00admen-pa\u00adkis\u00adtan hyz\u00admat\u00adda\u015f\u00adly\u00adgy\u00adny\u0148 \u00f6za\u00adra gy\u00adzyk\u00adlan\u00adma bil\u00addi\u00adril\u00ad\u00fd\u00e4n k\u00f6p san\u00adly me\u00adse\u00adle\u00adle\u00adri ara al\u00adnyp mas\u00adla\u00adhat\u00adla\u00ad\u015fyl\u00addy. Sy\u00ad\u00fda\u00adsy-dip\u00adlo\u00adma\u00adtik, s\u00f6w\u00adda-yk\u00addy\u00adsa\u00addy ugur\u00adlar\u00adda iki\u00adta\u00adrap\u00adla\u00ad\u00fdyn hyz\u00admat\u00adda\u015f\u00adly\u00adgy\u0148 \u00fdo\u00adka\u00adry de\u00adre\u00adje\u00adsi ka\u00adna\u00adgat\u00adlan\u00adma bi\u00adlen bel\u00adlen\u00addi.<br \/>\nTa\u00adrap\u00adlar ener\u00adge\u00adti\u00adka we ulag pu\u00addak\u00adla\u00adryn\u00adda hyz\u00admat\u00adda\u015f\u00adly\u00adgy\u0148 uly m\u00fcm\u00adkin\u00ad\u00e7i\u00adlik\u00adle\u00adri\u00adni bel\u00adle\u00addi\u00adler. TOPH gaz ge\u00ad\u00e7i\u00adri\u00adji\u00adsi\u00adni\u0148 we TOP elekt\u00adrik ge\u00ad\u00e7i\u00adri\u00adji\u00adsi\u00adni\u0148 gur\u00adlu\u00ad\u015fy\u00adgy\u00adny dur\u00admu\u00ad\u015fa ge\u00ad\u00e7ir\u00admek bo\u00ad\u00fdun\u00ad\u00e7a i\u015f\u00adle\u00adri\u0148 do\u00adwam et\u00addi\u00adril\u00adme\u00adgi\u00adni\u0148 \u00e4h\u00admi\u00ad\u00fde\u00adti nyg\u00adtal\u00addy.<br \/>\nDip\u00adlo\u00admat\u00adlar \u015fe\u00fd\u00adle-de T\u00fcrk\u00admen-pa\u00adkis\u00adtan h\u00f6\u00adk\u00fc\u00adme\u00adta\u00adra to\u00adpa\u00adry\u00adny\u0148 i\u015fi\u00adni\u0148 \u00e4h\u00admi\u00ad\u00fde\u00adti\u00adni bel\u00adle\u00addi\u00adler we \u00fda\u00adkyn wagt\u00adda To\u00adpa\u00adry\u0148 no\u00adbat\u00adda\u00adky mej\u00adli\u00adsi\u00adni\u0148 ge\u00ad\u00e7i\u00adril\u00adme\u00adgi ba\u00adra\u00adda yla\u00adla\u015f\u00addy\u00adlar.<\/p>\n","protected":false},"excerpt":{"rendered":"<p>13-nji ap\u00adre\u00adlin\u00adde Sa\u00admar\u00adkant\u00adda Ow\u00adga\u00adnys\u00adtan bi\u00adlen go\u0148\u00ad\u015fy d\u00f6w\u00adlet\u00adle\u00adri\u00adni\u0148 da\u00ad\u015fa\u00adry i\u015f\u00adler mi\u00adnistr\u00adle\u00adri\u00adni\u0148 4-nji mej\u00adli\u00adsi\u00adne gat\u00adna\u015f\u00adma\u00adgy\u00adny\u0148 \u00e7\u00e4k\u00adle\u00adrin\u00adde T\u00fcrk\u00adme\u00adnis\u00adta\u00adny\u0148 da\u00ad\u015fa\u00adry i\u015f\u00adler mi\u00adnist\u00adri\u00adni\u0148 orun\u00adba\u00adsa\u00adry W.Ha\u00adji\u00ad\u00fde\u00adwi\u0148 Pa\u00adkis\u00adtan Ys\u00adlam Res\u00adpub\u00adli\u00adka\u00adsy\u00adny\u0148 D\u00f6w\u00adlet da\u00ad\u015fa\u00adry i\u015f\u00adler mi\u00adnist\u00adri Hi\u00adna Rab\u00adba\u00adni Har bi\u00adlen du\u00ad\u015fu\u00ad\u015fy\u00adgy ge\u00ad\u00e7i\u00adril\u00addi. Du\u00ad\u015fu\u00ad\u015fy\u00adgy\u0148 do\u00adwa\u00admyn\u00adda t\u00fcrk\u00admen-pa\u00adkis\u00adtan hyz\u00admat\u00adda\u015f\u00adly\u00adgy\u00adny\u0148 \u00f6za\u00adra gy\u00adzyk\u00adlan\u00adma bil\u00addi\u00adril\u00ad\u00fd\u00e4n k\u00f6p san\u00adly me\u00adse\u00adle\u00adle\u00adri ara al\u00adnyp mas\u00adla\u00adhat\u00adla\u00ad\u015fyl\u00addy. Sy\u00ad\u00fda\u00adsy-dip\u00adlo\u00adma\u00adtik, s\u00f6w\u00adda-yk\u00addy\u00adsa\u00addy ugur\u00adlar\u00adda iki\u00adta\u00adrap\u00adla\u00ad\u00fdyn hyz\u00admat\u00adda\u015f\u00adly\u00adgy\u0148 \u00fdo\u00adka\u00adry de\u00adre\u00adje\u00adsi ka\u00adna\u00adgat\u00adlan\u00adma bi\u00adlen [&hellip;]<\/p>\n","protected":false},"author":2,"featured_media":76694,"comment_status":"open","ping_status":"closed","sticky":false,"template":"","format":"standard","meta":{"footnotes":""},"categories":[3],"tags":[],"acf":[],"_links":{"self":[{"href":"https:\/\/zamanturkmenistan.com.tm\/index.php?rest_route=\/wp\/v2\/posts\/76693"}],"collection":[{"href":"https:\/\/zamanturkmenistan.com.tm\/index.php?rest_route=\/wp\/v2\/posts"}],"about":[{"href":"https:\/\/zamanturkmenistan.com.tm\/index.php?rest_route=\/wp\/v2\/types\/post"}],"author":[{"embeddable":true,"href":"https:\/\/zamanturkmenistan.com.tm\/index.php?rest_route=\/wp\/v2\/users\/2"}],"replies":[{"embeddable":true,"href":"https:\/\/zamanturkmenistan.com.tm\/index.php?rest_route=%2Fwp%2Fv2%2Fcomments&post=76693"}],"version-history":[{"count":1,"href":"https:\/\/zamanturkmenistan.com.tm\/index.php?rest_route=\/wp\/v2\/posts\/76693\/revisions"}],"predecessor-version":[{"id":76695,"href":"https:\/\/zamanturkmenistan.com.tm\/index.php?rest_route=\/wp\/v2\/posts\/76693\/revisions\/76695"}],"wp:featuredmedia":[{"embeddable":true,"href":"https:\/\/zamanturkmenistan.com.tm\/index.php?rest_route=\/wp\/v2\/media\/76694"}],"wp:attachment":[{"href":"https:\/\/zamanturkmenistan.com.tm\/index.php?rest_route=%2Fwp%2Fv2%2Fmedia&parent=76693"}],"wp:term":[{"taxonomy":"category","embeddable":true,"href":"https:\/\/zamanturkmenistan.com.tm\/index.php?rest_route=%2Fwp%2Fv2%2Fcategories&post=76693"},{"taxonomy":"post_tag","embeddable":true,"href":"https:\/\/zamanturkmenistan.com.tm\/index.php?rest_route=%2Fwp%2Fv2%2Ftags&post=76693"}],"curies":[{"name":"wp","href":"https:\/\/api.w.org\/{rel}","templated":true}]}}