{"id":76723,"date":"2023-04-15T13:09:11","date_gmt":"2023-04-15T08:09:11","guid":{"rendered":"https:\/\/zamanturkmenistan.com.tm\/?p=76723"},"modified":"2023-04-15T13:09:11","modified_gmt":"2023-04-15T08:09:11","slug":"hindistanda-tans-rekordy","status":"publish","type":"post","link":"https:\/\/zamanturkmenistan.com.tm\/?p=76723","title":{"rendered":"Hindistanda tans rekordy"},"content":{"rendered":"<p>Hindistany\u0148 Assam \u015ftatyny\u0148 Guwahati \u015f\u00e4herinde 11 m\u00fc\u0148den gowrak tans\u00e7y we sazanda Bihu tansyny \u00fderine \u00fdetirip, tans\u00e7ylary\u0148 we deprek\u00e7ileri\u0148 sany bo\u00fdun\u00e7a iki sany d\u00fcn\u00fd\u00e4 rekordyny go\u00fddular. Bu barada \u201cEuronews\u201d tele\u00fda\u00fdlymy habar berdi. \u00a0Assam medeni\u00fdetini\u0148 a\u00fdrylmaz b\u00f6legi bolan Bihu tansy \u00fderli senenamada T\u00e4ze \u00fdyly\u0148 ba\u015flanmagyny a\u0148ladyp, her \u00fdylda gural\u00fdan festiwalda \u00fderine \u00fdetiril\u00fd\u00e4r.<\/p>\n","protected":false},"excerpt":{"rendered":"<p>Hindistany\u0148 Assam \u015ftatyny\u0148 Guwahati \u015f\u00e4herinde 11 m\u00fc\u0148den gowrak tans\u00e7y we sazanda Bihu tansyny \u00fderine \u00fdetirip, tans\u00e7ylary\u0148 we deprek\u00e7ileri\u0148 sany bo\u00fdun\u00e7a iki sany d\u00fcn\u00fd\u00e4 rekordyny go\u00fddular. Bu barada \u201cEuronews\u201d tele\u00fda\u00fdlymy habar berdi. \u00a0Assam medeni\u00fdetini\u0148 a\u00fdrylmaz b\u00f6legi bolan Bihu tansy \u00fderli senenamada T\u00e4ze \u00fdyly\u0148 ba\u015flanmagyny a\u0148ladyp, her \u00fdylda gural\u00fdan festiwalda \u00fderine \u00fdetiril\u00fd\u00e4r.<\/p>\n","protected":false},"author":2,"featured_media":76724,"comment_status":"open","ping_status":"closed","sticky":false,"template":"","format":"standard","meta":{"footnotes":""},"categories":[5],"tags":[],"acf":[],"_links":{"self":[{"href":"https:\/\/zamanturkmenistan.com.tm\/index.php?rest_route=\/wp\/v2\/posts\/76723"}],"collection":[{"href":"https:\/\/zamanturkmenistan.com.tm\/index.php?rest_route=\/wp\/v2\/posts"}],"about":[{"href":"https:\/\/zamanturkmenistan.com.tm\/index.php?rest_route=\/wp\/v2\/types\/post"}],"author":[{"embeddable":true,"href":"https:\/\/zamanturkmenistan.com.tm\/index.php?rest_route=\/wp\/v2\/users\/2"}],"replies":[{"embeddable":true,"href":"https:\/\/zamanturkmenistan.com.tm\/index.php?rest_route=%2Fwp%2Fv2%2Fcomments&post=76723"}],"version-history":[{"count":1,"href":"https:\/\/zamanturkmenistan.com.tm\/index.php?rest_route=\/wp\/v2\/posts\/76723\/revisions"}],"predecessor-version":[{"id":76725,"href":"https:\/\/zamanturkmenistan.com.tm\/index.php?rest_route=\/wp\/v2\/posts\/76723\/revisions\/76725"}],"wp:featuredmedia":[{"embeddable":true,"href":"https:\/\/zamanturkmenistan.com.tm\/index.php?rest_route=\/wp\/v2\/media\/76724"}],"wp:attachment":[{"href":"https:\/\/zamanturkmenistan.com.tm\/index.php?rest_route=%2Fwp%2Fv2%2Fmedia&parent=76723"}],"wp:term":[{"taxonomy":"category","embeddable":true,"href":"https:\/\/zamanturkmenistan.com.tm\/index.php?rest_route=%2Fwp%2Fv2%2Fcategories&post=76723"},{"taxonomy":"post_tag","embeddable":true,"href":"https:\/\/zamanturkmenistan.com.tm\/index.php?rest_route=%2Fwp%2Fv2%2Ftags&post=76723"}],"curies":[{"name":"wp","href":"https:\/\/api.w.org\/{rel}","templated":true}]}}