{"id":76775,"date":"2023-04-17T10:18:42","date_gmt":"2023-04-17T05:18:42","guid":{"rendered":"https:\/\/zamanturkmenistan.com.tm\/?p=76775"},"modified":"2023-04-17T10:18:42","modified_gmt":"2023-04-17T05:18:42","slug":"yb-merkezi-aziya-ykdysady-forumy-geciriler","status":"publish","type":"post","link":"https:\/\/zamanturkmenistan.com.tm\/?p=76775","title":{"rendered":"\u201c\u00ddB &#8211; Merkezi Azi\u00fda\u201d ykdysady forumy ge\u00e7iriler"},"content":{"rendered":"<p>Ikin\u00adji \u00ddew\u00adro\u00adpa Bi\u00adle\u00adle\u00ad\u015fi\u00adgi &#8211; Mer\u00adke\u00adzi Azi\u00ad\u00fda yk\u00addy\u00adsa\u00addy fo\u00adru\u00admy 2023-nji \u00fdy\u00adly\u0148 18-19-njy ma\u00ad\u00fdyn\u00adda Ga\u00adza\u00adgys\u00adta\u00adny\u0148 Al\u00adma\u00adty \u015f\u00e4\u00adhe\u00adrin\u00adde ge\u00ad\u00e7i\u00adri\u00adler. Bu fo\u00adrum\u00adda \u201c\u00ddB &#8211; Mer\u00adke\u00adzi Azi\u00ad\u00fda\u201d for\u00adma\u00adtyn\u00adda\u00adky yk\u00addy\u00adsa\u00addy hyz\u00admat\u00adda\u015f\u00adly\u00adgy \u00fc\u00e7 sa\u00adny esa\u00adsy ile\u00adri tu\u00adtul\u00ad\u00fdan ugur\u00adda &#8211; \u201c\u00fda\u00ad\u015fyl\u201d we san\u00adly \u00f6z\u00adgert\u00adme\u00adler, i\u015fe\u00adw\u00fcr\u00adlik gur\u00ad\u015fa\u00adwy\u00adny go\u00adwu\u00adlan\u00addyr\u00admak, s\u00f6w\u00adda in\u00adteg\u00adra\u00adsi\u00ad\u00fda\u00adsy\u00adny \u00f6s\u00add\u00fcr\u00admek ba\u00adbat\u00adda ta\u00adgal\u00adla\u00adla\u00adry i\u015f\u00adje\u0148\u00adle\u015f\u00addir\u00adme\u00adgi mak\u00adsat edi\u00adnil\u00ad\u00fd\u00e4r.<br \/>\nFo\u00adru\u00adma Mer\u00adke\u00adzi Azi\u00ad\u00fda \u00fdurt\u00adla\u00adry\u00adny\u0148 \u00fdo\u00adka\u00adry de\u00adre\u00adje\u00adli h\u00f6\u00adk\u00fc\u00admet ag\u00adza\u00adla\u00adry, \u00ddew\u00adro\u00adpa\u00adny\u0148 ma\u00ad\u00fda go\u00ad\u00fdum ban\u00adky\u00adny\u0148, \u00ddew\u00adro\u00adpa\u00adny\u0148 t\u00e4\u00adze\u00adle\u00adni\u015f we \u00f6s\u00fc\u015f ban\u00adky\u00adny\u0148, hal\u00adka\u00adra ma\u00adli\u00ad\u00fde gu\u00adra\u00adma\u00adla\u00adry\u00adny\u0148, ab\u00adra\u00fd\u00adly hu\u00adsu\u00adsy kor\u00adpo\u00adra\u00adsi\u00ad\u00fda\u00adla\u00adry\u0148 we\u00adkil\u00adle\u00adri gat\u00adna\u00ad\u015far\u00adlar. Bu \u00e7\u00e4\u00adre Yk\u00addy\u00adsa\u00addy hyz\u00admat\u00adda\u015f\u00adlyk we \u00f6s\u00fc\u015f gu\u00adra\u00adma\u00adsy bi\u00adlen hyz\u00admat\u00adda\u015f\u00adlyk\u00adda gu\u00adra\u00adlar.<br \/>\nIl\u00adkin\u00adji \u00ddB-Mer\u00adke\u00adzi Azi\u00ad\u00fda yk\u00addy\u00adsa\u00addy fo\u00adru\u00admy 2021-nji \u00fdy\u00adly\u0148 no\u00ad\u00fdabr a\u00fdyn\u00adda Bi\u015f\u00adkek\u00adde (Gyr\u00adgy\u00adzys\u00adtan) ge\u00ad\u00e7i\u00adril\u00addi. O\u0148a gat\u00adna\u00ad\u015fan \u00fdurt\u00adlar se\u00adbi\u00adta\u00adra hyz\u00admat\u00adda\u015f\u00adly\u00adgy \u00f6s\u00add\u00fcr\u00adm\u00e4\u00adge we yk\u00addy\u00adsa\u00addy gat\u00adna\u00ad\u015fyk\u00adla\u00adry gi\u00ad\u0148elt\u00adm\u00e4\u00adge, \u015fol san\u00adda &#8220;\u00fda\u00ad\u015fyl&#8221; ugur\u00adda gy\u00adzyk\u00adlan\u00adma bil\u00addir\u00addi\u00adler.<\/p>\n","protected":false},"excerpt":{"rendered":"<p>Ikin\u00adji \u00ddew\u00adro\u00adpa Bi\u00adle\u00adle\u00ad\u015fi\u00adgi &#8211; Mer\u00adke\u00adzi Azi\u00ad\u00fda yk\u00addy\u00adsa\u00addy fo\u00adru\u00admy 2023-nji \u00fdy\u00adly\u0148 18-19-njy ma\u00ad\u00fdyn\u00adda Ga\u00adza\u00adgys\u00adta\u00adny\u0148 Al\u00adma\u00adty \u015f\u00e4\u00adhe\u00adrin\u00adde ge\u00ad\u00e7i\u00adri\u00adler. Bu fo\u00adrum\u00adda \u201c\u00ddB &#8211; Mer\u00adke\u00adzi Azi\u00ad\u00fda\u201d for\u00adma\u00adtyn\u00adda\u00adky yk\u00addy\u00adsa\u00addy hyz\u00admat\u00adda\u015f\u00adly\u00adgy \u00fc\u00e7 sa\u00adny esa\u00adsy ile\u00adri tu\u00adtul\u00ad\u00fdan ugur\u00adda &#8211; \u201c\u00fda\u00ad\u015fyl\u201d we san\u00adly \u00f6z\u00adgert\u00adme\u00adler, i\u015fe\u00adw\u00fcr\u00adlik gur\u00ad\u015fa\u00adwy\u00adny go\u00adwu\u00adlan\u00addyr\u00admak, s\u00f6w\u00adda in\u00adteg\u00adra\u00adsi\u00ad\u00fda\u00adsy\u00adny \u00f6s\u00add\u00fcr\u00admek ba\u00adbat\u00adda ta\u00adgal\u00adla\u00adla\u00adry i\u015f\u00adje\u0148\u00adle\u015f\u00addir\u00adme\u00adgi mak\u00adsat edi\u00adnil\u00ad\u00fd\u00e4r. Fo\u00adru\u00adma Mer\u00adke\u00adzi Azi\u00ad\u00fda \u00fdurt\u00adla\u00adry\u00adny\u0148 \u00fdo\u00adka\u00adry de\u00adre\u00adje\u00adli h\u00f6\u00adk\u00fc\u00admet ag\u00adza\u00adla\u00adry, [&hellip;]<\/p>\n","protected":false},"author":2,"featured_media":76776,"comment_status":"open","ping_status":"closed","sticky":false,"template":"","format":"standard","meta":{"footnotes":""},"categories":[5],"tags":[],"acf":[],"_links":{"self":[{"href":"https:\/\/zamanturkmenistan.com.tm\/index.php?rest_route=\/wp\/v2\/posts\/76775"}],"collection":[{"href":"https:\/\/zamanturkmenistan.com.tm\/index.php?rest_route=\/wp\/v2\/posts"}],"about":[{"href":"https:\/\/zamanturkmenistan.com.tm\/index.php?rest_route=\/wp\/v2\/types\/post"}],"author":[{"embeddable":true,"href":"https:\/\/zamanturkmenistan.com.tm\/index.php?rest_route=\/wp\/v2\/users\/2"}],"replies":[{"embeddable":true,"href":"https:\/\/zamanturkmenistan.com.tm\/index.php?rest_route=%2Fwp%2Fv2%2Fcomments&post=76775"}],"version-history":[{"count":1,"href":"https:\/\/zamanturkmenistan.com.tm\/index.php?rest_route=\/wp\/v2\/posts\/76775\/revisions"}],"predecessor-version":[{"id":76777,"href":"https:\/\/zamanturkmenistan.com.tm\/index.php?rest_route=\/wp\/v2\/posts\/76775\/revisions\/76777"}],"wp:featuredmedia":[{"embeddable":true,"href":"https:\/\/zamanturkmenistan.com.tm\/index.php?rest_route=\/wp\/v2\/media\/76776"}],"wp:attachment":[{"href":"https:\/\/zamanturkmenistan.com.tm\/index.php?rest_route=%2Fwp%2Fv2%2Fmedia&parent=76775"}],"wp:term":[{"taxonomy":"category","embeddable":true,"href":"https:\/\/zamanturkmenistan.com.tm\/index.php?rest_route=%2Fwp%2Fv2%2Fcategories&post=76775"},{"taxonomy":"post_tag","embeddable":true,"href":"https:\/\/zamanturkmenistan.com.tm\/index.php?rest_route=%2Fwp%2Fv2%2Ftags&post=76775"}],"curies":[{"name":"wp","href":"https:\/\/api.w.org\/{rel}","templated":true}]}}