{"id":76798,"date":"2023-04-17T10:34:33","date_gmt":"2023-04-17T05:34:33","guid":{"rendered":"https:\/\/zamanturkmenistan.com.tm\/?p=76798"},"modified":"2023-04-17T10:34:33","modified_gmt":"2023-04-17T05:34:33","slug":"sozi-manysy-bilen-owrenelin-23","status":"publish","type":"post","link":"https:\/\/zamanturkmenistan.com.tm\/?p=76798","title":{"rendered":"S\u00f6zi manysy bilen \u00f6wreneli\u0148!"},"content":{"rendered":"<p><strong>\u00abDa\u00adragt bir \u00fder\u00adde ke\u00admal ta\u00adpar\u00bb\u00a0<\/strong><\/p>\n<p>Dur\u00admu\u00ad\u015fy te\u00adma\u00adda d\u00f6\u00adre\u00addi\u00adlen bu na\u00adkyl\u00adda ada\u00admy\u0148 bel\u00adli bir ug\u00adry sa\u00fd\u00adlap, us\u00adsat\u00adly\u00adga \u00fdet\u00adme\u00adli\u00addi\u00adgi be\u00ad\u00fdan edil\u00ad\u00fd\u00e4r. Bil\u00ad\u015fi\u00admiz \u00fda\u00adly, aga\u00adjy bir \u00fde\u00adre ekip, so\u0148\u00adra ba\u015f\u00adga bir \u00fde\u00adre g\u00f6\u00ad\u00e7\u00fc\u00adrip, \u00fde\u00adne-de do\u00adwam\u00adly \u015fol \u00fdag\u00adda\u00fd\u00adlar ga\u00fd\u00adta\u00adlan\u00adsa, ne aga\u00e7 d\u00fc\u00fdp alar, ne-de bo\u00fd alyp ha\u00adsyl ge\u00adti\u00adrer. Aga\u00e7 bir \u00fder\u00adde d\u00fc\u00fdp tu\u00adtup, \u015fol \u00fder\u00adde-de ha\u00adsyl ge\u00adtir\u00ad\u00fd\u00e4r, \u00fdag\u00adny bir \u00fder\u00adde ke\u00admal tap\u00ad\u00fdar. Bu na\u00adkyl\u00adda aga\u00adjy\u0148 ma\u00adny\u00adsyn\u00adda ada\u00admy\u0148 bol\u00ad\u015fy g\u00f6z \u00f6\u0148\u00fcn\u00adde tu\u00adtul\u00ad\u00fdar. Ata-ba\u00adba\u00adla\u00adry\u00admyz bu g\u00fcn bir i\u015fi\u0148 ba\u00ad\u015fy\u00adny ba\u015f\u00adlap, er\u00adtir ba\u015f\u00adga bir i\u015f bi\u00adlen me\u015f\u00adgul\u00adlan\u00adma\u00adgy, bi\u00adri\u00adg\u00fcn \u00fde\u00adne bir i\u015fi\u0148 ba\u00ad\u015fy\u00adna ge\u00e7\u00adme\u00adgi mas\u00adla\u00adhat ber\u00adm\u00e4n\u00addir\u00adler. Ha\u00fd\u00adsy hem bol\u00adsa bir ug\u00adry, bir k\u00e4\u00adri sa\u00fd\u00adlap, \u015fo\u00ad\u0148a h\u00f6\u00adwes bi\u00adlen \u00fda\u00adpy\u015f\u00adma\u00adgy, \u015fol ugur\u00addan k\u00e4\u00admil\u00adle\u015f\u00adme\u00adgi \u00fcn\u00add\u00e4p\u00addir\u00adler. \u015ee\u00fd\u00adle \u00fdag\u00adda\u00fd\u00adda ada\u00admy\u0148 be\u00adre\u00adkedi\u00adni\u0148 art\u00adjak\u00addy\u00adgy\u00adny, k\u00f6p za\u00addy ba\u00ad\u015far\u00adjak bo\u00adlup, az zat\u00addan gal\u00admaz\u00adly\u00adgy wes\u00ad\u00fdet edip\u00addir\u00adler. Ada\u00admy\u0148 \u00fc\u00fdt\u00adgew\u00adsiz we tu\u00adtan\u00ad\u00fder\u00adli bol\u00adma\u00adgy di\u00ad\u0148e bir h\u00fc\u00adn\u00e4r sa\u00fd\u00adla\u00admak bi\u00adlen \u00e7\u00e4k\u00adlen\u00adm\u00e4n, dur\u00admu\u015f\u00adda\u00adky is\u00adlen\u00addik \u00fdag\u00adda\u00ad\u00fda hem de\u00adgi\u015f\u00adli\u00addir.<\/p>\n","protected":false},"excerpt":{"rendered":"<p>\u00abDa\u00adragt bir \u00fder\u00adde ke\u00admal ta\u00adpar\u00bb\u00a0 Dur\u00admu\u00ad\u015fy te\u00adma\u00adda d\u00f6\u00adre\u00addi\u00adlen bu na\u00adkyl\u00adda ada\u00admy\u0148 bel\u00adli bir ug\u00adry sa\u00fd\u00adlap, us\u00adsat\u00adly\u00adga \u00fdet\u00adme\u00adli\u00addi\u00adgi be\u00ad\u00fdan edil\u00ad\u00fd\u00e4r. Bil\u00ad\u015fi\u00admiz \u00fda\u00adly, aga\u00adjy bir \u00fde\u00adre ekip, so\u0148\u00adra ba\u015f\u00adga bir \u00fde\u00adre g\u00f6\u00ad\u00e7\u00fc\u00adrip, \u00fde\u00adne-de do\u00adwam\u00adly \u015fol \u00fdag\u00adda\u00fd\u00adlar ga\u00fd\u00adta\u00adlan\u00adsa, ne aga\u00e7 d\u00fc\u00fdp alar, ne-de bo\u00fd alyp ha\u00adsyl ge\u00adti\u00adrer. Aga\u00e7 bir \u00fder\u00adde d\u00fc\u00fdp tu\u00adtup, \u015fol \u00fder\u00adde-de ha\u00adsyl ge\u00adtir\u00ad\u00fd\u00e4r, \u00fdag\u00adny bir [&hellip;]<\/p>\n","protected":false},"author":2,"featured_media":76799,"comment_status":"open","ping_status":"closed","sticky":false,"template":"","format":"standard","meta":{"footnotes":""},"categories":[9],"tags":[],"acf":[],"_links":{"self":[{"href":"https:\/\/zamanturkmenistan.com.tm\/index.php?rest_route=\/wp\/v2\/posts\/76798"}],"collection":[{"href":"https:\/\/zamanturkmenistan.com.tm\/index.php?rest_route=\/wp\/v2\/posts"}],"about":[{"href":"https:\/\/zamanturkmenistan.com.tm\/index.php?rest_route=\/wp\/v2\/types\/post"}],"author":[{"embeddable":true,"href":"https:\/\/zamanturkmenistan.com.tm\/index.php?rest_route=\/wp\/v2\/users\/2"}],"replies":[{"embeddable":true,"href":"https:\/\/zamanturkmenistan.com.tm\/index.php?rest_route=%2Fwp%2Fv2%2Fcomments&post=76798"}],"version-history":[{"count":1,"href":"https:\/\/zamanturkmenistan.com.tm\/index.php?rest_route=\/wp\/v2\/posts\/76798\/revisions"}],"predecessor-version":[{"id":76800,"href":"https:\/\/zamanturkmenistan.com.tm\/index.php?rest_route=\/wp\/v2\/posts\/76798\/revisions\/76800"}],"wp:featuredmedia":[{"embeddable":true,"href":"https:\/\/zamanturkmenistan.com.tm\/index.php?rest_route=\/wp\/v2\/media\/76799"}],"wp:attachment":[{"href":"https:\/\/zamanturkmenistan.com.tm\/index.php?rest_route=%2Fwp%2Fv2%2Fmedia&parent=76798"}],"wp:term":[{"taxonomy":"category","embeddable":true,"href":"https:\/\/zamanturkmenistan.com.tm\/index.php?rest_route=%2Fwp%2Fv2%2Fcategories&post=76798"},{"taxonomy":"post_tag","embeddable":true,"href":"https:\/\/zamanturkmenistan.com.tm\/index.php?rest_route=%2Fwp%2Fv2%2Ftags&post=76798"}],"curies":[{"name":"wp","href":"https:\/\/api.w.org\/{rel}","templated":true}]}}