{"id":7697,"date":"2017-05-27T06:46:34","date_gmt":"2017-05-27T06:46:34","guid":{"rendered":"http:\/\/zamanturkmenistan.com\/?p=7697"},"modified":"2017-05-27T08:56:15","modified_gmt":"2017-05-27T08:56:15","slug":"im%c2%adpe%c2%adra%c2%adtor-tag%c2%adty%c2%adny-tab%c2%adsyr%c2%adyar","status":"publish","type":"post","link":"https:\/\/zamanturkmenistan.com.tm\/?p=7697","title":{"rendered":"Im\u00adpe\u00adra\u00adtor tag\u00adty\u00adny tab\u00ad\u015fyr\u00ad\u00fdar"},"content":{"rendered":"<p>\u00dda\u00adpo\u00adni\u00ad\u00fda\u00adny\u0148 ta\u00adry\u00adhyn\u00adda i\u0148 so\u0148\u00adky ge\u00adzek \u015fe\u00fd\u00adle \u00fdag\u00adda\u00fd 1817-nji \u00fdyl\u00adda bo\u00adlup\u00addy. K\u00f6p \u00fdyl\u00adlar\u00addan so\u0148\u00adra Im\u00adpe\u00adra\u00adtor Aki\u00adhi\u00adto \u00f6z is\u00adle\u00adgi bilen tag\u00adty\u00adny tab\u00ad\u015fyr\u00adma\u00adga m\u00fcm\u00adkin\u00ad\u00e7i\u00adlik al\u00addy. Ge\u00ad\u00e7en hep\u00adde \u00fdur\u00addu\u0148 Prem\u00ad\u00fder-mi\u00adnist\u00adri Sind\u00adzo Abeni\u0148 \u00fdol\u00adba\u015f\u00ad\u00e7y\u00adly\u00adgyn\u00adda\u00adky \u00fda\u00adpon h\u00f6\u00adk\u00fc\u00adme\u00adti Im\u00adpe\u00adra\u00adto\u00adry\u0148 tag\u00adty\u00adny me\u00fd\u00adle\u00adtin tab\u00ad\u015fyr\u00adma\u00adgy ba\u00adra\u00adda\u00adky ka\u00adnuny\u0148 tas\u00adla\u00adma\u00adsy\u00adny o\u0148\u00adla\u00addy we mej\u00adli\u00adsi\u0148 ga\u00adra\u00adma\u00adgy\u00adna h\u00f6\u00add\u00fcr\u00adle\u00addi. \u00ddur\u00addu\u0148 Mej\u00adli\u00adsi bu ka\u00adnuny\u0148 tas\u00adla\u00adma\u00adsy\u00adna i\u00fdun a\u00fdyn\u00adda se\u00adre\u00adder.<br \/>\nBu ka\u00adnun di\u00ad\u0148e \u015fu wagt\u00adky im\u00adpe\u00adra\u00adto\u00adra de\u00adgi\u015f\u00adli edilip, onu\u0148 orun\u00adtu\u00adta\u00adry\u00adna de\u00adgi\u015f\u00adli bolmaz. 83 \u00fda\u00ad\u015fyn\u00adda\u00adky Im\u00adpe\u00adra\u00adtor Aki\u00adhi\u00adto \u00f6z \u00e7y\u00adky\u00ad\u015fyn\u00adda sag\u00adlyk \u00fdag\u00adda\u00fd\u00ady se\u00adb\u00e4p\u00adli d\u00f6w\u00adlet jo\u00adgap\u00adk\u00e4r\u00ad\u00e7i\u00adlik\u00adle\u00adri\u00adni \u00fde\u00adri\u00adne \u00fde\u00adti\u00adrip bil\u00adme\u00adjekdigini m\u00e4\u00adlim et\u00addi. Ol \u015fo\u00adnu\u0148 \u00fc\u00e7in we\u00adzi\u00adpe\u00adsi\u00adni me\u00fd\u00adle\u00adtin tab\u00ad\u015fyr\u00admak is\u00adle\u00ad\u00fd\u00e4n\u00addi\u00adgi\u00adni ha\u00adbar ber\u00addi.<br \/>\nIm\u00adpe\u00adra\u00adtor tag\u00adty\u00adny 2018-nji \u00fdy\u00adly\u0148 ahy\u00adryn\u00adda tab\u00ad\u015fy\u00adrar. Onu\u0148 \u00fde\u00adri\u00adne 57 \u00fda\u00ad\u015fyn\u00adda\u00adky og\u00adly mi\u00adra\u00adsd\u00fc\u00ad\u015fer \u015fa\u00adza\u00adda Na\u00adru\u00adhi\u00adto ge\u00ad\u00e7er. \u015ee\u00fd\u00adle\u00adlik\u00adde, Aki\u00adhi\u00adto \u00fdur\u00addu\u0148 ta\u00adry\u00adhyn\u00adda 125-nji Im\u00adpe\u00adra\u00adtor bo\u00adlar. \u015ee\u00fd\u00adle hem ol we\u00adzi\u00adpe\u00adsi\u00adni me\u00fdletin tab\u00ad\u015fy\u00adran im\u00adpe\u00adra\u00adtor\u00adla\u00adry\u0148 sa\u00adna\u00adwy\u00adnda \u00f6z or\u00adnu\u00adny alar. <\/p>\n","protected":false},"excerpt":{"rendered":"<p>\u00dda\u00adpo\u00adni\u00ad\u00fda\u00adny\u0148 ta\u00adry\u00adhyn\u00adda i\u0148 so\u0148\u00adky ge\u00adzek \u015fe\u00fd\u00adle \u00fdag\u00adda\u00fd 1817-nji \u00fdyl\u00adda bo\u00adlup\u00addy. K\u00f6p \u00fdyl\u00adlar\u00addan so\u0148\u00adra Im\u00adpe\u00adra\u00adtor Aki\u00adhi\u00adto \u00f6z is\u00adle\u00adgi bilen tag\u00adty\u00adny tab\u00ad\u015fyr\u00adma\u00adga m\u00fcm\u00adkin\u00ad\u00e7i\u00adlik al\u00addy. Ge\u00ad\u00e7en hep\u00adde \u00fdur\u00addu\u0148 Prem\u00ad\u00fder-mi\u00adnist\u00adri Sind\u00adzo Abeni\u0148 \u00fdol\u00adba\u015f\u00ad\u00e7y\u00adly\u00adgyn\u00adda\u00adky \u00fda\u00adpon h\u00f6\u00adk\u00fc\u00adme\u00adti Im\u00adpe\u00adra\u00adto\u00adry\u0148 tag\u00adty\u00adny me\u00fd\u00adle\u00adtin tab\u00ad\u015fyr\u00adma\u00adgy ba\u00adra\u00adda\u00adky ka\u00adnuny\u0148 tas\u00adla\u00adma\u00adsy\u00adny o\u0148\u00adla\u00addy we mej\u00adli\u00adsi\u0148 ga\u00adra\u00adma\u00adgy\u00adna h\u00f6\u00add\u00fcr\u00adle\u00addi. \u00ddur\u00addu\u0148 Mej\u00adli\u00adsi bu ka\u00adnuny\u0148 tas\u00adla\u00adma\u00adsy\u00adna i\u00fdun a\u00fdyn\u00adda se\u00adre\u00adder. Bu ka\u00adnun di\u00ad\u0148e \u015fu [&hellip;]<\/p>\n","protected":false},"author":1,"featured_media":7792,"comment_status":"open","ping_status":"closed","sticky":false,"template":"","format":"standard","meta":{"footnotes":""},"categories":[5],"tags":[],"acf":[],"_links":{"self":[{"href":"https:\/\/zamanturkmenistan.com.tm\/index.php?rest_route=\/wp\/v2\/posts\/7697"}],"collection":[{"href":"https:\/\/zamanturkmenistan.com.tm\/index.php?rest_route=\/wp\/v2\/posts"}],"about":[{"href":"https:\/\/zamanturkmenistan.com.tm\/index.php?rest_route=\/wp\/v2\/types\/post"}],"author":[{"embeddable":true,"href":"https:\/\/zamanturkmenistan.com.tm\/index.php?rest_route=\/wp\/v2\/users\/1"}],"replies":[{"embeddable":true,"href":"https:\/\/zamanturkmenistan.com.tm\/index.php?rest_route=%2Fwp%2Fv2%2Fcomments&post=7697"}],"version-history":[{"count":0,"href":"https:\/\/zamanturkmenistan.com.tm\/index.php?rest_route=\/wp\/v2\/posts\/7697\/revisions"}],"wp:featuredmedia":[{"embeddable":true,"href":"https:\/\/zamanturkmenistan.com.tm\/index.php?rest_route=\/wp\/v2\/media\/7792"}],"wp:attachment":[{"href":"https:\/\/zamanturkmenistan.com.tm\/index.php?rest_route=%2Fwp%2Fv2%2Fmedia&parent=7697"}],"wp:term":[{"taxonomy":"category","embeddable":true,"href":"https:\/\/zamanturkmenistan.com.tm\/index.php?rest_route=%2Fwp%2Fv2%2Fcategories&post=7697"},{"taxonomy":"post_tag","embeddable":true,"href":"https:\/\/zamanturkmenistan.com.tm\/index.php?rest_route=%2Fwp%2Fv2%2Ftags&post=7697"}],"curies":[{"name":"wp","href":"https:\/\/api.w.org\/{rel}","templated":true}]}}