{"id":77323,"date":"2023-04-26T11:32:12","date_gmt":"2023-04-26T06:32:12","guid":{"rendered":"https:\/\/zamanturkmenistan.com.tm\/?p=77323"},"modified":"2023-04-26T11:32:12","modified_gmt":"2023-04-26T06:32:12","slug":"yere-menzes-planetalar-cak-edilisinden-kop","status":"publish","type":"post","link":"https:\/\/zamanturkmenistan.com.tm\/?p=77323","title":{"rendered":"\u00dde\u00adre me\u0148\u00adze\u015f pla\u00adne\u00adta\u00adlar \u00e7ak edili\u015finden k\u00f6p"},"content":{"rendered":"<p>AB\u015e-ly ast\u00adro\u00adnom\u00adla\u00adry\u0148 pi\u00adki\u00adri\u00adne g\u00f6\u00adr\u00e4, \u00dde\u00adre me\u0148\u00adze\u015f pla\u00adne\u00adta\u00adlar pi\u00adkir edi\u00adli\u00ad\u015fin\u00adden k\u00f6p bo\u00adlup bi\u00adler. Ka\u00adli\u00adfor\u00adni\u00ad\u00fda uni\u00adwer\u00adsi\u00adte\u00adti\u00adni\u0148 alym\u00adla\u00adry wo\u00addo\u00adrod at\u00admos\u00adfe\u00adra\u00adsy hem-de er\u00e4n mag\u00adma um\u00adman\u00adla\u00adry bo\u00adlan a\u015fa uzak\u00adda\u00adky pla\u00adne\u00adta\u00adlar\u00adda su\u00adwu\u0148 n\u00e4\u00adhi\u00adli eme\u00adle ge\u00adlen\u00addi\u00adgi ba\u00adra\u00adda bar\u00adlag ge\u00ad\u00e7ir\u00addi\u00adler. Kar\u00adne\u00adgi bi\u00adlim ins\u00adti\u00adtu\u00adty bi\u00adlen bi\u00adle\u00adlik\u00adde ge\u00ad\u00e7i\u00adri\u00adlen yl\u00admy bar\u00adla\u00adgy\u0148 ne\u00adti\u00adje\u00adsin\u00adde suw\u00adly pla\u00adne\u00adta\u00adla\u00adry\u0148 ozal pi\u00adkir edi\u00adli\u00ad\u015fi \u00fda\u00adly se\u00fd\u00adrek d\u00e4l\u00addi\u00adgi we \u00dde\u00adre me\u0148\u00adze\u015f pla\u00adne\u00adta\u00adlar\u00adda su\u00adwu\u0148 bol\u00admak \u00e4h\u00adti\u00admal\u00adly\u00adgy\u00adny\u0148 \u00f6r\u00e4n \u00fdo\u00adka\u00adry\u00addy\u00adgy bel\u00adle\u00adnil\u00addi.<\/p>\n","protected":false},"excerpt":{"rendered":"<p>AB\u015e-ly ast\u00adro\u00adnom\u00adla\u00adry\u0148 pi\u00adki\u00adri\u00adne g\u00f6\u00adr\u00e4, \u00dde\u00adre me\u0148\u00adze\u015f pla\u00adne\u00adta\u00adlar pi\u00adkir edi\u00adli\u00ad\u015fin\u00adden k\u00f6p bo\u00adlup bi\u00adler. Ka\u00adli\u00adfor\u00adni\u00ad\u00fda uni\u00adwer\u00adsi\u00adte\u00adti\u00adni\u0148 alym\u00adla\u00adry wo\u00addo\u00adrod at\u00admos\u00adfe\u00adra\u00adsy hem-de er\u00e4n mag\u00adma um\u00adman\u00adla\u00adry bo\u00adlan a\u015fa uzak\u00adda\u00adky pla\u00adne\u00adta\u00adlar\u00adda su\u00adwu\u0148 n\u00e4\u00adhi\u00adli eme\u00adle ge\u00adlen\u00addi\u00adgi ba\u00adra\u00adda bar\u00adlag ge\u00ad\u00e7ir\u00addi\u00adler. Kar\u00adne\u00adgi bi\u00adlim ins\u00adti\u00adtu\u00adty bi\u00adlen bi\u00adle\u00adlik\u00adde ge\u00ad\u00e7i\u00adri\u00adlen yl\u00admy bar\u00adla\u00adgy\u0148 ne\u00adti\u00adje\u00adsin\u00adde suw\u00adly pla\u00adne\u00adta\u00adla\u00adry\u0148 ozal pi\u00adkir edi\u00adli\u00ad\u015fi \u00fda\u00adly se\u00fd\u00adrek d\u00e4l\u00addi\u00adgi we \u00dde\u00adre me\u0148\u00adze\u015f pla\u00adne\u00adta\u00adlar\u00adda su\u00adwu\u0148 bol\u00admak [&hellip;]<\/p>\n","protected":false},"author":2,"featured_media":60787,"comment_status":"open","ping_status":"closed","sticky":false,"template":"","format":"standard","meta":{"footnotes":""},"categories":[5],"tags":[],"acf":[],"_links":{"self":[{"href":"https:\/\/zamanturkmenistan.com.tm\/index.php?rest_route=\/wp\/v2\/posts\/77323"}],"collection":[{"href":"https:\/\/zamanturkmenistan.com.tm\/index.php?rest_route=\/wp\/v2\/posts"}],"about":[{"href":"https:\/\/zamanturkmenistan.com.tm\/index.php?rest_route=\/wp\/v2\/types\/post"}],"author":[{"embeddable":true,"href":"https:\/\/zamanturkmenistan.com.tm\/index.php?rest_route=\/wp\/v2\/users\/2"}],"replies":[{"embeddable":true,"href":"https:\/\/zamanturkmenistan.com.tm\/index.php?rest_route=%2Fwp%2Fv2%2Fcomments&post=77323"}],"version-history":[{"count":1,"href":"https:\/\/zamanturkmenistan.com.tm\/index.php?rest_route=\/wp\/v2\/posts\/77323\/revisions"}],"predecessor-version":[{"id":77324,"href":"https:\/\/zamanturkmenistan.com.tm\/index.php?rest_route=\/wp\/v2\/posts\/77323\/revisions\/77324"}],"wp:featuredmedia":[{"embeddable":true,"href":"https:\/\/zamanturkmenistan.com.tm\/index.php?rest_route=\/wp\/v2\/media\/60787"}],"wp:attachment":[{"href":"https:\/\/zamanturkmenistan.com.tm\/index.php?rest_route=%2Fwp%2Fv2%2Fmedia&parent=77323"}],"wp:term":[{"taxonomy":"category","embeddable":true,"href":"https:\/\/zamanturkmenistan.com.tm\/index.php?rest_route=%2Fwp%2Fv2%2Fcategories&post=77323"},{"taxonomy":"post_tag","embeddable":true,"href":"https:\/\/zamanturkmenistan.com.tm\/index.php?rest_route=%2Fwp%2Fv2%2Ftags&post=77323"}],"curies":[{"name":"wp","href":"https:\/\/api.w.org\/{rel}","templated":true}]}}