{"id":77429,"date":"2023-04-28T16:11:36","date_gmt":"2023-04-28T11:11:36","guid":{"rendered":"https:\/\/zamanturkmenistan.com.tm\/?p=77429"},"modified":"2023-04-28T16:11:36","modified_gmt":"2023-04-28T11:11:36","slug":"ozbasdak-toleg-hyzmatyny-doreder","status":"publish","type":"post","link":"https:\/\/zamanturkmenistan.com.tm\/?p=77429","title":{"rendered":"\u00d6z\u00adba\u015f\u00addak t\u00f6\u00adleg hyz\u00adma\u00adty\u00adny d\u00f6\u00adre\u00adder"},"content":{"rendered":"<p>\u00ddew\u00adro\u00adpa\u00adny\u0148 16 ma\u00adli\u00ad\u00fde eda\u00adra\u00adsy gel\u00adjek \u00fdyl\u00addan ba\u015f\u00adlap, t\u00e4\u00adze t\u00f6\u00adleg ul\u00adga\u00admy\u00adny i\u015fe gi\u00adriz\u00adme\u00adgi me\u00ad\u00fdil\u00adle\u015f\u00addir\u00ad\u00fd\u00e4r. \u00ddew\u00adro\u00adpa t\u00f6\u00adleg ini\u00adsi\u00ad\u00fda\u00adti\u00adwa\u00adsy\u00adny\u0148 (EPI) \u00fda\u00fd\u00adra\u00addan be\u00ad\u00fda\u00adna\u00adtyn\u00adda \u00ddew\u00adro\u00adpa\u00adda bank\u00adla\u00adry\u0148 \u00f6z t\u00f6\u00adleg hyz\u00admat\u00adla\u00adry\u00adny \u00fdo\u00adla go\u00fd\u00admak \u00fc\u00e7in dur\u00admu\u00ad\u015fa ge\u00ad\u00e7i\u00adr\u00ad\u00fd\u00e4n ba\u015f\u00adlan\u00adgy\u00e7\u00adla\u00adryna gol\u00addaw be\u00adril\u00ad\u00fd\u00e4n\u00addi\u00adgi bel\u00adle\u00adnil\u00addi.<br \/>\nBe\u00ad\u00fda\u00adnat\u00adda Ni\u00adder\u00adland\u00adla\u00adry\u0148 \u00abABN Am\u00adro\u00bb hem-de \u00abRa\u00adbo\u00adbank\u00bb ma\u00adli\u00ad\u00fde eda\u00adra\u00adla\u00adry\u00adny\u0148 bu ba\u015f\u00adlan\u00adgy\u00adja gat\u00adna\u015f\u00ad\u00fdan\u00addy\u00adgy bel\u00adle\u00adni\u00adlip, t\u00f6\u00adleg hyz\u00admat\u00adla\u00adry\u00adny\u0148 \u00fdy\u00adly\u0148 ahy\u00adry\u00adna \u00e7en\u00adli Fran\u00adsi\u00ad\u00fda\u00adda we Ger\u00adma\u00adni\u00ad\u00fda\u00adda sy\u00adnag mak\u00adsa\u00addy bi\u00adlen \u00fdo\u00adla go\u00ad\u00fdul\u00adjak\u00addy\u00adgy m\u00e4\u00adlim edil\u00addi. 2024-nji \u00fdyl\u00addan ba\u015f\u00adlap bol\u00adsa be\u00fd\u00adle\u00adki \u00fcl\u00adke\u00adler\u00adde hem bu t\u00f6\u00adleg ul\u00adga\u00admy i\u015fe gi\u00adri\u00adzi\u00adler.<br \/>\nEPI-ni\u0148 pa\u00fd\u00addar\u00adla\u00adry\u00adny\u0148 ara\u00adsyn\u00adda BFCM, \u00abBNP Pa\u00adri\u00adbas\u00bb, BPCE, \u00abCre\u00addit Ag\u00adricole\u00bb, \u00abDeutsche Bank\u00bb, DSGV, ING, KBC, \u00abLa Banque Pos\u00adta\u00adle\u00bb, \u00abNexi\u00bb, \u00abSociete Ge\u00adne\u00adra\u00adle\u00bb we \u00abWorld\u00adli\u00adne\u00bb \u00fda\u00adly ma\u00adli\u00ad\u00fde eda\u00adra\u00adla\u00adry bar.<br \/>\nT\u00e4\u00adze t\u00f6\u00adleg ul\u00adga\u00admy\u00adny\u0148 \u00ddew\u00adro\u00adpa\u00adda gi\u0148\u00adden \u00fda\u00fd\u00adran \u00abVisa\u00bb we \u00abMas\u00adtercard\u00bb t\u00f6\u00adleg ul\u00adgam\u00adla\u00adry\u00adna b\u00e4s\u00adde\u015f bol\u00adjak\u00addy\u00adgy a\u00fd\u00addyl\u00ad\u00fdar.<\/p>\n<p style=\"text-align: right;\"><strong>Nur\u00ad\u00fdag\u00addy A\u00dd\u00adNA\u00adZA\u00adROW, <\/strong><br \/>\n<strong>T\u00fcrk\u00admen d\u00f6w\u00adlet ma\u00adli\u00ad\u00fde ins\u00adti\u00adtu\u00adty\u00adny\u0148 uly mu\u00adgal\u00adly\u00admy.<\/strong><\/p>\n","protected":false},"excerpt":{"rendered":"<p>\u00ddew\u00adro\u00adpa\u00adny\u0148 16 ma\u00adli\u00ad\u00fde eda\u00adra\u00adsy gel\u00adjek \u00fdyl\u00addan ba\u015f\u00adlap, t\u00e4\u00adze t\u00f6\u00adleg ul\u00adga\u00admy\u00adny i\u015fe gi\u00adriz\u00adme\u00adgi me\u00ad\u00fdil\u00adle\u015f\u00addir\u00ad\u00fd\u00e4r. \u00ddew\u00adro\u00adpa t\u00f6\u00adleg ini\u00adsi\u00ad\u00fda\u00adti\u00adwa\u00adsy\u00adny\u0148 (EPI) \u00fda\u00fd\u00adra\u00addan be\u00ad\u00fda\u00adna\u00adtyn\u00adda \u00ddew\u00adro\u00adpa\u00adda bank\u00adla\u00adry\u0148 \u00f6z t\u00f6\u00adleg hyz\u00admat\u00adla\u00adry\u00adny \u00fdo\u00adla go\u00fd\u00admak \u00fc\u00e7in dur\u00admu\u00ad\u015fa ge\u00ad\u00e7i\u00adr\u00ad\u00fd\u00e4n ba\u015f\u00adlan\u00adgy\u00e7\u00adla\u00adryna gol\u00addaw be\u00adril\u00ad\u00fd\u00e4n\u00addi\u00adgi bel\u00adle\u00adnil\u00addi. Be\u00ad\u00fda\u00adnat\u00adda Ni\u00adder\u00adland\u00adla\u00adry\u0148 \u00abABN Am\u00adro\u00bb hem-de \u00abRa\u00adbo\u00adbank\u00bb ma\u00adli\u00ad\u00fde eda\u00adra\u00adla\u00adry\u00adny\u0148 bu ba\u015f\u00adlan\u00adgy\u00adja gat\u00adna\u015f\u00ad\u00fdan\u00addy\u00adgy bel\u00adle\u00adni\u00adlip, t\u00f6\u00adleg hyz\u00admat\u00adla\u00adry\u00adny\u0148 \u00fdy\u00adly\u0148 ahy\u00adry\u00adna \u00e7en\u00adli Fran\u00adsi\u00ad\u00fda\u00adda we Ger\u00adma\u00adni\u00ad\u00fda\u00adda sy\u00adnag mak\u00adsa\u00addy [&hellip;]<\/p>\n","protected":false},"author":2,"featured_media":77430,"comment_status":"open","ping_status":"closed","sticky":false,"template":"","format":"standard","meta":{"footnotes":""},"categories":[5],"tags":[],"acf":[],"_links":{"self":[{"href":"https:\/\/zamanturkmenistan.com.tm\/index.php?rest_route=\/wp\/v2\/posts\/77429"}],"collection":[{"href":"https:\/\/zamanturkmenistan.com.tm\/index.php?rest_route=\/wp\/v2\/posts"}],"about":[{"href":"https:\/\/zamanturkmenistan.com.tm\/index.php?rest_route=\/wp\/v2\/types\/post"}],"author":[{"embeddable":true,"href":"https:\/\/zamanturkmenistan.com.tm\/index.php?rest_route=\/wp\/v2\/users\/2"}],"replies":[{"embeddable":true,"href":"https:\/\/zamanturkmenistan.com.tm\/index.php?rest_route=%2Fwp%2Fv2%2Fcomments&post=77429"}],"version-history":[{"count":1,"href":"https:\/\/zamanturkmenistan.com.tm\/index.php?rest_route=\/wp\/v2\/posts\/77429\/revisions"}],"predecessor-version":[{"id":77431,"href":"https:\/\/zamanturkmenistan.com.tm\/index.php?rest_route=\/wp\/v2\/posts\/77429\/revisions\/77431"}],"wp:featuredmedia":[{"embeddable":true,"href":"https:\/\/zamanturkmenistan.com.tm\/index.php?rest_route=\/wp\/v2\/media\/77430"}],"wp:attachment":[{"href":"https:\/\/zamanturkmenistan.com.tm\/index.php?rest_route=%2Fwp%2Fv2%2Fmedia&parent=77429"}],"wp:term":[{"taxonomy":"category","embeddable":true,"href":"https:\/\/zamanturkmenistan.com.tm\/index.php?rest_route=%2Fwp%2Fv2%2Fcategories&post=77429"},{"taxonomy":"post_tag","embeddable":true,"href":"https:\/\/zamanturkmenistan.com.tm\/index.php?rest_route=%2Fwp%2Fv2%2Ftags&post=77429"}],"curies":[{"name":"wp","href":"https:\/\/api.w.org\/{rel}","templated":true}]}}