{"id":77454,"date":"2023-04-28T16:30:40","date_gmt":"2023-04-28T11:30:40","guid":{"rendered":"https:\/\/zamanturkmenistan.com.tm\/?p=77454"},"modified":"2023-04-28T16:31:14","modified_gmt":"2023-04-28T11:31:14","slug":"yene-de-bir-airbus-a330-200p2f-kysymly-yuk-ucary-gelip-gowusdy","status":"publish","type":"post","link":"https:\/\/zamanturkmenistan.com.tm\/?p=77454","title":{"rendered":"\u00ddene-de bir \u00abAirbus A330-200P2F\u00bb kysymly \u00fd\u00fck u\u00e7ary gelip gowu\u015fdy"},"content":{"rendered":"<p>27-nji ap\u00adrel\u00adde pa\u00fd\u00adtag\u00adty\u00admy\u00adzy\u0148 Hal\u00adka\u00adra ho\u00adwa men\u00adzi\u00adli\u00adne \u00abAir\u00adbus A330-200P2F\u00bb ky\u00adsym\u00adly \u00fd\u00fck u\u00e7a\u00adry ge\u00adlip gon\u00addy. Bu u\u00e7ar T\u00fcrk\u00adme\u00adnis\u00adta\u00adny\u0148 Pre\u00adzi\u00adden\u00adti\u00adni\u0148 de\u00adgi\u015f\u00adli Ka\u00adra\u00adry\u00adna la\u00ad\u00fdyk\u00adlyk\u00adda, \u201cT\u00fcrk\u00admen\u00adho\u00adwa\u00ad\u00fdol\u00adla\u00adry\u201d agent\u00adli\u00adgi bi\u00adlen Fran\u00adsi\u00ad\u00fda\u00adny\u0148 \u00abAir\u00adbus S.A.S.\u00bb kom\u00adpa\u00adni\u00ad\u00fda\u00adsy\u00adny\u0148 ara\u00adsyn\u00adda bag\u00adla\u00ad\u015fy\u00adlan \u015fert\u00adna\u00adma esa\u00adsyn\u00adda \u00fdur\u00addu\u00admy\u00adzy\u0148 sa\u00adtyn al\u00ad\u00fdan \u015fe\u00fd\u00adle ky\u00adsym\u00adly h\u00e4\u00adzir\u00adki za\u00adman u\u00e7ar\u00adla\u00adry\u00adny\u0148 ikin\u00adji\u00adsi\u00addir.<br \/>\nBu \u00fd\u00fck u\u00e7ar\u00adla\u00adry d\u00fcr\u00adli m\u00f6\u00e7\u00adber\u00add\u00e4\u00adki \u00fd\u00fck\u00adle\u00adri uzak ara\u00adlyk\u00adla\u00adra da\u00ad\u015fa\u00admak \u00fc\u00e7in ni\u00ad\u00fdet\u00adle\u00adnen\u00addir. U\u00e7ar\u00adla\u00adry\u0148 u\u00e7u\u015f uzak\u00adly\u00adgy 13 m\u00fc\u0148 ki\u00adlo\u00admetr\u00adden gow\u00adrak\u00addyr hem-de olar 60 ton\u00adna \u00e7en\u00adli \u00fd\u00fck da\u00ad\u015fa\u00admak m\u00fcm\u00adkin\u00ad\u00e7i\u00adli\u00adgi\u00adne e\u00fde\u00addir. U\u00e7a\u00adry\u0148 elekt\u00adron en\u00adjam\u00adla\u015f\u00addy\u00adry\u00adly\u00ad\u015fyn\u00adda i\u0148 \u00f6\u0148\u00adde\u00adba\u00adry\u00adjy i\u015f\u00adl\u00e4p ta\u00fd\u00ad\u00fdar\u00adla\u00adma\u00adlar pe\u00fd\u00adda\u00adla\u00adny\u00adlan\u00addyr.<br \/>\nH\u00e4\u00adzir\u00adki wagt\u00adda \u00fdur\u00addu\u00admy\u00adzy\u0148 ho\u00adwa flo\u00adty d\u00fcn\u00ad\u00fd\u00e4\u00adni\u0148 me\u015f\u00adhur kom\u00adpa\u00adni\u00ad\u00fda\u00adla\u00adryn\u00adda \u00f6n\u00add\u00fc\u00adri\u00adlen u\u00e7ar\u00adla\u00adry \u00f6z\u00fcn\u00adde jem\u00adle\u00ad\u00fd\u00e4r. So\u0148\u00adky \u00fdyl\u00adlar\u00adda mil\u00adli ra\u00ad\u00fdat awia\u00adsi\u00ad\u00fda\u00adsy\u00adny\u0148 h\u00e4\u00adzir\u00adki za\u00adman u\u00e7ar\u00adla\u00adry\u00adny ulan\u00admak\u00adda \u00fdo\u00adka\u00adry h\u00fc\u00adn\u00e4r we us\u00adsat\u00adlyk de\u00adre\u00adje\u00adsi\u00adne \u00fde\u00adtil\u00addi. U\u00e7ar\u00adman\u00adla\u00adry, ho\u00adwa gat\u00adnaw\u00adla\u00adry\u00adny gu\u00adra\u00admak, ho\u00adwa howp\u00adsuz\u00adly\u00adgy\u00adny \u00fcp\u00adj\u00fcn et\u00admek bo\u00ad\u00fdun\u00ad\u00e7a i\u015f\u00adg\u00e4r\u00adle\u00adri ta\u00fd\u00ad\u00fdar\u00adla\u00admak mak\u00adsa\u00addy bi\u00adlen, gys\u00adga m\u00f6h\u00adlet\u00adli okuw\u00adlar we tej\u00adri\u00adbe\u00adlik\u00adler gu\u00adral\u00ad\u00fdar. \u201cAir\u00adbus A330-200P2F\u201d \u00fd\u00fck u\u00e7ar\u00adla\u00adry\u00adny\u0148 u\u00e7ar\u00adman\u00adla\u00adry we ola\u00adra teh\u00adni\u00adki hyz\u00admat et\u00admek bo\u00ad\u00fdun\u00ad\u00e7a h\u00fc\u00adn\u00e4r\u00admen\u00adler Sin\u00adga\u00adpur\u00adda we Fran\u00adsi\u00ad\u00fda\u00adda ga\u00fd\u00adta\u00addan ta\u00fd\u00ad\u00fdar\u00adlyk ge\u00e7\u00addi\u00adler.<br \/>\n\u00dde\u00adri ge\u00adlen\u00adde \u201cT\u00fcrk\u00admen\u00adho\u00adwa\u00ad\u00fdol\u00adla\u00adry\u00adny\u0148\u201d Mer\u00adke\u00adzi Azi\u00ad\u00fda\u00adda il\u00adkin\u00adji bo\u00adlup, \u201cAir\u00adbus A330-200P2F\u201d ky\u00adsym\u00adly u\u00e7ar\u00adla\u00adry sa\u00adtyn alan\u00addy\u00adgy\u00adny bel\u00adle\u00admek ge\u00adrek.<\/p>\n","protected":false},"excerpt":{"rendered":"<p>27-nji ap\u00adrel\u00adde pa\u00fd\u00adtag\u00adty\u00admy\u00adzy\u0148 Hal\u00adka\u00adra ho\u00adwa men\u00adzi\u00adli\u00adne \u00abAir\u00adbus A330-200P2F\u00bb ky\u00adsym\u00adly \u00fd\u00fck u\u00e7a\u00adry ge\u00adlip gon\u00addy. Bu u\u00e7ar T\u00fcrk\u00adme\u00adnis\u00adta\u00adny\u0148 Pre\u00adzi\u00adden\u00adti\u00adni\u0148 de\u00adgi\u015f\u00adli Ka\u00adra\u00adry\u00adna la\u00ad\u00fdyk\u00adlyk\u00adda, \u201cT\u00fcrk\u00admen\u00adho\u00adwa\u00ad\u00fdol\u00adla\u00adry\u201d agent\u00adli\u00adgi bi\u00adlen Fran\u00adsi\u00ad\u00fda\u00adny\u0148 \u00abAir\u00adbus S.A.S.\u00bb kom\u00adpa\u00adni\u00ad\u00fda\u00adsy\u00adny\u0148 ara\u00adsyn\u00adda bag\u00adla\u00ad\u015fy\u00adlan \u015fert\u00adna\u00adma esa\u00adsyn\u00adda \u00fdur\u00addu\u00admy\u00adzy\u0148 sa\u00adtyn al\u00ad\u00fdan \u015fe\u00fd\u00adle ky\u00adsym\u00adly h\u00e4\u00adzir\u00adki za\u00adman u\u00e7ar\u00adla\u00adry\u00adny\u0148 ikin\u00adji\u00adsi\u00addir. Bu \u00fd\u00fck u\u00e7ar\u00adla\u00adry d\u00fcr\u00adli m\u00f6\u00e7\u00adber\u00add\u00e4\u00adki \u00fd\u00fck\u00adle\u00adri uzak ara\u00adlyk\u00adla\u00adra da\u00ad\u015fa\u00admak \u00fc\u00e7in ni\u00ad\u00fdet\u00adle\u00adnen\u00addir. U\u00e7ar\u00adla\u00adry\u0148 u\u00e7u\u015f uzak\u00adly\u00adgy 13 [&hellip;]<\/p>\n","protected":false},"author":2,"featured_media":77455,"comment_status":"open","ping_status":"closed","sticky":false,"template":"","format":"standard","meta":{"footnotes":""},"categories":[3],"tags":[],"acf":[],"_links":{"self":[{"href":"https:\/\/zamanturkmenistan.com.tm\/index.php?rest_route=\/wp\/v2\/posts\/77454"}],"collection":[{"href":"https:\/\/zamanturkmenistan.com.tm\/index.php?rest_route=\/wp\/v2\/posts"}],"about":[{"href":"https:\/\/zamanturkmenistan.com.tm\/index.php?rest_route=\/wp\/v2\/types\/post"}],"author":[{"embeddable":true,"href":"https:\/\/zamanturkmenistan.com.tm\/index.php?rest_route=\/wp\/v2\/users\/2"}],"replies":[{"embeddable":true,"href":"https:\/\/zamanturkmenistan.com.tm\/index.php?rest_route=%2Fwp%2Fv2%2Fcomments&post=77454"}],"version-history":[{"count":1,"href":"https:\/\/zamanturkmenistan.com.tm\/index.php?rest_route=\/wp\/v2\/posts\/77454\/revisions"}],"predecessor-version":[{"id":77456,"href":"https:\/\/zamanturkmenistan.com.tm\/index.php?rest_route=\/wp\/v2\/posts\/77454\/revisions\/77456"}],"wp:featuredmedia":[{"embeddable":true,"href":"https:\/\/zamanturkmenistan.com.tm\/index.php?rest_route=\/wp\/v2\/media\/77455"}],"wp:attachment":[{"href":"https:\/\/zamanturkmenistan.com.tm\/index.php?rest_route=%2Fwp%2Fv2%2Fmedia&parent=77454"}],"wp:term":[{"taxonomy":"category","embeddable":true,"href":"https:\/\/zamanturkmenistan.com.tm\/index.php?rest_route=%2Fwp%2Fv2%2Fcategories&post=77454"},{"taxonomy":"post_tag","embeddable":true,"href":"https:\/\/zamanturkmenistan.com.tm\/index.php?rest_route=%2Fwp%2Fv2%2Ftags&post=77454"}],"curies":[{"name":"wp","href":"https:\/\/api.w.org\/{rel}","templated":true}]}}