{"id":7764,"date":"2017-05-27T08:21:29","date_gmt":"2017-05-27T08:21:29","guid":{"rendered":"http:\/\/zamanturkmenistan.com\/?p=7764"},"modified":"2017-05-27T08:21:29","modified_gmt":"2017-05-27T08:21:29","slug":"90-njy-oskar-dabarasynyn-alypbaryjysy-jimmi-kimmel","status":"publish","type":"post","link":"https:\/\/zamanturkmenistan.com.tm\/?p=7764","title":{"rendered":"90-njy Oskar dabarasyny\u0148 alypbaryjysy \u2013 Jimmi Kimmel"},"content":{"rendered":"<p>Ki\u00adno sun\u00adga\u00adty\u00adny\u0148 i\u0148 ab\u00adra\u00fd\u00adly sy\u00adla\u00adgy bo\u00adlan Os\u00adkar ba\u00fd\u00adrak\u00adla\u00adry\u00adny\u0148 90-njy go\u00fd\u00adbe\u00adri\u00adli\u00ad\u015fi\u00adni ki\u00admi\u0148 alyp bar\u00adjak\u00addy\u00adgy m\u00e4\u00adlim edil\u00addi. Ki\u00adno aka\u00adde\u00admi\u00ad\u00fda\u00adsyny\u0148 ha\u00adbar ber\u00adme\u00adgi\u00adne g\u00f6\u00adr\u00e4, gel\u00adjek \u00fdyl\u00adky \u00fdu\u00adbi\u00adle\u00fd \u00e7\u00e4\u00adr\u00e4\u00adni-de \u015fu \u00fdyl bol\u015fy \u00fdaly, ko\u00adme\u00addi\u00ad\u00fda\u00ad\u00e7y Jim\u00admi Kim\u00admel alyp ba\u00adrar. Bu ba\u00adra\u00adda Jim\u00admi Kim\u00admel: \u2013 \u00dde\u00adne-de me\u00adni sa\u00fd\u00adlan\u00addyk\u00adla\u00adry \u00fc\u00e7in aka\u00adde\u00admi\u00ad\u00fda k\u00f6p sag\u00adbol\u00adsun a\u00fdd\u00ad\u00fda\u00adryn. Ne\u00adsip bol\u00adsa, bu ge\u00adzek her\u00adn\u00e4 dog\u00adry buk\u00adja a\u00e7y\u00adlar \u2013 di\u00fd\u00addi. M\u00e4\u00adlim bol\u00ad\u015fy \u00fda\u00adly, Jim\u00admi Kim\u00admel \u015fu \u00fdyl\u00adky Os\u00adkar da\u00adba\u00adra\u00adsy\u00adny\u0148 alyp ba\u00adry\u00adjy\u00adsy bo\u00adlup\u00addy. \u015eol da\u00adba\u00adra\u00adda we\u00adte\u00adran ar\u00adtist\u00adler War\u00adren Bit\u00adti bi\u00adlen Fe\u00fd Da\u00adna\u00adwe\u00fd i\u0148 go\u00adwy film ba\u00fd\u00adra\u00adgy\u00adny\u0148 \u00fde\u00ad\u0148i\u00adji\u00adsi\u00adni \u00fdal\u00ad\u0148y\u00ad\u015fyp\u00addy\u00adlar. Ba\u00fd\u00adra\u00adgy il\u00adki \u201cLa La Lend\u201d fil\u00admi\u00adni\u0148, so\u0148\u00adra-da \u201cA\u00fdy\u0148 \u00fdag\u00adty\u00adsy\u201d ki\u00adno\u00adsy\u00adny\u0148 alan\u00addy\u00adgy\u00adny m\u00e4\u00adlim edip\u00addi\u00adler. 90-njy Os\u00adkar da\u00adba\u00adra\u00adsy 2018-nji \u00fdy\u00adly\u0148 4-nji mar\u00adtyn\u00adda Los An\u00adje\u00adles\u00add\u00e4\u00adki \u201cDol\u00adby\u201d te\u00adat\u00adryn\u00adda ge\u00ad\u00e7i\u00adri\u00adler.<\/p>\n","protected":false},"excerpt":{"rendered":"<p>Ki\u00adno sun\u00adga\u00adty\u00adny\u0148 i\u0148 ab\u00adra\u00fd\u00adly sy\u00adla\u00adgy bo\u00adlan Os\u00adkar ba\u00fd\u00adrak\u00adla\u00adry\u00adny\u0148 90-njy go\u00fd\u00adbe\u00adri\u00adli\u00ad\u015fi\u00adni ki\u00admi\u0148 alyp bar\u00adjak\u00addy\u00adgy m\u00e4\u00adlim edil\u00addi. Ki\u00adno aka\u00adde\u00admi\u00ad\u00fda\u00adsyny\u0148 ha\u00adbar ber\u00adme\u00adgi\u00adne g\u00f6\u00adr\u00e4, gel\u00adjek \u00fdyl\u00adky \u00fdu\u00adbi\u00adle\u00fd \u00e7\u00e4\u00adr\u00e4\u00adni-de \u015fu \u00fdyl bol\u015fy \u00fdaly, ko\u00adme\u00addi\u00ad\u00fda\u00ad\u00e7y Jim\u00admi Kim\u00admel alyp ba\u00adrar. Bu ba\u00adra\u00adda Jim\u00admi Kim\u00admel: \u2013 \u00dde\u00adne-de me\u00adni sa\u00fd\u00adlan\u00addyk\u00adla\u00adry \u00fc\u00e7in aka\u00adde\u00admi\u00ad\u00fda k\u00f6p sag\u00adbol\u00adsun a\u00fdd\u00ad\u00fda\u00adryn. Ne\u00adsip bol\u00adsa, bu ge\u00adzek her\u00adn\u00e4 dog\u00adry buk\u00adja a\u00e7y\u00adlar \u2013 [&hellip;]<\/p>\n","protected":false},"author":1,"featured_media":7765,"comment_status":"open","ping_status":"closed","sticky":false,"template":"","format":"standard","meta":{"footnotes":""},"categories":[12],"tags":[],"acf":[],"_links":{"self":[{"href":"https:\/\/zamanturkmenistan.com.tm\/index.php?rest_route=\/wp\/v2\/posts\/7764"}],"collection":[{"href":"https:\/\/zamanturkmenistan.com.tm\/index.php?rest_route=\/wp\/v2\/posts"}],"about":[{"href":"https:\/\/zamanturkmenistan.com.tm\/index.php?rest_route=\/wp\/v2\/types\/post"}],"author":[{"embeddable":true,"href":"https:\/\/zamanturkmenistan.com.tm\/index.php?rest_route=\/wp\/v2\/users\/1"}],"replies":[{"embeddable":true,"href":"https:\/\/zamanturkmenistan.com.tm\/index.php?rest_route=%2Fwp%2Fv2%2Fcomments&post=7764"}],"version-history":[{"count":0,"href":"https:\/\/zamanturkmenistan.com.tm\/index.php?rest_route=\/wp\/v2\/posts\/7764\/revisions"}],"wp:featuredmedia":[{"embeddable":true,"href":"https:\/\/zamanturkmenistan.com.tm\/index.php?rest_route=\/wp\/v2\/media\/7765"}],"wp:attachment":[{"href":"https:\/\/zamanturkmenistan.com.tm\/index.php?rest_route=%2Fwp%2Fv2%2Fmedia&parent=7764"}],"wp:term":[{"taxonomy":"category","embeddable":true,"href":"https:\/\/zamanturkmenistan.com.tm\/index.php?rest_route=%2Fwp%2Fv2%2Fcategories&post=7764"},{"taxonomy":"post_tag","embeddable":true,"href":"https:\/\/zamanturkmenistan.com.tm\/index.php?rest_route=%2Fwp%2Fv2%2Ftags&post=7764"}],"curies":[{"name":"wp","href":"https:\/\/api.w.org\/{rel}","templated":true}]}}