{"id":77888,"date":"2023-05-08T18:16:04","date_gmt":"2023-05-08T13:16:04","guid":{"rendered":"https:\/\/zamanturkmenistan.com.tm\/?p=77888"},"modified":"2023-05-08T18:16:04","modified_gmt":"2023-05-08T13:16:04","slug":"slowakiyanyn-taze-premyer-ministri","status":"publish","type":"post","link":"https:\/\/zamanturkmenistan.com.tm\/?p=77888","title":{"rendered":"Slowaki\u00fdany\u0148 t\u00e4ze Prem\u00fder-ministri"},"content":{"rendered":"<p>L\u00fdu\u00addo\u00adwit Odor Slo\u00adwa\u00adki\u00ad\u00fda\u00adny\u0148 t\u00e4\u00adze prem\u00ad\u00fder-mi\u00adnist\u00adri we\u00adzi\u00adpe\u00adsi\u00adne bel\u00adle\u00adner. Bu ba\u00adra\u00adda Res\u00adpub\u00adli\u00adka\u00adny\u0148 Pre\u00adzi\u00adden\u00adti Zu\u00adza\u00adna \u00c7a\u00adpu\u00adto\u00adwa ha\u00adbar ber\u00addi.<br \/>\nOl: &#8211; T\u00e4\u00adze Prem\u00ad\u00fder-mi\u00adnistr h\u00f6k\u00adm\u00fcn\u00adde Slo\u00adwa\u00adki\u00ad\u00fda\u00adny\u0148 Mil\u00adli ban\u00adky\u00adny\u0148 ba\u015f\u00adly\u00adgy\u00adny\u0148 orun\u00adba\u00adsa\u00adry L\u00fdu\u00addo\u00adwit Odor bel\u00adle\u00adner &#8211; di\u00fd\u00addi.<br \/>\nMun\u00addan \u00f6\u0148 Prem\u00ad\u00fder-mi\u00adnist\u00adri\u0148 we\u00adzi\u00adpe\u00adsi\u00adni wagt\u00adla\u00ad\u00fdyn \u00fde\u00adri\u00adne \u00fde\u00adti\u00adri\u00adji Eduard He\u00adger i\u015fin\u00adden \u00e7e\u00adkil\u00adjek\u00addi\u00adgi\u00adni m\u00e4\u00adlim edip\u00addi. Ka\u00adnu\u00adna la\u00ad\u00fdyk\u00adlyk\u00adda, onu\u0148 bi\u00adlen bir\u00adlik\u00adde Mi\u00adnistr\u00adler Ka\u00adbi\u00adne\u00adti\u00adni\u0148 \u00e4h\u00adli ag\u00adza\u00adla\u00adry hem i\u015fin\u00adden \u00e7e\u00adki\u00adler.<br \/>\n\u00c7a\u00adpu\u00adto\u00adwa \u00fde\u00adne-de bir hep\u00adde\u00adden sy\u00ad\u00fda\u00adsy par\u00adti\u00ad\u00fda\u00adlar ta\u00adra\u00adpyn\u00addan h\u00f6\u00add\u00fcr\u00adlen\u00adme\u00addik i\u015f\u00adg\u00e4r\u00adler\u00adden yba\u00adrat h\u00f6\u00adk\u00fc\u00adme\u00adti d\u00fc\u00adz\u00fcp ba\u015f\u00adla\u00adjak\u00addy\u00adgy\u00adny a\u00fdt\u00addy. Pre\u00adzi\u00addent e\u00fd\u00ad\u00fd\u00e4m t\u00e4\u00adze mi\u00adnistr\u00adle\u00adri\u0148 sa\u00adna\u00adwy\u00adny d\u00fcz\u00addi, \u00fd\u00f6\u00adne h\u00e4\u00adzir\u00adlik\u00ad\u00e7e ola\u00adry\u0148 at\u00adla\u00adry\u00adny m\u00e4\u00adlim et\u00admek\u00adden sak\u00adlan\u00ad\u00fdar. Mi\u00adnistr\u00adler Ka\u00adbi\u00adne\u00adti res\u00admi ta\u00fd\u00addan d\u00f6\u00adre\u00addil\u00ad\u00fd\u00e4n\u00ad\u00e7\u00e4, onu\u0148 we\u00adzi\u00adpe\u00adle\u00adri\u00adni He\u00adge\u00adri\u0148 h\u00f6\u00adk\u00fc\u00adme\u00adti \u00fde\u00adri\u00adne \u00fde\u00adti\u00adrer.<br \/>\n\u00c7a\u00adpu\u00adto\u00adwa, d\u00f6\u00adret\u00admek is\u00adle\u00ad\u00fd\u00e4n h\u00f6\u00adk\u00fc\u00adme\u00adti\u00adni\u0148 30-njy sent\u00ad\u00fdabr\u00adda Res\u00adpub\u00adli\u00adka\u00adda ge\u00ad\u00e7i\u00adril\u00adjek no\u00adbat\u00addan da\u00ad\u015fa\u00adry par\u00adla\u00adment sa\u00fd\u00adlaw\u00adla\u00adryn\u00addan \u00f6\u0148 Slo\u00adwa\u00adki\u00ad\u00fda\u00adny &#8220;\u00fcs\u00adt\u00fcn\u00adlik\u00adli dur\u00adnuk\u00adla\u015f\u00addyr\u00adjak\u00addy\u00adgy\u00adna&#8221; ynam bil\u00addir\u00addi.<\/p>\n","protected":false},"excerpt":{"rendered":"<p>L\u00fdu\u00addo\u00adwit Odor Slo\u00adwa\u00adki\u00ad\u00fda\u00adny\u0148 t\u00e4\u00adze prem\u00ad\u00fder-mi\u00adnist\u00adri we\u00adzi\u00adpe\u00adsi\u00adne bel\u00adle\u00adner. Bu ba\u00adra\u00adda Res\u00adpub\u00adli\u00adka\u00adny\u0148 Pre\u00adzi\u00adden\u00adti Zu\u00adza\u00adna \u00c7a\u00adpu\u00adto\u00adwa ha\u00adbar ber\u00addi. Ol: &#8211; T\u00e4\u00adze Prem\u00ad\u00fder-mi\u00adnistr h\u00f6k\u00adm\u00fcn\u00adde Slo\u00adwa\u00adki\u00ad\u00fda\u00adny\u0148 Mil\u00adli ban\u00adky\u00adny\u0148 ba\u015f\u00adly\u00adgy\u00adny\u0148 orun\u00adba\u00adsa\u00adry L\u00fdu\u00addo\u00adwit Odor bel\u00adle\u00adner &#8211; di\u00fd\u00addi. Mun\u00addan \u00f6\u0148 Prem\u00ad\u00fder-mi\u00adnist\u00adri\u0148 we\u00adzi\u00adpe\u00adsi\u00adni wagt\u00adla\u00ad\u00fdyn \u00fde\u00adri\u00adne \u00fde\u00adti\u00adri\u00adji Eduard He\u00adger i\u015fin\u00adden \u00e7e\u00adkil\u00adjek\u00addi\u00adgi\u00adni m\u00e4\u00adlim edip\u00addi. Ka\u00adnu\u00adna la\u00ad\u00fdyk\u00adlyk\u00adda, onu\u0148 bi\u00adlen bir\u00adlik\u00adde Mi\u00adnistr\u00adler Ka\u00adbi\u00adne\u00adti\u00adni\u0148 \u00e4h\u00adli ag\u00adza\u00adla\u00adry hem i\u015fin\u00adden \u00e7e\u00adki\u00adler. [&hellip;]<\/p>\n","protected":false},"author":2,"featured_media":77889,"comment_status":"open","ping_status":"closed","sticky":false,"template":"","format":"standard","meta":{"footnotes":""},"categories":[5],"tags":[],"acf":[],"_links":{"self":[{"href":"https:\/\/zamanturkmenistan.com.tm\/index.php?rest_route=\/wp\/v2\/posts\/77888"}],"collection":[{"href":"https:\/\/zamanturkmenistan.com.tm\/index.php?rest_route=\/wp\/v2\/posts"}],"about":[{"href":"https:\/\/zamanturkmenistan.com.tm\/index.php?rest_route=\/wp\/v2\/types\/post"}],"author":[{"embeddable":true,"href":"https:\/\/zamanturkmenistan.com.tm\/index.php?rest_route=\/wp\/v2\/users\/2"}],"replies":[{"embeddable":true,"href":"https:\/\/zamanturkmenistan.com.tm\/index.php?rest_route=%2Fwp%2Fv2%2Fcomments&post=77888"}],"version-history":[{"count":1,"href":"https:\/\/zamanturkmenistan.com.tm\/index.php?rest_route=\/wp\/v2\/posts\/77888\/revisions"}],"predecessor-version":[{"id":77890,"href":"https:\/\/zamanturkmenistan.com.tm\/index.php?rest_route=\/wp\/v2\/posts\/77888\/revisions\/77890"}],"wp:featuredmedia":[{"embeddable":true,"href":"https:\/\/zamanturkmenistan.com.tm\/index.php?rest_route=\/wp\/v2\/media\/77889"}],"wp:attachment":[{"href":"https:\/\/zamanturkmenistan.com.tm\/index.php?rest_route=%2Fwp%2Fv2%2Fmedia&parent=77888"}],"wp:term":[{"taxonomy":"category","embeddable":true,"href":"https:\/\/zamanturkmenistan.com.tm\/index.php?rest_route=%2Fwp%2Fv2%2Fcategories&post=77888"},{"taxonomy":"post_tag","embeddable":true,"href":"https:\/\/zamanturkmenistan.com.tm\/index.php?rest_route=%2Fwp%2Fv2%2Ftags&post=77888"}],"curies":[{"name":"wp","href":"https:\/\/api.w.org\/{rel}","templated":true}]}}