{"id":77900,"date":"2023-05-09T11:21:28","date_gmt":"2023-05-09T06:21:28","guid":{"rendered":"https:\/\/zamanturkmenistan.com.tm\/?p=77900"},"modified":"2023-05-10T09:32:22","modified_gmt":"2023-05-10T04:32:22","slug":"ozbegistanda-nobatdan-dasary-prezident-saylawlary-geciriler","status":"publish","type":"post","link":"https:\/\/zamanturkmenistan.com.tm\/?p=77900","title":{"rendered":"\u00d6zbegistanda nobatdan da\u015fary Prezident sa\u00fdlawlary ge\u00e7iriler"},"content":{"rendered":"<p>9-njy i\u00fdul\u00adda \u00d6z\u00adbe\u00adgis\u00adtan\u00adda no\u00adbat\u00addan da\u00ad\u015fa\u00adry Pre\u00adzi\u00addent sa\u00fd\u00adlaw\u00adla\u00adry ge\u00ad\u00e7i\u00adri\u00adler. Bu ba\u00adra\u00adda d\u00f6w\u00adlet Ba\u015f\u00adtu\u00adta\u00adny\u00adny\u0148 met\u00adbu\u00adgat sek\u00adre\u00adta\u00adry \u015eer\u00adzod Asa\u00addow m\u00e4\u00adlim et\u00addi. &#8211; \u00d6z\u00adbe\u00adgis\u00adtan Res\u00adpub\u00adli\u00adka\u00adsy\u00adny\u0148 Pre\u00adzi\u00adden\u00adti\u00adni\u0148 ka\u00adra\u00adry bi\u00adlen \u00fdurt\u00adda no\u00adbat\u00addan da\u00ad\u015fa\u00adry Pre\u00adzi\u00addent sa\u00fd\u00adlaw\u00adla\u00adry \u015fu \u00fdy\u00adly\u0148 9-njy i\u00fdu\u00adlyn\u00adda me\u00ad\u00fdil\u00adle\u015f\u00addi\u00adril\u00ad\u00fd\u00e4r \u2013 di\u00ad\u00fdip, Asa\u00addow bel\u00adle\u00addi.<br \/>\n\u00d6z\u00adbe\u00adgis\u00adta\u00adny\u0148 d\u00f6w\u00adlet Ba\u015f\u00adtu\u00adta\u00adny par\u00adla\u00admen\u00adti\u0148 iki pa\u00adla\u00adta\u00adsy\u00adny\u0148 ba\u015f\u00adlyk\u00adla\u00adry we \u00fdur\u00addu\u0148 jem\u00adgy\u00ad\u00fdet\u00ad\u00e7i\u00adli\u00adgi\u00adni\u0148 we\u00adkil\u00adle\u00adri bi\u00adlen ge\u00ad\u00e7i\u00adri\u00adlen du\u00ad\u015fu\u00ad\u015fyk\u00adda \u00e7y\u00adky\u015f edip, no\u00adbat\u00addan da\u00ad\u015fa\u00adry Pre\u00adzi\u00addent sa\u00fd\u00adlaw\u00adla\u00adry\u00adny\u0148 ze\u00adrur\u00addy\u00adgy\u00adny bel\u00adle\u00addi. Onu\u0148 pi\u00adki\u00adri\u00ad\u00e7e, bu Kons\u00adti\u00adtu\u00adsi\u00ad\u00fda \u00f6z\u00adgert\u00adme\u00adle\u00adri \u00fdur\u00addu\u0148 h\u00e4\u00adki\u00admi\u00ad\u00fdet\u00adle\u00adri\u00adni\u0148 \u00f6\u0148\u00fcn\u00adde go\u00fd\u00adlan sy\u00ad\u00fda\u00adsy, dur\u00admu\u015f we yk\u00addy\u00adsa\u00addy me\u00adse\u00adle\u00adle\u00adri\u0148 ga\u00fd\u00adra\u00adgo\u00ad\u00fdul\u00adma\u00adsyz i\u015fi bi\u00adlen bag\u00adla\u00adny\u00ad\u015fyk\u00adly\u00addyr.<br \/>\nMir\u00adzi\u00ad\u00fdo\u00fdew go\u00adla\u00fd\u00adda \u00d6z\u00adbe\u00adgis\u00adtan\u00adda no\u00adbat\u00addan da\u00ad\u015fa\u00adry Pre\u00adzi\u00addent sa\u00fd\u00adlaw\u00adla\u00adry\u00adna ge\u00ad\u00e7ir\u00adm\u00e4\u00adge yg\u00adty\u00ad\u00fdar ber\u00ad\u00fd\u00e4n ka\u00adnu\u00adna gol \u00e7ek\u00addi. Res\u00admi\u00adna\u00adma Mej\u00adli\u00adsi\u0148 Ka\u00adnun \u00e7y\u00adka\u00adry\u00adjy (a\u015fa\u00adky) pa\u00adla\u00adta\u00adsy ta\u00adra\u00adpyn\u00addan ka\u00adbul edil\u00addi, Se\u00adnat (\u00fdo\u00adkar\u00adky pa\u00adla\u00adta) ta\u00adra\u00adpyn\u00addan ma\u00adkul\u00adlan\u00addy we 8-nji ma\u00fd\u00adda g\u00fc\u00fd\u00adje gir\u00addi.<br \/>\n30-njy ap\u00adrel\u00adde \u00d6z\u00adbe\u00adgis\u00adtan\u00adda Pre\u00adzi\u00adden\u00adti\u0148 m\u00f6h\u00adle\u00adti\u00adni\u0148 b\u00e4\u015f \u00fdyl\u00addan \u00fde\u00addi \u00fdy\u00adla \u00e7en\u00adli uzal\u00addyl\u00adma\u00adgy\u00adny g\u00f6z \u00f6\u0148\u00fcn\u00adde tut\u00ad\u00fdan we Mir\u00adzi\u00ad\u00fdo\u00ad\u00fde\u00adwe yzy\u00adgi\u00adder\u00adli iki m\u00f6h\u00adlet\u00adden so\u0148 bu we\u00adzi\u00adp\u00e4 ga\u00fd\u00adta\u00addan sa\u00fd\u00adlan\u00adma\u00adgy\u00adna m\u00fcm\u00adkin\u00ad\u00e7i\u00adlik ber\u00ad\u00fd\u00e4n Kons\u00adti\u00adtu\u00adsi\u00ad\u00fda\u00adny\u0148 t\u00e4\u00adze g\u00f6r\u00adn\u00fc\u00ad\u015fi bo\u00ad\u00fdun\u00ad\u00e7a \u00e4h\u00adlu\u00admu\u00admy re\u00adfe\u00adren\u00addum ge\u00ad\u00e7i\u00adril\u00addi. MSK-ni\u0148 mag\u00adlu\u00admat\u00adla\u00adry\u00adna g\u00f6\u00adr\u00e4, re\u00adfe\u00adren\u00addu\u00adma gat\u00adna\u00ad\u015fan\u00adla\u00adry\u0148 sa\u00adny 84,54%-den \u00fda-da 16,6 mil\u00adli\u00adon\u00addan gow\u00adrak adam\u00addan yba\u00adrat bol\u00addy. Olar\u00addan 15 mil\u00adli\u00adon\u00addan gow\u00adrak adam (90,21%) Kons\u00adti\u00adtu\u00adsi\u00ad\u00fda\u00adny\u0148 re\u00adje\u00adle\u00adnen g\u00f6r\u00adn\u00fc\u00ad\u015fi\u00adne ses ber\u00addi.<br \/>\n65 \u00fda\u015f\u00adly Mir\u00adzi\u00ad\u00fdo\u00fdew 1989-njy \u00fdyl\u00addan b\u00e4\u00adri \u00fdur\u00adda \u00fdol\u00adba\u015f\u00ad\u00e7y\u00adlyk eden ozal\u00adky li\u00adder Ys\u00adlam Ka\u00adri\u00admow ara\u00addan \u00e7y\u00adkan\u00addan so\u0148 2016-njy \u00fdyl\u00adda m\u00f6h\u00adle\u00adtin\u00adden \u00f6\u0148 ge\u00ad\u00e7i\u00adri\u00adlen sa\u00fd\u00adlaw\u00adlar\u00adda Pre\u00adzi\u00addent sa\u00fd\u00adlan\u00addy. \u015eol sa\u00fd\u00adlaw\u00adlar\u00adda Mir\u00adzi\u00ad\u00fdo\u00ad\u00fdew ses\u00adle\u00adri\u0148 88,61%-ini ga\u00adzan\u00addy. 2021-nji \u00fdy\u00adly\u0148 okt\u00ad\u00fdabr a\u00fdyn\u00adda ge\u00ad\u00e7i\u00adri\u00adlen Pre\u00adzi\u00addent sa\u00fd\u00adlaw\u00adla\u00adryn\u00adda bol\u00adsa, Mir\u00adzi\u00ad\u00fdo\u00ad\u00fdew 80,12% ses alyp, ikin\u00adji m\u00f6h\u00adle\u00adte sa\u00fd\u00adlan\u00addy.<\/p>\n","protected":false},"excerpt":{"rendered":"<p>9-njy i\u00fdul\u00adda \u00d6z\u00adbe\u00adgis\u00adtan\u00adda no\u00adbat\u00addan da\u00ad\u015fa\u00adry Pre\u00adzi\u00addent sa\u00fd\u00adlaw\u00adla\u00adry ge\u00ad\u00e7i\u00adri\u00adler. Bu ba\u00adra\u00adda d\u00f6w\u00adlet Ba\u015f\u00adtu\u00adta\u00adny\u00adny\u0148 met\u00adbu\u00adgat sek\u00adre\u00adta\u00adry \u015eer\u00adzod Asa\u00addow m\u00e4\u00adlim et\u00addi. &#8211; \u00d6z\u00adbe\u00adgis\u00adtan Res\u00adpub\u00adli\u00adka\u00adsy\u00adny\u0148 Pre\u00adzi\u00adden\u00adti\u00adni\u0148 ka\u00adra\u00adry bi\u00adlen \u00fdurt\u00adda no\u00adbat\u00addan da\u00ad\u015fa\u00adry Pre\u00adzi\u00addent sa\u00fd\u00adlaw\u00adla\u00adry \u015fu \u00fdy\u00adly\u0148 9-njy i\u00fdu\u00adlyn\u00adda me\u00ad\u00fdil\u00adle\u015f\u00addi\u00adril\u00ad\u00fd\u00e4r \u2013 di\u00ad\u00fdip, Asa\u00addow bel\u00adle\u00addi. \u00d6z\u00adbe\u00adgis\u00adta\u00adny\u0148 d\u00f6w\u00adlet Ba\u015f\u00adtu\u00adta\u00adny par\u00adla\u00admen\u00adti\u0148 iki pa\u00adla\u00adta\u00adsy\u00adny\u0148 ba\u015f\u00adlyk\u00adla\u00adry we \u00fdur\u00addu\u0148 jem\u00adgy\u00ad\u00fdet\u00ad\u00e7i\u00adli\u00adgi\u00adni\u0148 we\u00adkil\u00adle\u00adri bi\u00adlen ge\u00ad\u00e7i\u00adri\u00adlen du\u00ad\u015fu\u00ad\u015fyk\u00adda \u00e7y\u00adky\u015f edip, no\u00adbat\u00addan [&hellip;]<\/p>\n","protected":false},"author":2,"featured_media":77905,"comment_status":"open","ping_status":"closed","sticky":false,"template":"","format":"standard","meta":{"footnotes":""},"categories":[5],"tags":[],"acf":[],"_links":{"self":[{"href":"https:\/\/zamanturkmenistan.com.tm\/index.php?rest_route=\/wp\/v2\/posts\/77900"}],"collection":[{"href":"https:\/\/zamanturkmenistan.com.tm\/index.php?rest_route=\/wp\/v2\/posts"}],"about":[{"href":"https:\/\/zamanturkmenistan.com.tm\/index.php?rest_route=\/wp\/v2\/types\/post"}],"author":[{"embeddable":true,"href":"https:\/\/zamanturkmenistan.com.tm\/index.php?rest_route=\/wp\/v2\/users\/2"}],"replies":[{"embeddable":true,"href":"https:\/\/zamanturkmenistan.com.tm\/index.php?rest_route=%2Fwp%2Fv2%2Fcomments&post=77900"}],"version-history":[{"count":2,"href":"https:\/\/zamanturkmenistan.com.tm\/index.php?rest_route=\/wp\/v2\/posts\/77900\/revisions"}],"predecessor-version":[{"id":77942,"href":"https:\/\/zamanturkmenistan.com.tm\/index.php?rest_route=\/wp\/v2\/posts\/77900\/revisions\/77942"}],"wp:featuredmedia":[{"embeddable":true,"href":"https:\/\/zamanturkmenistan.com.tm\/index.php?rest_route=\/wp\/v2\/media\/77905"}],"wp:attachment":[{"href":"https:\/\/zamanturkmenistan.com.tm\/index.php?rest_route=%2Fwp%2Fv2%2Fmedia&parent=77900"}],"wp:term":[{"taxonomy":"category","embeddable":true,"href":"https:\/\/zamanturkmenistan.com.tm\/index.php?rest_route=%2Fwp%2Fv2%2Fcategories&post=77900"},{"taxonomy":"post_tag","embeddable":true,"href":"https:\/\/zamanturkmenistan.com.tm\/index.php?rest_route=%2Fwp%2Fv2%2Ftags&post=77900"}],"curies":[{"name":"wp","href":"https:\/\/api.w.org\/{rel}","templated":true}]}}