{"id":78176,"date":"2023-05-14T13:54:00","date_gmt":"2023-05-14T08:54:00","guid":{"rendered":"https:\/\/zamanturkmenistan.com.tm\/?p=78176"},"modified":"2023-05-14T13:54:00","modified_gmt":"2023-05-14T08:54:00","slug":"turkiyede-prezident-we-parlament-saylawlary-baslady","status":"publish","type":"post","link":"https:\/\/zamanturkmenistan.com.tm\/?p=78176","title":{"rendered":"T\u00fcrki\u00fdede prezident we parlament sa\u00fdlawlary ba\u015flady"},"content":{"rendered":"<p>\u015eu g\u00fcn T\u00fcr\u00adki\u00ad\u00fde\u00adde pre\u00adzi\u00addent we par\u00adla\u00adment sa\u00fd\u00adlaw\u00adla\u00adry \u00fc\u00e7in sa\u00fd\u00adlaw u\u00e7as\u00adtok\u00adla\u00adry a\u00e7yl\u00addy. Bu ba\u00adra\u00adda \u00fdur\u00addu\u0148 &#8220;Hur\u00adriyet&#8221; ga\u00adze\u00adti m\u00e4\u00adlim ed\u00ad\u00fd\u00e4r.<br \/>\nSa\u00fd\u00adlaw u\u00e7as\u00adtok\u00adla\u00adry \u00fder\u00adli wagt bi\u00adlen 17: 00-a \u00e7en\u00adli i\u015f\u00adl\u00e4r.<br \/>\n\u00ddo\u00adka\u00adry sa\u00fd\u00adlaw to\u00adpa\u00adry\u00adny\u0148 mag\u00adlu\u00admat\u00adla\u00adry\u00adna g\u00f6\u00adr\u00e4, 81 we\u00adla\u00ad\u00fdat\u00adda 191 m\u00fc\u0148\u00adden gow\u00adrak sa\u00fd\u00adlaw gu\u00adtu\u00adsy otur\u00addyl\u00addy. \u00ddurt\u00adda 60 mil\u00adli\u00adon 721 m\u00fc\u0148 475 ra\u00ad\u00fda\u00adty\u0148 ses ber\u00adm\u00e4\u00adge hu\u00adku\u00adgy bar.<br \/>\nDa\u00ad\u015fa\u00adry \u00fdurt\u00adlar\u00adda\u00adky sa\u00fd\u00adlaw u\u00e7as\u00adtok\u00adla\u00adryn\u00adda ses be\u00adri\u015f\u00adlik 27-nji ap\u00adrel\u00adden 9-njy ma\u00fd ara\u00adly\u00adgyn\u00adda ge\u00ad\u00e7i\u00adril\u00addi. O\u0148a 1,8 mil\u00adli\u00adon\u00addan gow\u00adrak sa\u00fd\u00adlaw\u00ad\u00e7y gat\u00adna\u015f\u00addy. 73 \u00fdurt\u00adda\u00adky t\u00fcrk we\u00adkil\u00adha\u00adna\u00adla\u00adryn\u00adda ge\u00ad\u00e7i\u00adri\u00adlen ses be\u00adri\u015f\u00adli\u00adge gat\u00adna\u00ad\u015fan\u00adla\u00adry\u0148 sa\u00adny 53%-den ge\u00ad\u00e7ip, re\u00adkord de\u00adre\u00adj\u00e4 \u00fdet\u00addi.<br \/>\n\u015eu g\u00fcn\u00adki sa\u00fd\u00adlaw\u00adlar\u00adda \u00fc\u00e7 da\u00adla\u015f\u00adg\u00e4r d\u00f6w\u00adlet ba\u015f\u00adtu\u00adta\u00adny we\u00adzi\u00adpe\u00adsi\u00adne da\u00adla\u015f ed\u00ad\u00fd\u00e4r &#8211; h\u00e4\u00adzir\u00adki Pre\u00adzi\u00addent Re\u00adjep Ta\u00fd\u00ad\u00fdyp \u00c4r\u00addo\u00adgan (Ada\u00adlat we \u00d6s\u00fc\u015f par\u00adti\u00ad\u00fda\u00adsy), al\u00adty sa\u00adny par\u00adti\u00ad\u00fda\u00adny\u0148 \u00fde\u00adke-t\u00e4k da\u00adla\u015f\u00adg\u00e4\u00adri Ke\u00admal Gy\u00adly\u00e7\u00adda\u00adrog\u00adly (Res\u00adpub\u00adli\u00adkan halk par\u00adti\u00ad\u00fda\u00adsy) we Ata bi\u00adle\u00adle\u00ad\u015fi\u00adgin\u00adden Si\u00adnan Ogan.<br \/>\nPar\u00adla\u00adment\u00add\u00e4\u00adki orun\u00adla\u00adra 24 sy\u00ad\u00fda\u00adsy par\u00adti\u00ad\u00fda we 151 da\u00adla\u015f\u00adg\u00e4r da\u00adla\u015f ed\u00ad\u00fd\u00e4r.<br \/>\nSa\u00fd\u00adlaw\u00adla\u00adry\u0148 gu\u00adtar\u00adnyk\u00adly ne\u00adti\u00adje\u00adle\u00adri\u00adni\u0148 19-njy ma\u00fd\u00adda m\u00e4\u00adlim edil\u00adme\u00adgi\u00adne ga\u00adra\u00ad\u015fyl\u00ad\u00fdar.<\/p>\n","protected":false},"excerpt":{"rendered":"<p>\u015eu g\u00fcn T\u00fcr\u00adki\u00ad\u00fde\u00adde pre\u00adzi\u00addent we par\u00adla\u00adment sa\u00fd\u00adlaw\u00adla\u00adry \u00fc\u00e7in sa\u00fd\u00adlaw u\u00e7as\u00adtok\u00adla\u00adry a\u00e7yl\u00addy. Bu ba\u00adra\u00adda \u00fdur\u00addu\u0148 &#8220;Hur\u00adriyet&#8221; ga\u00adze\u00adti m\u00e4\u00adlim ed\u00ad\u00fd\u00e4r. Sa\u00fd\u00adlaw u\u00e7as\u00adtok\u00adla\u00adry \u00fder\u00adli wagt bi\u00adlen 17: 00-a \u00e7en\u00adli i\u015f\u00adl\u00e4r. \u00ddo\u00adka\u00adry sa\u00fd\u00adlaw to\u00adpa\u00adry\u00adny\u0148 mag\u00adlu\u00admat\u00adla\u00adry\u00adna g\u00f6\u00adr\u00e4, 81 we\u00adla\u00ad\u00fdat\u00adda 191 m\u00fc\u0148\u00adden gow\u00adrak sa\u00fd\u00adlaw gu\u00adtu\u00adsy otur\u00addyl\u00addy. \u00ddurt\u00adda 60 mil\u00adli\u00adon 721 m\u00fc\u0148 475 ra\u00ad\u00fda\u00adty\u0148 ses ber\u00adm\u00e4\u00adge hu\u00adku\u00adgy bar. Da\u00ad\u015fa\u00adry \u00fdurt\u00adlar\u00adda\u00adky sa\u00fd\u00adlaw u\u00e7as\u00adtok\u00adla\u00adryn\u00adda [&hellip;]<\/p>\n","protected":false},"author":2,"featured_media":78177,"comment_status":"open","ping_status":"closed","sticky":false,"template":"","format":"standard","meta":{"footnotes":""},"categories":[5],"tags":[],"acf":[],"_links":{"self":[{"href":"https:\/\/zamanturkmenistan.com.tm\/index.php?rest_route=\/wp\/v2\/posts\/78176"}],"collection":[{"href":"https:\/\/zamanturkmenistan.com.tm\/index.php?rest_route=\/wp\/v2\/posts"}],"about":[{"href":"https:\/\/zamanturkmenistan.com.tm\/index.php?rest_route=\/wp\/v2\/types\/post"}],"author":[{"embeddable":true,"href":"https:\/\/zamanturkmenistan.com.tm\/index.php?rest_route=\/wp\/v2\/users\/2"}],"replies":[{"embeddable":true,"href":"https:\/\/zamanturkmenistan.com.tm\/index.php?rest_route=%2Fwp%2Fv2%2Fcomments&post=78176"}],"version-history":[{"count":1,"href":"https:\/\/zamanturkmenistan.com.tm\/index.php?rest_route=\/wp\/v2\/posts\/78176\/revisions"}],"predecessor-version":[{"id":78178,"href":"https:\/\/zamanturkmenistan.com.tm\/index.php?rest_route=\/wp\/v2\/posts\/78176\/revisions\/78178"}],"wp:featuredmedia":[{"embeddable":true,"href":"https:\/\/zamanturkmenistan.com.tm\/index.php?rest_route=\/wp\/v2\/media\/78177"}],"wp:attachment":[{"href":"https:\/\/zamanturkmenistan.com.tm\/index.php?rest_route=%2Fwp%2Fv2%2Fmedia&parent=78176"}],"wp:term":[{"taxonomy":"category","embeddable":true,"href":"https:\/\/zamanturkmenistan.com.tm\/index.php?rest_route=%2Fwp%2Fv2%2Fcategories&post=78176"},{"taxonomy":"post_tag","embeddable":true,"href":"https:\/\/zamanturkmenistan.com.tm\/index.php?rest_route=%2Fwp%2Fv2%2Ftags&post=78176"}],"curies":[{"name":"wp","href":"https:\/\/api.w.org\/{rel}","templated":true}]}}