{"id":78248,"date":"2023-05-16T08:22:06","date_gmt":"2023-05-16T03:22:06","guid":{"rendered":"https:\/\/zamanturkmenistan.com.tm\/?p=78248"},"modified":"2023-05-16T08:22:06","modified_gmt":"2023-05-16T03:22:06","slug":"turkiyede-prezident-saylawynyn-2-nji-tapgyry-geciriler","status":"publish","type":"post","link":"https:\/\/zamanturkmenistan.com.tm\/?p=78248","title":{"rendered":"T\u00fcrki\u00fdede prezident sa\u00fdlawyny\u0148 2-nji tapgyry ge\u00e7iriler"},"content":{"rendered":"<p>14-nji ma\u00fd\u00adda T\u00fcr\u00adki\u00ad\u00fde Res\u00adpub\u00adli\u00adka\u00adsyn\u00adda pre\u00adzi\u00addent we par\u00adla\u00admen\u00adti\u0148 28-nji \u00e7a\u00adgy\u00adry\u00adly\u00ad\u015fy\u00adny\u0148 de\u00adpu\u00adtat\u00adla\u00adry\u00adny\u0148 sa\u00fd\u00adlaw\u00adla\u00adry ge\u00ad\u00e7i\u00adril\u00addi. \u00ddur\u00addu\u0148 \u00fdo\u00adka\u00adry sa\u00fd\u00adlaw ge\u00ad\u0148e\u00ad\u015fi\u00adni\u0148 ba\u015f\u00adly\u00adgy Ah\u00admet \u00dde\u00adner pre\u00adzi\u00addent sa\u00fd\u00adlaw\u00adla\u00adry\u00adny\u0148 2-nji tap\u00adgy\u00adry\u00adny\u0148 ge\u00ad\u00e7i\u00adril\u00adjek\u00addi\u00adgi\u00adni m\u00e4\u00adlim et\u00addi.<br \/>\n\u00dde\u00adner sa\u00fd\u00adlaw\u00adla\u00adry\u0148 ikin\u00adji tap\u00adgy\u00adry\u00adny\u0148 2023-nji \u00fdy\u00adly\u0148 28-nji ma\u00ad\u00fdyn\u00adda \u00fdek\u00ad\u015fen\u00adbe g\u00fc\u00adni ge\u00ad\u00e7i\u00adril\u00adjek\u00addi\u00adgi\u00adni bel\u00adle\u00addi. \u00ddo\u00adka\u00adry sa\u00fd\u00adlaw ge\u00ad\u0148e\u00ad\u015fi\u00adni\u0148 ba\u015f\u00adly\u00adgy gu\u00adtar\u00adnyk\u00adly bol\u00adma\u00addyk des\u00adlap\u00adky ne\u00adti\u00adje\u00adle\u00adri m\u00e4\u00adlim et\u00addi. \u015eo\u00ad\u0148a la\u00ad\u00fdyk\u00adlyk\u00adda, \u00fdur\u00addu\u0148 h\u00e4\u00adzir\u00adki Pre\u00adzi\u00adden\u00adti Re\u00adjep Ta\u00fd\u00ad\u00fdip Er\u00addo\u00adgan ses\u00adle\u00adri\u0148 49,5 g\u00f6\u00adte\u00adri\u00admi\u00adni, Ke\u00admal Ky\u00adly\u00e7\u00adda\u00adrog\u00adlu ses\u00adle\u00adri\u0148 45 g\u00f6\u00adte\u00adri\u00admi\u00adni, Si\u00adnan Oga\u00adny\u0148 ses\u00adle\u00adri\u0148 5,2 g\u00f6\u00adte\u00adri\u00admi\u00adni, Mu\u00adhar\u00adrem In\u00adje\u00adni\u0148 bol\u00adsa ses\u00adle\u00adri\u0148 0,44 g\u00f6\u00adte\u00adri\u00admi alan\u00addy\u00adgy m\u00e4\u00adlim edil\u00addi.<br \/>\nMag\u00adlu\u00adma\u00adta g\u00f6\u00adr\u00e4, \u00fdur\u00addu\u0148 \u00e7\u00e4\u00adgin\u00adde sa\u00fd\u00adlaw\u00ad\u00e7y\u00adla\u00adry\u0148 gat\u00adna\u00ad\u015fy\u00adgy\u00adny\u0148 88,92 g\u00f6\u00adte\u00adri\u00adme de\u0148 bo\u00adlan\u00addy\u00adgy, da\u00ad\u015fa\u00adry \u00fdurt\u00adlar\u00adda bol\u00adsa 52,69 g\u00f6\u00adte\u00adri\u00adme ba\u00adra\u00adbar bo\u00adlan\u00addy\u00adgy bel\u00adle\u00adnil\u00addi.<\/p>\n","protected":false},"excerpt":{"rendered":"<p>14-nji ma\u00fd\u00adda T\u00fcr\u00adki\u00ad\u00fde Res\u00adpub\u00adli\u00adka\u00adsyn\u00adda pre\u00adzi\u00addent we par\u00adla\u00admen\u00adti\u0148 28-nji \u00e7a\u00adgy\u00adry\u00adly\u00ad\u015fy\u00adny\u0148 de\u00adpu\u00adtat\u00adla\u00adry\u00adny\u0148 sa\u00fd\u00adlaw\u00adla\u00adry ge\u00ad\u00e7i\u00adril\u00addi. \u00ddur\u00addu\u0148 \u00fdo\u00adka\u00adry sa\u00fd\u00adlaw ge\u00ad\u0148e\u00ad\u015fi\u00adni\u0148 ba\u015f\u00adly\u00adgy Ah\u00admet \u00dde\u00adner pre\u00adzi\u00addent sa\u00fd\u00adlaw\u00adla\u00adry\u00adny\u0148 2-nji tap\u00adgy\u00adry\u00adny\u0148 ge\u00ad\u00e7i\u00adril\u00adjek\u00addi\u00adgi\u00adni m\u00e4\u00adlim et\u00addi. \u00dde\u00adner sa\u00fd\u00adlaw\u00adla\u00adry\u0148 ikin\u00adji tap\u00adgy\u00adry\u00adny\u0148 2023-nji \u00fdy\u00adly\u0148 28-nji ma\u00ad\u00fdyn\u00adda \u00fdek\u00ad\u015fen\u00adbe g\u00fc\u00adni ge\u00ad\u00e7i\u00adril\u00adjek\u00addi\u00adgi\u00adni bel\u00adle\u00addi. \u00ddo\u00adka\u00adry sa\u00fd\u00adlaw ge\u00ad\u0148e\u00ad\u015fi\u00adni\u0148 ba\u015f\u00adly\u00adgy gu\u00adtar\u00adnyk\u00adly bol\u00adma\u00addyk des\u00adlap\u00adky ne\u00adti\u00adje\u00adle\u00adri m\u00e4\u00adlim et\u00addi. \u015eo\u00ad\u0148a la\u00ad\u00fdyk\u00adlyk\u00adda, \u00fdur\u00addu\u0148 h\u00e4\u00adzir\u00adki Pre\u00adzi\u00adden\u00adti Re\u00adjep Ta\u00fd\u00ad\u00fdip [&hellip;]<\/p>\n","protected":false},"author":2,"featured_media":78249,"comment_status":"open","ping_status":"closed","sticky":false,"template":"","format":"standard","meta":{"footnotes":""},"categories":[5],"tags":[],"acf":[],"_links":{"self":[{"href":"https:\/\/zamanturkmenistan.com.tm\/index.php?rest_route=\/wp\/v2\/posts\/78248"}],"collection":[{"href":"https:\/\/zamanturkmenistan.com.tm\/index.php?rest_route=\/wp\/v2\/posts"}],"about":[{"href":"https:\/\/zamanturkmenistan.com.tm\/index.php?rest_route=\/wp\/v2\/types\/post"}],"author":[{"embeddable":true,"href":"https:\/\/zamanturkmenistan.com.tm\/index.php?rest_route=\/wp\/v2\/users\/2"}],"replies":[{"embeddable":true,"href":"https:\/\/zamanturkmenistan.com.tm\/index.php?rest_route=%2Fwp%2Fv2%2Fcomments&post=78248"}],"version-history":[{"count":1,"href":"https:\/\/zamanturkmenistan.com.tm\/index.php?rest_route=\/wp\/v2\/posts\/78248\/revisions"}],"predecessor-version":[{"id":78250,"href":"https:\/\/zamanturkmenistan.com.tm\/index.php?rest_route=\/wp\/v2\/posts\/78248\/revisions\/78250"}],"wp:featuredmedia":[{"embeddable":true,"href":"https:\/\/zamanturkmenistan.com.tm\/index.php?rest_route=\/wp\/v2\/media\/78249"}],"wp:attachment":[{"href":"https:\/\/zamanturkmenistan.com.tm\/index.php?rest_route=%2Fwp%2Fv2%2Fmedia&parent=78248"}],"wp:term":[{"taxonomy":"category","embeddable":true,"href":"https:\/\/zamanturkmenistan.com.tm\/index.php?rest_route=%2Fwp%2Fv2%2Fcategories&post=78248"},{"taxonomy":"post_tag","embeddable":true,"href":"https:\/\/zamanturkmenistan.com.tm\/index.php?rest_route=%2Fwp%2Fv2%2Ftags&post=78248"}],"curies":[{"name":"wp","href":"https:\/\/api.w.org\/{rel}","templated":true}]}}