{"id":78379,"date":"2023-05-18T12:34:50","date_gmt":"2023-05-18T07:34:50","guid":{"rendered":"https:\/\/zamanturkmenistan.com.tm\/?p=78379"},"modified":"2023-05-18T12:34:50","modified_gmt":"2023-05-18T07:34:50","slug":"dowlet-bastutanymyzyn-hhr-a-is-sapary-baslandy","status":"publish","type":"post","link":"https:\/\/zamanturkmenistan.com.tm\/?p=78379","title":{"rendered":"D\u00f6wlet Ba\u015ftutanymyzy\u0148 HHR-a i\u015f sapary ba\u015flandy"},"content":{"rendered":"<h1><span style=\"font-family: Verdana, Geneva, sans-serif; font-size: 15px; color: #222222;\">\u015eu g\u00fcn hormatly Prezidentimiz Serdar Berdimuhamedow i\u015f sapary bilen Hyta\u00fd Halk Respublikasyna bardy.<\/span><\/h1>\n<div>\n<p><span lang=\"TK\">D\u00f6wlet Ba\u015ftutanymyz sapary\u0148 \u00e7\u00e4klerinde\u00a0<\/span><span lang=\"TK\">HHR-i\u0148<\/span><span lang=\"TK\">\u00a0Ba\u015flygy Si\u00a0<\/span><span lang=\"TK\">Szinpini\u0148\u00a0<\/span><span lang=\"TK\">\u00e7akylygy bo\u00fdun\u00e7a, Sian \u015f\u00e4herinde ge\u00e7iriljek \u00abMerkezi Azi\u00fda \u2014 Hyta\u00fd\u00bb sammitine gatna\u015far.<\/span><\/p>\n<p><span lang=\"TK\">\u015ee\u00fdle-de bu gezekki i\u015f saparyny\u0148 \u00e7\u00e4klerinde hormatly Prezidentimiz Serdar Berdimuhamedowy\u0148\u00a0<\/span><span lang=\"TK\">HHR-i\u0148<\/span><span lang=\"TK\">\u00a0Ba\u015flygy Si\u00a0<\/span><span lang=\"TK\">Szinpin\u00a0<\/span><span lang=\"TK\">bilen du\u015fu\u015fygy me\u00fdille\u015fdirildi. Nobatdaky \u00fdokary derejede ge\u00e7iriljek geple\u015fikleri\u0148 jemleri bo\u00fdun\u00e7a resminamalary\u0148 birn\u00e4\u00e7esine gol \u00e7ekmek g\u00f6z \u00f6\u0148\u00fcnde tutul\u00fdar. Olar ikitarapla\u00fdyn hyzmatda\u015flygy\u0148 \u015fertnama-hukuk bin\u00fdadyny\u0148 \u00fcst\u00fcni \u00fdetirer.<\/span><\/p>\n<\/div>\n<div class=\"signature-text\">\n<div><\/div>\n<\/div>\n","protected":false},"excerpt":{"rendered":"<p>\u015eu g\u00fcn hormatly Prezidentimiz Serdar Berdimuhamedow i\u015f sapary bilen Hyta\u00fd Halk Respublikasyna bardy. D\u00f6wlet Ba\u015ftutanymyz sapary\u0148 \u00e7\u00e4klerinde\u00a0HHR-i\u0148\u00a0Ba\u015flygy Si\u00a0Szinpini\u0148\u00a0\u00e7akylygy bo\u00fdun\u00e7a, Sian \u015f\u00e4herinde ge\u00e7iriljek \u00abMerkezi Azi\u00fda \u2014 Hyta\u00fd\u00bb sammitine gatna\u015far. \u015ee\u00fdle-de bu gezekki i\u015f saparyny\u0148 \u00e7\u00e4klerinde hormatly Prezidentimiz Serdar Berdimuhamedowy\u0148\u00a0HHR-i\u0148\u00a0Ba\u015flygy Si\u00a0Szinpin\u00a0bilen du\u015fu\u015fygy me\u00fdille\u015fdirildi. Nobatdaky \u00fdokary derejede ge\u00e7iriljek geple\u015fikleri\u0148 jemleri bo\u00fdun\u00e7a resminamalary\u0148 birn\u00e4\u00e7esine gol \u00e7ekmek g\u00f6z \u00f6\u0148\u00fcnde tutul\u00fdar. [&hellip;]<\/p>\n","protected":false},"author":2,"featured_media":70950,"comment_status":"open","ping_status":"closed","sticky":false,"template":"","format":"standard","meta":{"footnotes":""},"categories":[3],"tags":[],"acf":[],"_links":{"self":[{"href":"https:\/\/zamanturkmenistan.com.tm\/index.php?rest_route=\/wp\/v2\/posts\/78379"}],"collection":[{"href":"https:\/\/zamanturkmenistan.com.tm\/index.php?rest_route=\/wp\/v2\/posts"}],"about":[{"href":"https:\/\/zamanturkmenistan.com.tm\/index.php?rest_route=\/wp\/v2\/types\/post"}],"author":[{"embeddable":true,"href":"https:\/\/zamanturkmenistan.com.tm\/index.php?rest_route=\/wp\/v2\/users\/2"}],"replies":[{"embeddable":true,"href":"https:\/\/zamanturkmenistan.com.tm\/index.php?rest_route=%2Fwp%2Fv2%2Fcomments&post=78379"}],"version-history":[{"count":1,"href":"https:\/\/zamanturkmenistan.com.tm\/index.php?rest_route=\/wp\/v2\/posts\/78379\/revisions"}],"predecessor-version":[{"id":78380,"href":"https:\/\/zamanturkmenistan.com.tm\/index.php?rest_route=\/wp\/v2\/posts\/78379\/revisions\/78380"}],"wp:featuredmedia":[{"embeddable":true,"href":"https:\/\/zamanturkmenistan.com.tm\/index.php?rest_route=\/wp\/v2\/media\/70950"}],"wp:attachment":[{"href":"https:\/\/zamanturkmenistan.com.tm\/index.php?rest_route=%2Fwp%2Fv2%2Fmedia&parent=78379"}],"wp:term":[{"taxonomy":"category","embeddable":true,"href":"https:\/\/zamanturkmenistan.com.tm\/index.php?rest_route=%2Fwp%2Fv2%2Fcategories&post=78379"},{"taxonomy":"post_tag","embeddable":true,"href":"https:\/\/zamanturkmenistan.com.tm\/index.php?rest_route=%2Fwp%2Fv2%2Ftags&post=78379"}],"curies":[{"name":"wp","href":"https:\/\/api.w.org\/{rel}","templated":true}]}}