{"id":78634,"date":"2023-05-24T13:30:27","date_gmt":"2023-05-24T08:30:27","guid":{"rendered":"https:\/\/zamanturkmenistan.com.tm\/?p=78634"},"modified":"2023-05-24T14:40:00","modified_gmt":"2023-05-24T09:40:00","slug":"ak-saherim-asgabat-atly-kopugurly-halkara-sergi-acyldy","status":"publish","type":"post","link":"https:\/\/zamanturkmenistan.com.tm\/?p=78634","title":{"rendered":"\u00abAk \u015f\u00e4herim A\u015fgabat\u00bb atly k\u00f6pugurly halkara sergi \u00f6z i\u015fine ba\u015flady"},"content":{"rendered":"<p>\u015eu g\u00fcn 24-nji ma\u00fd\u00adda pa\u00fd\u00adtag\u00adty\u00admy\u00adzdaky S\u00f6w\u00adda-se\u00adna\u00adgat eda\u00adra\u00adsyn\u00adda \u00abAk \u015f\u00e4\u00adhe\u00adrim A\u015f\u00adga\u00adbat\u00bb at\u00adly k\u00f6\u00adpu\u00adgur\u00adly hal\u00adka\u00adra ser\u00adgi \u00f6z i\u015fi\u00adne ba\u015f\u00adla\u00addy. Ser\u00adg\u00e4 \u00fdur\u00addu\u00admy\u00adzy\u0148 we da\u00ad\u015fa\u00adry \u00fdurt kom\u00adpa\u00adni\u00ad\u00fda\u00adla\u00adry\u00adny\u0148 hem-de k\u00e4r\u00adha\u00adna\u00adla\u00adry\u00adny\u0148, su\u00adrat\u00adke\u015f\u00adle\u00adri\u0148 we di\u00adza\u00fd\u00adner\u00adle\u00adri\u0148 k\u00f6p san\u00adly\u00adsy, mi\u00adnistr\u00adlik\u00adle\u00adri\u0148, pu\u00addak\u00adla\u00ad\u00fdyn do\u00adlan\u00addy\u00adry\u015f eda\u00adra\u00adla\u00adry\u00adny\u0148 we\u00adkil\u00adle\u00adri, bi\u00adler\u00admen\u00adler, T\u00fcrk\u00adme\u00adnis\u00adtan\u00adda i\u015f\u00adle\u00ad\u00fd\u00e4n dip\u00adlo\u00adma\u00adtik eda\u00adra\u00adla\u00adry\u0148, hal\u00adka\u00adra gu\u00adra\u00adma\u00adla\u00adry\u0148 \u00fdol\u00adba\u015f\u00ad\u00e7y\u00adla\u00adry, k\u00f6p\u00ad\u00e7\u00fc\u00adlik\u00adle\u00ad\u00fdin ha\u00adbar be\u00adri\u015f se\u00adri\u015f\u00adde\u00adle\u00adri\u00adni\u0148 we\u00adkil\u00adle\u00adri gat\u00adna\u015f\u00ad\u00fdar\u00adlar. Ser\u00adgi\u00adni\u0148 a\u00e7y\u00adly\u015f da\u00adba\u00adra\u00adsyn\u00adda T\u00fcrk\u00adme\u00adnis\u00adta\u00adny\u0148 Pre\u00adzi\u00adden\u00adtini\u0148 ibe\u00adren Gut\u00adla\u00adgy okal\u00addy.<br \/>\nSer\u00adgi mer\u00adke\u00adzi\u00adni\u0148 b\u00f6\u00adl\u00fcm\u00adle\u00adrin\u00adde we me\u00fd\u00addan\u00ad\u00e7a\u00adla\u00adryn\u00adda mi\u00adnistr\u00adlik\u00adler, pu\u00addak\u00adla\u00ad\u00fdyn do\u00adlan\u00addy\u00adry\u015f eda\u00adra\u00adla\u00adry, \u00fdur\u00addu\u00admy\u00adzy\u0148 hu\u00adsu\u00adsy k\u00e4r\u00adha\u00adna\u00adla\u00adry, te\u00adle\u00adke\u00ad\u00e7i\u00adle\u00adri we A\u015f\u00adga\u00adbat\u00adda i\u015f\u00adle\u00ad\u00fd\u00e4n hem-de ak mer\u00admer\u00adli pa\u00fd\u00adtag\u00adty\u00admy\u00adzy\u0148 has-da g\u00f6\u00adzel\u00adle\u015f\u00adme\u00adgi\u00adne g\u00f6\u00adn\u00fck\u00addi\u00adri\u00adlen \u00e4girt uly \u015f\u00e4\u00adher\u00adgur\u00adlu\u00ad\u015fyk mak\u00adsat\u00adna\u00adma\u00adsy\u00adny dur\u00admu\u00ad\u015fa ge\u00ad\u00e7ir\u00adm\u00e4\u00adge gat\u00adna\u015f\u00adma\u00adga is\u00adleg bil\u00addir\u00ad\u00fd\u00e4n da\u00ad\u015fa\u00adry \u00fdurt kom\u00adpa\u00adni\u00ad\u00fda\u00adlar \u00f6z ga\u00adza\u00adnan\u00adla\u00adry\u00adny g\u00f6r\u00adkez\u00ad\u00fd\u00e4r\u00adler.<\/p>\n<p><img decoding=\"async\" loading=\"lazy\" class=\"aligncenter wp-image-78637 size-full\" src=\"https:\/\/zamanturkmenistan.com.tm\/wp-content\/uploads\/2023\/05\/ak-shaherim-ashgabat-underway-metro-project-by-interbudmontazh-sergi-5X2A4611.jpg\" alt=\"\" width=\"1200\" height=\"800\" srcset=\"https:\/\/zamanturkmenistan.com.tm\/wp-content\/uploads\/2023\/05\/ak-shaherim-ashgabat-underway-metro-project-by-interbudmontazh-sergi-5X2A4611.jpg 1200w, https:\/\/zamanturkmenistan.com.tm\/wp-content\/uploads\/2023\/05\/ak-shaherim-ashgabat-underway-metro-project-by-interbudmontazh-sergi-5X2A4611-300x200.jpg 300w, https:\/\/zamanturkmenistan.com.tm\/wp-content\/uploads\/2023\/05\/ak-shaherim-ashgabat-underway-metro-project-by-interbudmontazh-sergi-5X2A4611-1024x683.jpg 1024w, https:\/\/zamanturkmenistan.com.tm\/wp-content\/uploads\/2023\/05\/ak-shaherim-ashgabat-underway-metro-project-by-interbudmontazh-sergi-5X2A4611-768x512.jpg 768w, https:\/\/zamanturkmenistan.com.tm\/wp-content\/uploads\/2023\/05\/ak-shaherim-ashgabat-underway-metro-project-by-interbudmontazh-sergi-5X2A4611-696x464.jpg 696w, https:\/\/zamanturkmenistan.com.tm\/wp-content\/uploads\/2023\/05\/ak-shaherim-ashgabat-underway-metro-project-by-interbudmontazh-sergi-5X2A4611-1068x712.jpg 1068w, https:\/\/zamanturkmenistan.com.tm\/wp-content\/uploads\/2023\/05\/ak-shaherim-ashgabat-underway-metro-project-by-interbudmontazh-sergi-5X2A4611-630x420.jpg 630w\" sizes=\"(max-width: 1200px) 100vw, 1200px\" \/><\/p>\n<p>\u015ee\u00fd\u00adle hem, t\u00fcrk\u00admen pa\u00fd\u00adtag\u00adty\u00adny\u0148 g\u00f6\u00adzel\u00adli\u00adgi\u00adne g\u00f6\u00adzel\u00adlik go\u015f\u00ad\u00fdan d\u00fcr\u00adli \u00fda\u00addy\u00adg\u00e4r\u00adlik\u00adle\u00adri\u0148, bi\u00adna\u00adla\u00adry\u0148 we des\u00adga\u00adla\u00adry\u0148, gur\u00adlu\u00ad\u015fy\u00adgy al\u00adnyp ba\u00adryl\u00ad\u00fdan we gu\u00adrul\u00adma\u00adgy me\u00ad\u00fdil\u00adle\u015f\u00addir\u00ad\u00fd\u00e4n bi\u00adna\u00adla\u00adry\u0148 ma\u00adket\u00adle\u00adri\u00adni g\u00f6r\u00admek bol\u00ad\u00fdar. Mun\u00addan ba\u015f\u00adga-da su\u00adrat\u00adke\u015f\u00adle\u00adri\u0148, he\u00fd\u00adkel\u00adta\u00adra\u015f\u00adla\u00adry\u0148 we di\u00adza\u00fd\u00adner\u00adle\u00adri\u0148 d\u00fcr\u00adli eser\u00adle\u00adri, ha\u00adly we ha\u00adly \u00f6n\u00fcm\u00adle\u00adri, d\u00f6w\u00adre\u00adbap bi\u00ad\u00e7\u00fcw\u00adde ta\u00fd\u00ad\u00fdar\u00adla\u00adnan t\u00fcrk\u00admen mil\u00adli ly\u00adbas\u00adla\u00adry, pa\u00fdtagtymyzda \u00fder\u00adle\u015f\u00ad\u00fd\u00e4n res\u00adto\u00adran\u00adla\u00adry\u0148, azyk ha\u00adryt\u00adla\u00adry\u00adny \u00f6n\u00add\u00fcr\u00ad\u00fd\u00e4n hu\u00adsu\u00adsy k\u00e4r\u00adha\u00adna\u00adla\u00adry\u0148 di\u00adwar\u00adlyk\u00adla\u00adry myh\u00adman\u00adla\u00adry\u0148 \u00fcn\u00ads\u00fc\u00adni \u00f6z\u00fc\u00adne \u00e7ek\u00ad\u00fd\u00e4r.<br \/>\nSe\u00ad\u00fdil\u00adg\u00e4h\u00adle\u00adri be\u00adze\u00ad\u00fd\u00e4n a\u00e7yk ho\u00adwa\u00adda otur\u00addyl\u00ad\u00fdan g\u00fcl\u00adler, \u015fe\u00fd\u00adle hem pa\u00fdtagtymyzdaky g\u00fcl d\u00fc\u00adkan\u00adla\u00adry\u00adny\u0148 di\u00adwar\u00adlyk\u00adla\u00adry ser\u00adgi me\u00fd\u00addan\u00ad\u00e7a\u00adsy\u00adna a\u00fd\u00adra\u00adtyn \u00f6w\u00fc\u015f\u00adgin \u00e7a\u00fd\u00ad\u00fdar.<\/p>\n<p><img decoding=\"async\" loading=\"lazy\" class=\"alignleft wp-image-78640 size-medium\" src=\"https:\/\/zamanturkmenistan.com.tm\/wp-content\/uploads\/2023\/05\/turkmen-biznes-maket-ishewurlik-merkez-gul-omri-hj-5X2A4628-300x195.jpg\" alt=\"\" width=\"300\" height=\"195\" srcset=\"https:\/\/zamanturkmenistan.com.tm\/wp-content\/uploads\/2023\/05\/turkmen-biznes-maket-ishewurlik-merkez-gul-omri-hj-5X2A4628-300x195.jpg 300w, https:\/\/zamanturkmenistan.com.tm\/wp-content\/uploads\/2023\/05\/turkmen-biznes-maket-ishewurlik-merkez-gul-omri-hj-5X2A4628-768x498.jpg 768w, https:\/\/zamanturkmenistan.com.tm\/wp-content\/uploads\/2023\/05\/turkmen-biznes-maket-ishewurlik-merkez-gul-omri-hj-5X2A4628-696x452.jpg 696w, https:\/\/zamanturkmenistan.com.tm\/wp-content\/uploads\/2023\/05\/turkmen-biznes-maket-ishewurlik-merkez-gul-omri-hj-5X2A4628-647x420.jpg 647w, https:\/\/zamanturkmenistan.com.tm\/wp-content\/uploads\/2023\/05\/turkmen-biznes-maket-ishewurlik-merkez-gul-omri-hj-5X2A4628.jpg 800w\" sizes=\"(max-width: 300px) 100vw, 300px\" \/><\/p>\n<p>Ser\u00adgi\u00adni\u0148 gu\u00adra\u00adma\u00ad\u00e7y\u00adla\u00adry bo\u00adlan A\u015f\u00adga\u00adbat \u015f\u00e4\u00adher h\u00e4\u00adkim\u00adli\u00adgi hem-de S\u00f6w\u00adda-se\u00adna\u00adgat eda\u00adra\u00adsy her \u00fdyl bu g\u00f6z\u00adden ge\u00ad\u00e7i\u00adri\u00adli\u00ad\u015fi\u0148 mak\u00adsat\u00adna\u00adma\u00adsy\u00adna gur\u00adlu\u00ad\u015fyk we bi\u00adna\u00adg\u00e4r\u00adlik, elekt\u00adrik ener\u00adge\u00adti\u00adka\u00adsy, ga\u00fd\u00adta\u00addan i\u015f\u00adle\u00ad\u00fd\u00e4n we \u00fder\u00adli se\u00adna\u00adgat, be\u00adzeg i\u015f\u00adle\u00adri, \u015f\u00e4\u00adher d\u00fc\u00adz\u00fcm\u00adle\u00adri\u00adni d\u00f6w\u00adre\u00adbap\u00adla\u015f\u00addyr\u00admak, me\u00adde\u00adni\u00ad\u00fdet, sy\u00ad\u00fda\u00adhat\u00ad\u00e7y\u00adlyk, sport ul\u00adgam\u00adla\u00adry\u00adny \u00f6s\u00add\u00fcr\u00admek \u00fda\u00adly ugur\u00adla\u00adry gi\u00adriz\u00ad\u00fd\u00e4r\u00adler. Bu ul\u00adgam\u00adla\u00adry\u0148 \u00f6s\u00fc\u015f dep\u00adgin\u00adle\u00adri wi\u00addeo\u00ad\u015fe\u00adkil\u00adler\u00adde, des\u00adga\u00adla\u00adry\u0148 ki\u00ad\u00e7el\u00addi\u00adlen nus\u00adga\u00adla\u00adryn\u00adda, su\u00adrat top\u00adlum\u00adla\u00adryn\u00adda, \u00fd\u00f6\u00adri\u00adte ki\u00adtap\u00ad\u00e7a\u00adlar\u00adda we \u017eur\u00adnal\u00adlar\u00adda \u00f6z be\u00ad\u00fda\u00adny\u00adny tap\u00ad\u00fdar.<\/p>\n","protected":false},"excerpt":{"rendered":"<p>\u015eu g\u00fcn 24-nji ma\u00fd\u00adda pa\u00fd\u00adtag\u00adty\u00admy\u00adzdaky S\u00f6w\u00adda-se\u00adna\u00adgat eda\u00adra\u00adsyn\u00adda \u00abAk \u015f\u00e4\u00adhe\u00adrim A\u015f\u00adga\u00adbat\u00bb at\u00adly k\u00f6\u00adpu\u00adgur\u00adly hal\u00adka\u00adra ser\u00adgi \u00f6z i\u015fi\u00adne ba\u015f\u00adla\u00addy. Ser\u00adg\u00e4 \u00fdur\u00addu\u00admy\u00adzy\u0148 we da\u00ad\u015fa\u00adry \u00fdurt kom\u00adpa\u00adni\u00ad\u00fda\u00adla\u00adry\u00adny\u0148 hem-de k\u00e4r\u00adha\u00adna\u00adla\u00adry\u00adny\u0148, su\u00adrat\u00adke\u015f\u00adle\u00adri\u0148 we di\u00adza\u00fd\u00adner\u00adle\u00adri\u0148 k\u00f6p san\u00adly\u00adsy, mi\u00adnistr\u00adlik\u00adle\u00adri\u0148, pu\u00addak\u00adla\u00ad\u00fdyn do\u00adlan\u00addy\u00adry\u015f eda\u00adra\u00adla\u00adry\u00adny\u0148 we\u00adkil\u00adle\u00adri, bi\u00adler\u00admen\u00adler, T\u00fcrk\u00adme\u00adnis\u00adtan\u00adda i\u015f\u00adle\u00ad\u00fd\u00e4n dip\u00adlo\u00adma\u00adtik eda\u00adra\u00adla\u00adry\u0148, hal\u00adka\u00adra gu\u00adra\u00adma\u00adla\u00adry\u0148 \u00fdol\u00adba\u015f\u00ad\u00e7y\u00adla\u00adry, k\u00f6p\u00ad\u00e7\u00fc\u00adlik\u00adle\u00ad\u00fdin ha\u00adbar be\u00adri\u015f se\u00adri\u015f\u00adde\u00adle\u00adri\u00adni\u0148 we\u00adkil\u00adle\u00adri gat\u00adna\u015f\u00ad\u00fdar\u00adlar. Ser\u00adgi\u00adni\u0148 a\u00e7y\u00adly\u015f da\u00adba\u00adra\u00adsyn\u00adda T\u00fcrk\u00adme\u00adnis\u00adta\u00adny\u0148 Pre\u00adzi\u00adden\u00adtini\u0148 ibe\u00adren [&hellip;]<\/p>\n","protected":false},"author":2,"featured_media":78636,"comment_status":"open","ping_status":"closed","sticky":false,"template":"","format":"standard","meta":{"footnotes":""},"categories":[3],"tags":[],"acf":[],"_links":{"self":[{"href":"https:\/\/zamanturkmenistan.com.tm\/index.php?rest_route=\/wp\/v2\/posts\/78634"}],"collection":[{"href":"https:\/\/zamanturkmenistan.com.tm\/index.php?rest_route=\/wp\/v2\/posts"}],"about":[{"href":"https:\/\/zamanturkmenistan.com.tm\/index.php?rest_route=\/wp\/v2\/types\/post"}],"author":[{"embeddable":true,"href":"https:\/\/zamanturkmenistan.com.tm\/index.php?rest_route=\/wp\/v2\/users\/2"}],"replies":[{"embeddable":true,"href":"https:\/\/zamanturkmenistan.com.tm\/index.php?rest_route=%2Fwp%2Fv2%2Fcomments&post=78634"}],"version-history":[{"count":3,"href":"https:\/\/zamanturkmenistan.com.tm\/index.php?rest_route=\/wp\/v2\/posts\/78634\/revisions"}],"predecessor-version":[{"id":78641,"href":"https:\/\/zamanturkmenistan.com.tm\/index.php?rest_route=\/wp\/v2\/posts\/78634\/revisions\/78641"}],"wp:featuredmedia":[{"embeddable":true,"href":"https:\/\/zamanturkmenistan.com.tm\/index.php?rest_route=\/wp\/v2\/media\/78636"}],"wp:attachment":[{"href":"https:\/\/zamanturkmenistan.com.tm\/index.php?rest_route=%2Fwp%2Fv2%2Fmedia&parent=78634"}],"wp:term":[{"taxonomy":"category","embeddable":true,"href":"https:\/\/zamanturkmenistan.com.tm\/index.php?rest_route=%2Fwp%2Fv2%2Fcategories&post=78634"},{"taxonomy":"post_tag","embeddable":true,"href":"https:\/\/zamanturkmenistan.com.tm\/index.php?rest_route=%2Fwp%2Fv2%2Ftags&post=78634"}],"curies":[{"name":"wp","href":"https:\/\/api.w.org\/{rel}","templated":true}]}}