{"id":78816,"date":"2023-05-26T16:12:26","date_gmt":"2023-05-26T11:12:26","guid":{"rendered":"https:\/\/zamanturkmenistan.com.tm\/?p=78816"},"modified":"2023-05-26T16:12:26","modified_gmt":"2023-05-26T11:12:26","slug":"prezident-saylawlaryna-gatnasmakcy","status":"publish","type":"post","link":"https:\/\/zamanturkmenistan.com.tm\/?p=78816","title":{"rendered":"Prezident sa\u00fdlawlaryna gatna\u015fmak\u00e7y"},"content":{"rendered":"<p>AB\u015e-ny\u0148 Flo\u00adri\u00adda \u015fta\u00adty\u00adny\u0148 gu\u00adber\u00adna\u00adto\u00adry Ron De\u00adsan\u00adtis gel\u00adjek \u00fdyl AB\u015e-ny\u0148 pre\u00adzi\u00adden\u00adti we\u00adzi\u00adpe\u00adsi\u00adne da\u00adla\u015f et\u00adjek\u00addi\u00adgi\u00adni m\u00e4\u00adlim et\u00addi. \u201cMen Ame\u00adri\u00adka\u00adny\u0148 be\u00ad\u00fdik do\u00adla\u00adny\u00ad\u015fy\u00adna ba\u015f\u00adtu\u00adtan\u00adlyk et\u00admek \u00fc\u00e7in pre\u00adzi\u00addent\u00adli\u00adge da\u00adla\u015f ed\u00ad\u00fd\u00e4\u00adrin\u201d &#8211; di\u00ad\u00fdip, ol \u201cTwit\u00adter\u00adde\u201d \u00fdaz\u00addy.<br \/>\nDe\u00adsan\u00adtis go\u00adla\u00fd\u00adda AB\u015e-da 2024-nji \u00fdy\u00adly\u0148 no\u00ad\u00fdabr a\u00fdyn\u00adda ge\u00ad\u00e7i\u00adril\u00adjek pre\u00adzi\u00addent sa\u00fd\u00adlaw\u00adla\u00adry\u00adna gat\u00adna\u015f\u00admak mak\u00adsa\u00addy bi\u00adlen res\u00admi\u00adna\u00adma\u00adla\u00adry\u00adny ber\u00addi. De\u00adgi\u015f\u00adli mag\u00adlu\u00admat\u00adlar AB\u015e-ny\u0148 Fe\u00adde\u00adral sa\u00fd\u00adlaw to\u00adpa\u00adry\u00adny\u0148 web sa\u00adhy\u00adpa\u00adsyn\u00adda m\u00e4\u00adlim edil\u00addi.<br \/>\nRes\u00adpub\u00adli\u00adkan par\u00adti\u00ad\u00fda we\u00adkil\u00ad\u00e7i\u00adlik ed\u00ad\u00fd\u00e4n 44 \u00fda\u015f\u00adly Ron De\u00adsan\u00adtis \u00f6\u0148\u00adki pre\u00adzi\u00addent Do\u00adnald Tramp bi\u00adlen bi\u00adle\u00adlik\u00adde pre\u00adzi\u00addent\u00adli\u00adge da\u00adla\u015f\u00adg\u00e4r bol\u00admak \u00fc\u00e7in ta\u00adgal\u00adla eder.<\/p>\n","protected":false},"excerpt":{"rendered":"<p>AB\u015e-ny\u0148 Flo\u00adri\u00adda \u015fta\u00adty\u00adny\u0148 gu\u00adber\u00adna\u00adto\u00adry Ron De\u00adsan\u00adtis gel\u00adjek \u00fdyl AB\u015e-ny\u0148 pre\u00adzi\u00adden\u00adti we\u00adzi\u00adpe\u00adsi\u00adne da\u00adla\u015f et\u00adjek\u00addi\u00adgi\u00adni m\u00e4\u00adlim et\u00addi. \u201cMen Ame\u00adri\u00adka\u00adny\u0148 be\u00ad\u00fdik do\u00adla\u00adny\u00ad\u015fy\u00adna ba\u015f\u00adtu\u00adtan\u00adlyk et\u00admek \u00fc\u00e7in pre\u00adzi\u00addent\u00adli\u00adge da\u00adla\u015f ed\u00ad\u00fd\u00e4\u00adrin\u201d &#8211; di\u00ad\u00fdip, ol \u201cTwit\u00adter\u00adde\u201d \u00fdaz\u00addy. De\u00adsan\u00adtis go\u00adla\u00fd\u00adda AB\u015e-da 2024-nji \u00fdy\u00adly\u0148 no\u00ad\u00fdabr a\u00fdyn\u00adda ge\u00ad\u00e7i\u00adril\u00adjek pre\u00adzi\u00addent sa\u00fd\u00adlaw\u00adla\u00adry\u00adna gat\u00adna\u015f\u00admak mak\u00adsa\u00addy bi\u00adlen res\u00admi\u00adna\u00adma\u00adla\u00adry\u00adny ber\u00addi. De\u00adgi\u015f\u00adli mag\u00adlu\u00admat\u00adlar AB\u015e-ny\u0148 Fe\u00adde\u00adral sa\u00fd\u00adlaw to\u00adpa\u00adry\u00adny\u0148 web sa\u00adhy\u00adpa\u00adsyn\u00adda m\u00e4\u00adlim edil\u00addi. [&hellip;]<\/p>\n","protected":false},"author":2,"featured_media":78817,"comment_status":"open","ping_status":"closed","sticky":false,"template":"","format":"standard","meta":{"footnotes":""},"categories":[5],"tags":[],"acf":[],"_links":{"self":[{"href":"https:\/\/zamanturkmenistan.com.tm\/index.php?rest_route=\/wp\/v2\/posts\/78816"}],"collection":[{"href":"https:\/\/zamanturkmenistan.com.tm\/index.php?rest_route=\/wp\/v2\/posts"}],"about":[{"href":"https:\/\/zamanturkmenistan.com.tm\/index.php?rest_route=\/wp\/v2\/types\/post"}],"author":[{"embeddable":true,"href":"https:\/\/zamanturkmenistan.com.tm\/index.php?rest_route=\/wp\/v2\/users\/2"}],"replies":[{"embeddable":true,"href":"https:\/\/zamanturkmenistan.com.tm\/index.php?rest_route=%2Fwp%2Fv2%2Fcomments&post=78816"}],"version-history":[{"count":1,"href":"https:\/\/zamanturkmenistan.com.tm\/index.php?rest_route=\/wp\/v2\/posts\/78816\/revisions"}],"predecessor-version":[{"id":78819,"href":"https:\/\/zamanturkmenistan.com.tm\/index.php?rest_route=\/wp\/v2\/posts\/78816\/revisions\/78819"}],"wp:featuredmedia":[{"embeddable":true,"href":"https:\/\/zamanturkmenistan.com.tm\/index.php?rest_route=\/wp\/v2\/media\/78817"}],"wp:attachment":[{"href":"https:\/\/zamanturkmenistan.com.tm\/index.php?rest_route=%2Fwp%2Fv2%2Fmedia&parent=78816"}],"wp:term":[{"taxonomy":"category","embeddable":true,"href":"https:\/\/zamanturkmenistan.com.tm\/index.php?rest_route=%2Fwp%2Fv2%2Fcategories&post=78816"},{"taxonomy":"post_tag","embeddable":true,"href":"https:\/\/zamanturkmenistan.com.tm\/index.php?rest_route=%2Fwp%2Fv2%2Ftags&post=78816"}],"curies":[{"name":"wp","href":"https:\/\/api.w.org\/{rel}","templated":true}]}}