{"id":7911,"date":"2017-06-03T07:44:02","date_gmt":"2017-06-03T07:44:02","guid":{"rendered":"http:\/\/zamanturkmenistan.com\/?p=7911"},"modified":"2017-06-03T07:44:02","modified_gmt":"2017-06-03T07:44:02","slug":"4-nji-fi%c2%adnal%c2%adda-ye%c2%adnis-ga%c2%adzan%c2%addy","status":"publish","type":"post","link":"https:\/\/zamanturkmenistan.com.tm\/?p=7911","title":{"rendered":"4-nji fi\u00adnal\u00adda \u00fde\u00ad\u0148i\u015f ga\u00adzan\u00addy"},"content":{"rendered":"<p>Ger\u00adma\u00adni\u00ad\u00fda\u00adny\u0148 ku\u00adbo\u00adgy (DFB-Po\u00adkal) \u00fda\u00adry\u00ad\u015fy\u00adny\u0148 fi\u00adna\u00adlyn\u00adda Dort\u00admun\u00addy\u0148 \u201cBo\u00adrus\u00adsia\u00adsy\u201d bi\u00adlen Frank\u00adfur\u00adty\u0148 \u201cA\u00fdnt\u00adrah\u00adty\u201d du\u00ad\u015fu\u015f\u00addy. De\u00adniz A\u00fd\u00adte\u00adki\u00adni\u0148 emin\u00adlik eden du\u00ad\u015fu\u00ad\u015fy\u00adgy\u00adny\u0148 8-nji mi\u00adnu\u00adtyn\u00adda Os\u00adman Dem\u00adbe\u00adle dort\u00admund\u00adly\u00adla\u00adry \u00f6\u0148e \u00e7y\u00adkar\u00addy. 29-njy mi\u00adnut\u00adda-da An\u00adte Re\u00adbi\u00e7 ha\u00adsa\u00adby de\u0148\u00adle\u00addi. 67-nji mi\u00adnut\u00adda-da Pi\u00ader-Eme\u00adrik Oba\u00adme\u00ad\u00fdang bel\u00adle\u00adnen pe\u00adnal\u00adti\u00adni d\u00fcrs urup, to\u00adpa\u00adry\u00adna \u00fde\u00ad\u0148i\u015f ge\u00adtir\u00addi. \u015eun\u00adluk\u00adda, yz\u00adly-yzy\u00adna 3 fi\u00adnal\u00adda utu\u00adlan \u201cBo\u00adrus\u00adsia Dort\u00admund\u201d d\u00f6r\u00add\u00fcn\u00adji\u00adsin\u00adde ku\u00adbo\u00adgy as\u00adma\u00adna g\u00f6\u00adter\u00addi. To\u00adpar mun\u00addan \u00f6\u0148em 1965-nji, 1989-njy we 2012-nji \u00fdyl\u00adlar\u00adda Ger\u00adma\u00adni\u00ad\u00fda\u00adny\u0148 ku\u00adbo\u00adgy\u00adny ga\u00adza\u00adnyp\u00addy. 74-nji sa\u00adpar ge\u00ad\u00e7i\u00adri\u00adlen Ger\u00adma\u00adni\u00ad\u00fda\u00adny\u0148 ku\u00adbo\u00adgy \u00fda\u00adry\u00ad\u015fy\u00adny\u0148 fi\u00adna\u00adly 1986-njy \u00fdyl\u00addan b\u00e4\u00adri Ber\u00adlin\u00add\u00e4\u00adki Olim\u00adpi\u00ad\u00fda sta\u00addio\u00adnyn\u00adda o\u00fd\u00adnal\u00ad\u00fdar.<\/p>\n","protected":false},"excerpt":{"rendered":"<p>Ger\u00adma\u00adni\u00ad\u00fda\u00adny\u0148 ku\u00adbo\u00adgy (DFB-Po\u00adkal) \u00fda\u00adry\u00ad\u015fy\u00adny\u0148 fi\u00adna\u00adlyn\u00adda Dort\u00admun\u00addy\u0148 \u201cBo\u00adrus\u00adsia\u00adsy\u201d bi\u00adlen Frank\u00adfur\u00adty\u0148 \u201cA\u00fdnt\u00adrah\u00adty\u201d du\u00ad\u015fu\u015f\u00addy. De\u00adniz A\u00fd\u00adte\u00adki\u00adni\u0148 emin\u00adlik eden du\u00ad\u015fu\u00ad\u015fy\u00adgy\u00adny\u0148 8-nji mi\u00adnu\u00adtyn\u00adda Os\u00adman Dem\u00adbe\u00adle dort\u00admund\u00adly\u00adla\u00adry \u00f6\u0148e \u00e7y\u00adkar\u00addy. 29-njy mi\u00adnut\u00adda-da An\u00adte Re\u00adbi\u00e7 ha\u00adsa\u00adby de\u0148\u00adle\u00addi. 67-nji mi\u00adnut\u00adda-da Pi\u00ader-Eme\u00adrik Oba\u00adme\u00ad\u00fdang bel\u00adle\u00adnen pe\u00adnal\u00adti\u00adni d\u00fcrs urup, to\u00adpa\u00adry\u00adna \u00fde\u00ad\u0148i\u015f ge\u00adtir\u00addi. \u015eun\u00adluk\u00adda, yz\u00adly-yzy\u00adna 3 fi\u00adnal\u00adda utu\u00adlan \u201cBo\u00adrus\u00adsia Dort\u00admund\u201d d\u00f6r\u00add\u00fcn\u00adji\u00adsin\u00adde ku\u00adbo\u00adgy as\u00adma\u00adna g\u00f6\u00adter\u00addi. To\u00adpar mun\u00addan \u00f6\u0148em 1965-nji, [&hellip;]<\/p>\n","protected":false},"author":1,"featured_media":7912,"comment_status":"open","ping_status":"closed","sticky":false,"template":"","format":"standard","meta":{"footnotes":""},"categories":[13],"tags":[],"acf":[],"_links":{"self":[{"href":"https:\/\/zamanturkmenistan.com.tm\/index.php?rest_route=\/wp\/v2\/posts\/7911"}],"collection":[{"href":"https:\/\/zamanturkmenistan.com.tm\/index.php?rest_route=\/wp\/v2\/posts"}],"about":[{"href":"https:\/\/zamanturkmenistan.com.tm\/index.php?rest_route=\/wp\/v2\/types\/post"}],"author":[{"embeddable":true,"href":"https:\/\/zamanturkmenistan.com.tm\/index.php?rest_route=\/wp\/v2\/users\/1"}],"replies":[{"embeddable":true,"href":"https:\/\/zamanturkmenistan.com.tm\/index.php?rest_route=%2Fwp%2Fv2%2Fcomments&post=7911"}],"version-history":[{"count":0,"href":"https:\/\/zamanturkmenistan.com.tm\/index.php?rest_route=\/wp\/v2\/posts\/7911\/revisions"}],"wp:featuredmedia":[{"embeddable":true,"href":"https:\/\/zamanturkmenistan.com.tm\/index.php?rest_route=\/wp\/v2\/media\/7912"}],"wp:attachment":[{"href":"https:\/\/zamanturkmenistan.com.tm\/index.php?rest_route=%2Fwp%2Fv2%2Fmedia&parent=7911"}],"wp:term":[{"taxonomy":"category","embeddable":true,"href":"https:\/\/zamanturkmenistan.com.tm\/index.php?rest_route=%2Fwp%2Fv2%2Fcategories&post=7911"},{"taxonomy":"post_tag","embeddable":true,"href":"https:\/\/zamanturkmenistan.com.tm\/index.php?rest_route=%2Fwp%2Fv2%2Ftags&post=7911"}],"curies":[{"name":"wp","href":"https:\/\/api.w.org\/{rel}","templated":true}]}}