{"id":7920,"date":"2017-06-03T07:49:28","date_gmt":"2017-06-03T07:49:28","guid":{"rendered":"http:\/\/zamanturkmenistan.com\/?p=7920"},"modified":"2017-06-03T07:49:28","modified_gmt":"2017-06-03T07:49:28","slug":"lio%c2%adnyn-bas%c2%adsyr-2-nji-cem%c2%adpi%c2%adon%c2%adly%c2%adgy","status":"publish","type":"post","link":"https:\/\/zamanturkmenistan.com.tm\/?p=7920","title":{"rendered":"\u201cLio\u00adny\u0148\u201d bas\u00adsyr 2-nji \u00e7em\u00adpi\u00adon\u00adly\u00adgy"},"content":{"rendered":"<p>Ze\u00adnan\u00adla\u00adry\u0148 ara\u00adsyn\u00adda\u00adky UEFA \u00c7em\u00adpi\u00adon\u00adlar li\u00adga\u00adsy\u00adny\u0148 kubogyna Fran\u00adsi\u00ad\u00fda\u00adny\u0148 \u201cLi\u00adon\u201d to\u00adpa\u00adry my\u00adna\u00adsyp bol\u00addy. Olar Kar\u00addiff\u00add\u00e4\u00adki \u201cKar\u00addiff Si\u00adti\u201d sta\u00addio\u00adnyn\u00adda o\u00fd\u00adna\u00adlan fi\u00adnal\u00adda Fran\u00adsi\u00ad\u00fda\u00adny\u0148 ba\u015f\u00adga bir klu\u00adby PS\u017d bi\u00adlen du\u00ad\u015fu\u015f\u00addy. Du\u00ad\u015fu\u00ad\u015fy\u00adgy\u0148 esa\u00adsy wag\u00adtyn\u00adda, hat\u00adda, go\u015f\u00adma\u00ad\u00e7a 30 mi\u00adnut\u00adda-da ha\u00adsap a\u00e7yl\u00adma\u00addy. Ne\u00adti\u00adje\u00adde, \u00fde\u00ad\u0148i\u00adjini 11 metr\u00adlik ur\u00adgu\u00adlar kes\u00adgit\u00adle\u00addi. Bu ur\u00adgu\u00adlar\u00adda 7\u20136 \u00f6\u0148e sa\u00fd\u00adla\u00adnan \u201cLi\u00adon\u201d bas\u00adsyr 2-nji, umu\u00admy\u00adlyk\u00adda-da 4-nji ge\u00adzek UEFA-ny\u0148 i\u0148 uly ku\u00adbo\u00adgy\u00adna e\u00fde\u00adlik et\u00addi. \u201cLi\u00adon\u201d ge\u00ad\u00e7en m\u00f6w\u00ads\u00fcm-de fi\u00adnal\u00adda pe\u00adnal\u00adti\u00adler\u00adden so\u0148, \u201cWolfs\u00adburg\u00addan\u201d \u00fcs\u00adt\u00fcn \u00e7y\u00adkyp\u00addy. 2010\u20132013-nji \u00fdyl\u00adlar ara\u00adly\u00adgyn\u00adda 4 m\u00f6w\u00ads\u00fcm fi\u00adna\u00adla \u00e7y\u00adkan \u201cLi\u00adon\u201d \u015fo\u00adla\u00adry\u0148 iki\u00adsin\u00adde ku\u00adbo\u00adgy ga\u00adza\u00adnyp\u00addy.<br \/>\nUEFA Ze\u00adnan\u00adla\u00adry\u0148 \u00c7em\u00adpi\u00adon\u00adlar li\u00adga\u00adsy 2001\/02 m\u00f6w\u00ads\u00fc\u00admin\u00adden b\u00e4\u00adri ge\u00ad\u00e7i\u00adri\u00adlip ge\u00adlin\u00ad\u00fd\u00e4r. Bu \u00fda\u00adry\u015f 2009-njy \u00fdy\u00adla \u00e7en\u00adli UEFA Ze\u00adnan\u00adla\u00adry\u0148 ku\u00adbo\u00adgy ady bi\u00adlen ge\u00ad\u00e7i\u00adri\u00adlip, fi\u00adnal 2 du\u00ad\u015fu\u00ad\u015fyk esa\u00adsyn\u00adda o\u00fd\u00adnal\u00ad\u00fdar\u00addy. Bu ku\u00adbo\u00adgy i\u0148 k\u00f6p Ger\u00adma\u00adni\u00ad\u00fda\u00adny\u0148 klub\u00adla\u00adry ga\u00adzan\u00addy (9 ge\u00adzek). Fran\u00adsuz to\u00adpar\u00adla\u00adry 4, \u015fwed\u00adler 2 we i\u0148\u00adlis klub\u00adla\u00adry-da 1 sa\u00adpar e\u00fde\u00adle\u00addi. Ku\u00adbo\u00adgy \u201cFrank\u00adfurt\u201d (4), \u201cLi\u00adon\u201d (4), \u201cUmea\u201d (2), \u201cTur\u00adbi\u00adne Pots\u00addam\u201d (2), \u201cWolfs\u00adburg\u201d (2), \u201cAr\u00adse\u00adnal\u201d (1) hem-de \u201cDu\u00fds\u00adburg\u201d (1) to\u00adpar\u00adla\u00adry as\u00adma\u00adna gal\u00addyr\u00addy.<\/p>\n","protected":false},"excerpt":{"rendered":"<p>Ze\u00adnan\u00adla\u00adry\u0148 ara\u00adsyn\u00adda\u00adky UEFA \u00c7em\u00adpi\u00adon\u00adlar li\u00adga\u00adsy\u00adny\u0148 kubogyna Fran\u00adsi\u00ad\u00fda\u00adny\u0148 \u201cLi\u00adon\u201d to\u00adpa\u00adry my\u00adna\u00adsyp bol\u00addy. Olar Kar\u00addiff\u00add\u00e4\u00adki \u201cKar\u00addiff Si\u00adti\u201d sta\u00addio\u00adnyn\u00adda o\u00fd\u00adna\u00adlan fi\u00adnal\u00adda Fran\u00adsi\u00ad\u00fda\u00adny\u0148 ba\u015f\u00adga bir klu\u00adby PS\u017d bi\u00adlen du\u00ad\u015fu\u015f\u00addy. Du\u00ad\u015fu\u00ad\u015fy\u00adgy\u0148 esa\u00adsy wag\u00adtyn\u00adda, hat\u00adda, go\u015f\u00adma\u00ad\u00e7a 30 mi\u00adnut\u00adda-da ha\u00adsap a\u00e7yl\u00adma\u00addy. Ne\u00adti\u00adje\u00adde, \u00fde\u00ad\u0148i\u00adjini 11 metr\u00adlik ur\u00adgu\u00adlar kes\u00adgit\u00adle\u00addi. Bu ur\u00adgu\u00adlar\u00adda 7\u20136 \u00f6\u0148e sa\u00fd\u00adla\u00adnan \u201cLi\u00adon\u201d bas\u00adsyr 2-nji, umu\u00admy\u00adlyk\u00adda-da 4-nji ge\u00adzek UEFA-ny\u0148 i\u0148 uly ku\u00adbo\u00adgy\u00adna [&hellip;]<\/p>\n","protected":false},"author":1,"featured_media":7921,"comment_status":"open","ping_status":"closed","sticky":false,"template":"","format":"standard","meta":{"footnotes":""},"categories":[9],"tags":[],"acf":[],"_links":{"self":[{"href":"https:\/\/zamanturkmenistan.com.tm\/index.php?rest_route=\/wp\/v2\/posts\/7920"}],"collection":[{"href":"https:\/\/zamanturkmenistan.com.tm\/index.php?rest_route=\/wp\/v2\/posts"}],"about":[{"href":"https:\/\/zamanturkmenistan.com.tm\/index.php?rest_route=\/wp\/v2\/types\/post"}],"author":[{"embeddable":true,"href":"https:\/\/zamanturkmenistan.com.tm\/index.php?rest_route=\/wp\/v2\/users\/1"}],"replies":[{"embeddable":true,"href":"https:\/\/zamanturkmenistan.com.tm\/index.php?rest_route=%2Fwp%2Fv2%2Fcomments&post=7920"}],"version-history":[{"count":0,"href":"https:\/\/zamanturkmenistan.com.tm\/index.php?rest_route=\/wp\/v2\/posts\/7920\/revisions"}],"wp:featuredmedia":[{"embeddable":true,"href":"https:\/\/zamanturkmenistan.com.tm\/index.php?rest_route=\/wp\/v2\/media\/7921"}],"wp:attachment":[{"href":"https:\/\/zamanturkmenistan.com.tm\/index.php?rest_route=%2Fwp%2Fv2%2Fmedia&parent=7920"}],"wp:term":[{"taxonomy":"category","embeddable":true,"href":"https:\/\/zamanturkmenistan.com.tm\/index.php?rest_route=%2Fwp%2Fv2%2Fcategories&post=7920"},{"taxonomy":"post_tag","embeddable":true,"href":"https:\/\/zamanturkmenistan.com.tm\/index.php?rest_route=%2Fwp%2Fv2%2Ftags&post=7920"}],"curies":[{"name":"wp","href":"https:\/\/api.w.org\/{rel}","templated":true}]}}