{"id":79278,"date":"2023-06-02T16:22:47","date_gmt":"2023-06-02T11:22:47","guid":{"rendered":"https:\/\/zamanturkmenistan.com.tm\/?p=79278"},"modified":"2023-06-02T16:22:47","modified_gmt":"2023-06-02T11:22:47","slug":"adamlar-2040-njy-yylda-marsa-gadam-basar","status":"publish","type":"post","link":"https:\/\/zamanturkmenistan.com.tm\/?p=79278","title":{"rendered":"Adamlar 2040-njy \u00fdylda Marsa gadam basar"},"content":{"rendered":"<p>AB\u015e-ny\u0148 Ae\u00adro\u00adnaw\u00adti\u00adka we kos\u00admos gi\u00ad\u0148i\u015f\u00adli\u00adgi\u00adni\u0148 bar\u00adlag\u00adla\u00adry bo\u00ad\u00fdun\u00ad\u00e7a Mil\u00adli m\u00fc\u00addir\u00adli\u00adgi\u00adni\u0148 (NA\u00adSA) ba\u015f\u00adly\u00adgy Bill Nel\u00adson 2040-njy \u00fdyl\u00adda ada\u00admy\u0148 Mar\u00adsa ba\u00adryp bil\u00adjek\u00addi\u00adgi\u00adne ynan\u00ad\u00fdar. Ol bu ba\u00adra\u00adda Is\u00adpa\u00adni\u00ad\u00fda\u00adny\u0148 \u201cEl Mun\u00addo\u201d ga\u00adze\u00adti bi\u00adlen s\u00f6h\u00adbet\u00adde\u015f\u00adlik\u00adde a\u00fdt\u00addy.<br \/>\nBill Nel\u00adson\u00addan il\u00adkin\u00adji ada\u00admy\u0148 n\u00e4\u00adwagt Mar\u00adsa ga\u00addam bas\u00adjak\u00addy\u00adgy so\u00adra\u00adlan\u00adda: &#8211; 2040-njy \u00fdyl\u00adda, ba\u00adry-\u00fdo\u00adgy 17 \u00fdyl gal\u00addy \u2013 di\u00ad\u00fdip bel\u00adle\u00addi. Ol: &#8220;A\u00fda \u00fdet\u00admek \u00fc\u00e7in \u00fc\u00e7-d\u00f6rt g\u00fcn t\u00f6\u00adwe\u00adre\u00adgi wagt ge\u00adrek, \u00fd\u00f6\u00adne Mars has alys\u00adda \u00fder\u00adle\u015f\u00ad\u00fd\u00e4r &#8211; di\u00fd\u00addi.<br \/>\n-Gy\u00adzyl pla\u00adne\u00adta \u00fdet\u00admek \u00fc\u00e7in \u00fde\u00addi-se\u00adkiz a\u00fd ge\u00adrek bo\u00adlar, \u015fe\u00fd\u00adle \u00fdag\u00adda\u00fd\u00adda pla\u00adne\u00adta\u00adla\u00adry\u0148 \u00fder\u00adle\u015f\u00ad\u00fd\u00e4n \u00fder\u00adle\u00adri al\u00adty-se\u00adkiz a\u00fd\u00adda \u00fde\u00adne yzy\u00ad\u0148a ga\u00fd\u00addyp gel\u00adm\u00e4\u00adge m\u00fcm\u00adkin\u00ad\u00e7i\u00adlik ber\u00ad\u00fd\u00e4n\u00ad\u00e7\u00e4, bir-iki \u00fdyl ol \u00fder\u00adde gal\u00adma\u00adly bo\u00adlar. Mar\u00adsa gid\u00ad\u00fd\u00e4n adam\u00adla\u00adry\u0148 \u00f6m\u00adr\u00fc\u00adni go\u00adra\u00admak \u00fc\u00e7in he\u00adniz biz \u00fde\u00adne k\u00f6p zat\u00adla\u00adry\u0148 \u00fcs\u00adt\u00fcn\u00adde i\u015f\u00adle\u00adme\u00adli bo\u00adla\u00adrys &#8211; di\u00ad\u00fdip, ol s\u00f6\u00adz\u00fc\u00adni\u0148 \u00fcs\u00adt\u00fc\u00adni \u00fde\u00adtir\u00addi.<\/p>\n","protected":false},"excerpt":{"rendered":"<p>AB\u015e-ny\u0148 Ae\u00adro\u00adnaw\u00adti\u00adka we kos\u00admos gi\u00ad\u0148i\u015f\u00adli\u00adgi\u00adni\u0148 bar\u00adlag\u00adla\u00adry bo\u00ad\u00fdun\u00ad\u00e7a Mil\u00adli m\u00fc\u00addir\u00adli\u00adgi\u00adni\u0148 (NA\u00adSA) ba\u015f\u00adly\u00adgy Bill Nel\u00adson 2040-njy \u00fdyl\u00adda ada\u00admy\u0148 Mar\u00adsa ba\u00adryp bil\u00adjek\u00addi\u00adgi\u00adne ynan\u00ad\u00fdar. Ol bu ba\u00adra\u00adda Is\u00adpa\u00adni\u00ad\u00fda\u00adny\u0148 \u201cEl Mun\u00addo\u201d ga\u00adze\u00adti bi\u00adlen s\u00f6h\u00adbet\u00adde\u015f\u00adlik\u00adde a\u00fdt\u00addy. Bill Nel\u00adson\u00addan il\u00adkin\u00adji ada\u00admy\u0148 n\u00e4\u00adwagt Mar\u00adsa ga\u00addam bas\u00adjak\u00addy\u00adgy so\u00adra\u00adlan\u00adda: &#8211; 2040-njy \u00fdyl\u00adda, ba\u00adry-\u00fdo\u00adgy 17 \u00fdyl gal\u00addy \u2013 di\u00ad\u00fdip bel\u00adle\u00addi. Ol: &#8220;A\u00fda \u00fdet\u00admek \u00fc\u00e7in \u00fc\u00e7-d\u00f6rt g\u00fcn [&hellip;]<\/p>\n","protected":false},"author":2,"featured_media":79279,"comment_status":"open","ping_status":"closed","sticky":false,"template":"","format":"standard","meta":{"footnotes":""},"categories":[5],"tags":[],"acf":[],"_links":{"self":[{"href":"https:\/\/zamanturkmenistan.com.tm\/index.php?rest_route=\/wp\/v2\/posts\/79278"}],"collection":[{"href":"https:\/\/zamanturkmenistan.com.tm\/index.php?rest_route=\/wp\/v2\/posts"}],"about":[{"href":"https:\/\/zamanturkmenistan.com.tm\/index.php?rest_route=\/wp\/v2\/types\/post"}],"author":[{"embeddable":true,"href":"https:\/\/zamanturkmenistan.com.tm\/index.php?rest_route=\/wp\/v2\/users\/2"}],"replies":[{"embeddable":true,"href":"https:\/\/zamanturkmenistan.com.tm\/index.php?rest_route=%2Fwp%2Fv2%2Fcomments&post=79278"}],"version-history":[{"count":1,"href":"https:\/\/zamanturkmenistan.com.tm\/index.php?rest_route=\/wp\/v2\/posts\/79278\/revisions"}],"predecessor-version":[{"id":79280,"href":"https:\/\/zamanturkmenistan.com.tm\/index.php?rest_route=\/wp\/v2\/posts\/79278\/revisions\/79280"}],"wp:featuredmedia":[{"embeddable":true,"href":"https:\/\/zamanturkmenistan.com.tm\/index.php?rest_route=\/wp\/v2\/media\/79279"}],"wp:attachment":[{"href":"https:\/\/zamanturkmenistan.com.tm\/index.php?rest_route=%2Fwp%2Fv2%2Fmedia&parent=79278"}],"wp:term":[{"taxonomy":"category","embeddable":true,"href":"https:\/\/zamanturkmenistan.com.tm\/index.php?rest_route=%2Fwp%2Fv2%2Fcategories&post=79278"},{"taxonomy":"post_tag","embeddable":true,"href":"https:\/\/zamanturkmenistan.com.tm\/index.php?rest_route=%2Fwp%2Fv2%2Ftags&post=79278"}],"curies":[{"name":"wp","href":"https:\/\/api.w.org\/{rel}","templated":true}]}}