{"id":79503,"date":"2023-06-05T12:27:49","date_gmt":"2023-06-05T07:27:49","guid":{"rendered":"https:\/\/zamanturkmenistan.com.tm\/?p=79503"},"modified":"2023-06-05T12:27:49","modified_gmt":"2023-06-05T07:27:49","slug":"ilkinji-zenan-bas-sekretar","status":"publish","type":"post","link":"https:\/\/zamanturkmenistan.com.tm\/?p=79503","title":{"rendered":"Ilkinji zenan Ba\u015f sekretar"},"content":{"rendered":"<p>Ar\u00adgen\u00adti\u00adna\u00adly pro\u00adfes\u00adsor, ha\u00adnym Se\u00adles\u00adta Sau\u00adlo B\u00fc\u00adtin\u00add\u00fcn\u00ad\u00fd\u00e4 Me\u00adteo\u00adro\u00adlo\u00adgi\u00ad\u00fda Gu\u00adra\u00adma\u00adsy\u00adny\u0148 (BMG) Ba\u015f sek\u00adre\u00adta\u00adry we\u00adzi\u00adpe\u00adsi\u00adne bel\u00adlen\u00addi. Ol bu we\u00adzi\u00adp\u00e4\u00adni e\u00fde\u00adl\u00e4n il\u00adkin\u00adji ze\u00adnan\u00addyr. Bu ba\u00adra\u00adda BMG-ni\u0148 Ha\u00adbar\u00adlar mer\u00adke\u00adzi ha\u00adbar ber\u00ad\u00fd\u00e4r.<br \/>\n2014-nji \u00fdyl\u00addan b\u00e4\u00adri Ar\u00adgen\u00adti\u00adna\u00adny\u0148 Mil\u00adli me\u00adteo\u00adro\u00adlo\u00adgi\u00ad\u00fda gul\u00adlu\u00adgy\u00adny\u0148 m\u00fc\u00addi\u00adri we\u00adzi\u00adpe\u00adsi\u00adni e\u00fde\u00adle\u00ad\u00fd\u00e4n ha\u00adnym Sau\u00adlo h\u00e4\u00adzir\u00adki wagt\u00adda BMG-ni\u0148 bi\u00adrin\u00adji wi\u00adse-pre\u00adzi\u00adden\u00adti\u00addir. Ol 2024-nji \u00fdy\u00adly\u0148 1-nji \u00fdan\u00adwa\u00adryn\u00adda we\u00adzi\u00adpe\u00adsi\u00adne gi\u00adri\u00ad\u015fer we bu we\u00adzi\u00adpe\u00adde iki m\u00f6h\u00adlet i\u015f\u00adl\u00e4n pro\u00adfes\u00adsor Pet\u00adte\u00adri Taa\u00adla\u00adsy\u0148 \u00fde\u00adri\u00adne ge\u00ad\u00e7er.<br \/>\nSau\u00adlo d\u00f6rt \u00fdyl\u00addan bir ge\u00adzek gu\u00adral\u00ad\u00fdan BMG-ni\u0148 \u00fdo\u00adka\u00adry di\u00adrek\u00adtiw or\u00adga\u00adny bo\u00adlan B\u00fc\u00adtin\u00add\u00fcn\u00ad\u00fd\u00e4 Me\u00adteo\u00adro\u00adlo\u00adgi\u00ad\u00fda Kong\u00adres\u00adsi\u00adni\u0148 we\u00adkil\u00adle\u00adri\u00adni\u0148 ses\u00adle\u00adri\u00adni\u0148 \u00fc\u00e7\u00adden iki b\u00f6\u00adle\u00adgi\u00adni alan\u00addan so\u0148 bel\u00adlen\u00addi.<br \/>\nPro\u00adfes\u00adsor Sau\u00adlo B\u00fc\u00adtin\u00add\u00fcn\u00ad\u00fd\u00e4 Me\u00adteo\u00adro\u00adlo\u00adgi\u00ad\u00fda Gu\u00adra\u00adma\u00adsy bi\u00adlen uzak wagt\u00addan b\u00e4\u00adri hyz\u00admat\u00adda\u015f\u00adlyk ed\u00ad\u00fd\u00e4r. 2015-nji \u00fdy\u00adly\u0148 i\u00fdun a\u00fdyn\u00adda ol bu gu\u00adra\u00adma\u00adny\u0148 \u00dde\u00adri\u00adne \u00fde\u00adti\u00adri\u00adji ge\u00ad\u0148e\u00ad\u015fi\u00adni\u0148 ag\u00adza\u00adsy sa\u00fd\u00adlan\u00addy. 2018-nji \u00fdy\u00adly\u0148 ap\u00adrel a\u00fdyn\u00adda gu\u00adra\u00adma\u00adny\u0148 wi\u00adse-pre\u00adzi\u00adden\u00adti, 2019-njy \u00fdy\u00adly\u0148 i\u00fdun a\u00fdyn\u00adda bi\u00adrin\u00adji wi\u00adse-pre\u00adzi\u00adden\u00adti sa\u00fd\u00adla\u00adnyp, bu we\u00adzi\u00adp\u00e4\u00adni e\u00fde\u00adl\u00e4n il\u00adkin\u00adji a\u00fdal bol\u00addy. On\u00addan \u00f6\u0148 Sau\u00adlo B\u00fc\u00adtin\u00add\u00fcn\u00ad\u00fd\u00e4 Me\u00adteo\u00adro\u00adlo\u00adgi\u00ad\u00fda Gu\u00adra\u00adma\u00adsy\u00adny\u0148 d\u00fcr\u00adli yl\u00admy h\u00fc\u00adn\u00e4r\u00admen to\u00adpar\u00adla\u00adry\u00adny\u0148 ag\u00adza\u00adsy bol\u00addy. Sau\u00adlo 60-dan gow\u00adrak yl\u00admy ma\u00adka\u00adla\u00adla\u00adry\u0148 we ki\u00adtap\u00adla\u00adry\u0148 aw\u00adto\u00adry \u00fda-da aw\u00adtor\u00adda\u00ad\u015fy\u00addyr.<\/p>\n","protected":false},"excerpt":{"rendered":"<p>Ar\u00adgen\u00adti\u00adna\u00adly pro\u00adfes\u00adsor, ha\u00adnym Se\u00adles\u00adta Sau\u00adlo B\u00fc\u00adtin\u00add\u00fcn\u00ad\u00fd\u00e4 Me\u00adteo\u00adro\u00adlo\u00adgi\u00ad\u00fda Gu\u00adra\u00adma\u00adsy\u00adny\u0148 (BMG) Ba\u015f sek\u00adre\u00adta\u00adry we\u00adzi\u00adpe\u00adsi\u00adne bel\u00adlen\u00addi. Ol bu we\u00adzi\u00adp\u00e4\u00adni e\u00fde\u00adl\u00e4n il\u00adkin\u00adji ze\u00adnan\u00addyr. Bu ba\u00adra\u00adda BMG-ni\u0148 Ha\u00adbar\u00adlar mer\u00adke\u00adzi ha\u00adbar ber\u00ad\u00fd\u00e4r. 2014-nji \u00fdyl\u00addan b\u00e4\u00adri Ar\u00adgen\u00adti\u00adna\u00adny\u0148 Mil\u00adli me\u00adteo\u00adro\u00adlo\u00adgi\u00ad\u00fda gul\u00adlu\u00adgy\u00adny\u0148 m\u00fc\u00addi\u00adri we\u00adzi\u00adpe\u00adsi\u00adni e\u00fde\u00adle\u00ad\u00fd\u00e4n ha\u00adnym Sau\u00adlo h\u00e4\u00adzir\u00adki wagt\u00adda BMG-ni\u0148 bi\u00adrin\u00adji wi\u00adse-pre\u00adzi\u00adden\u00adti\u00addir. Ol 2024-nji \u00fdy\u00adly\u0148 1-nji \u00fdan\u00adwa\u00adryn\u00adda we\u00adzi\u00adpe\u00adsi\u00adne gi\u00adri\u00ad\u015fer we bu we\u00adzi\u00adpe\u00adde iki m\u00f6h\u00adlet [&hellip;]<\/p>\n","protected":false},"author":2,"featured_media":79504,"comment_status":"open","ping_status":"closed","sticky":false,"template":"","format":"standard","meta":{"footnotes":""},"categories":[5],"tags":[],"acf":[],"_links":{"self":[{"href":"https:\/\/zamanturkmenistan.com.tm\/index.php?rest_route=\/wp\/v2\/posts\/79503"}],"collection":[{"href":"https:\/\/zamanturkmenistan.com.tm\/index.php?rest_route=\/wp\/v2\/posts"}],"about":[{"href":"https:\/\/zamanturkmenistan.com.tm\/index.php?rest_route=\/wp\/v2\/types\/post"}],"author":[{"embeddable":true,"href":"https:\/\/zamanturkmenistan.com.tm\/index.php?rest_route=\/wp\/v2\/users\/2"}],"replies":[{"embeddable":true,"href":"https:\/\/zamanturkmenistan.com.tm\/index.php?rest_route=%2Fwp%2Fv2%2Fcomments&post=79503"}],"version-history":[{"count":1,"href":"https:\/\/zamanturkmenistan.com.tm\/index.php?rest_route=\/wp\/v2\/posts\/79503\/revisions"}],"predecessor-version":[{"id":79505,"href":"https:\/\/zamanturkmenistan.com.tm\/index.php?rest_route=\/wp\/v2\/posts\/79503\/revisions\/79505"}],"wp:featuredmedia":[{"embeddable":true,"href":"https:\/\/zamanturkmenistan.com.tm\/index.php?rest_route=\/wp\/v2\/media\/79504"}],"wp:attachment":[{"href":"https:\/\/zamanturkmenistan.com.tm\/index.php?rest_route=%2Fwp%2Fv2%2Fmedia&parent=79503"}],"wp:term":[{"taxonomy":"category","embeddable":true,"href":"https:\/\/zamanturkmenistan.com.tm\/index.php?rest_route=%2Fwp%2Fv2%2Fcategories&post=79503"},{"taxonomy":"post_tag","embeddable":true,"href":"https:\/\/zamanturkmenistan.com.tm\/index.php?rest_route=%2Fwp%2Fv2%2Ftags&post=79503"}],"curies":[{"name":"wp","href":"https:\/\/api.w.org\/{rel}","templated":true}]}}