{"id":79999,"date":"2023-06-12T11:40:49","date_gmt":"2023-06-12T06:40:49","guid":{"rendered":"https:\/\/zamanturkmenistan.com.tm\/?p=79999"},"modified":"2023-06-12T11:40:49","modified_gmt":"2023-06-12T06:40:49","slug":"yylyn-meshur-telekecisi-belli-boldy","status":"publish","type":"post","link":"https:\/\/zamanturkmenistan.com.tm\/?p=79999","title":{"rendered":"\u201c\u00ddyly\u0148 me\u015fhur teleke\u00e7isi\u201d belli boldy"},"content":{"rendered":"<p>Mo\u00adna\u00adko\u00adda gu\u00adra\u00adlan da\u00adba\u00adra\u00adda Be\u00ad\u00fdik Bri\u00adta\u00adni\u00ad\u00fda\u00adny\u0148 \u201cErnst &amp; Young\u201d mas\u00adla\u00adhat be\u00adri\u015f kom\u00adpa\u00adni\u00ad\u00fda\u00adsy\u00adny\u0148 \u201c\u00ddy\u00adly\u0148 me\u015f\u00adhur te\u00adle\u00adke\u00ad\u00e7i\u00adsi &#8211; 2023\u201d hal\u00adka\u00adra b\u00e4s\u00adle\u00ad\u015fi\u00adgi\u00adni\u0148 \u00fde\u00ad\u0148i\u00adji\u00adsi yg\u00adlan edil\u00addi. Ol \u00fda\u00adrym ge\u00ad\u00e7i\u00adri\u00adji\u00adle\u00adri \u00f6n\u00add\u00fcr\u00admek \u00fc\u00e7in m\u00f6\u00adh\u00fcm d\u00fc\u00adz\u00fcm b\u00f6\u00adle\u00adgi bo\u00adlan krem\u00adni\u00fd plas\u00adti\u00adna\u00adsy\u00adny \u00f6n\u00add\u00fcr\u00ad\u00fd\u00e4n Ta\u00fd\u00adwa\u00adny\u0148 \u201cGlo\u00adbal\u00adWa\u00adfers\u201d kom\u00adpa\u00adni\u00ad\u00fda\u00adsy\u00adny\u0148 ba\u015f m\u00fc\u00addi\u00adri we m\u00fc\u00addir\u00adler ge\u00ad\u0148e\u00ad\u015fi\u00adni\u0148 ba\u015f\u00adly\u00adgy ha\u00adnym Do\u00adris Hsu bol\u00addy.<br \/>\nBu \u00e7\u00e4\u00adre \u201c\u00ddy\u00adly\u0148 i\u015fe\u00adw\u00fc\u00adri\u201d mak\u00adsat\u00adna\u00adma\u00adsy\u00adny\u0148 i\u0148 \u00fdo\u00adka\u00adry de\u00adre\u00adje\u00adsi ha\u00adsap\u00adlan\u00ad\u00fdar. Bu b\u00e4s\u00adle\u00ad\u015fik \u00f6z ide\u00ad\u00fda\u00adla\u00adry, yh\u00adla\u00adsy we \u00fcs\u00adt\u00fcn\u00adlik\u00adle\u00adri bi\u00adlen ba\u015f\u00adga\u00adla\u00adra yl\u00adham ber\u00ad\u00fd\u00e4n adam\u00adla\u00adry\u0148 i\u015fe\u00adw\u00fcr\u00adlik i\u015fi\u00adni\u0148 \u00fcs\u00adt\u00fcn\u00adli\u00adgi\u00adni yk\u00adrar et\u00adm\u00e4\u00adge m\u00fcm\u00adkin\u00ad\u00e7i\u00adlik ber\u00ad\u00fd\u00e4r. \u015ee\u00fd\u00adle g\u00f6r\u00adn\u00fc\u015f\u00adli il\u00adkin\u00adji we \u00fde\u00adke-t\u00e4k b\u00e4s\u00adle\u00ad\u015fik h\u00f6k\u00adm\u00fcn\u00adde \u201c\u00ddy\u00adly\u0148 me\u015f\u00adhur te\u00adle\u00adke\u00ad\u00e7i\u00adsi &#8211; 2023\u201d mil\u00adli we hal\u00adka\u00adra de\u00adre\u00adje\u00adsin\u00adde \u00fcs\u00adt\u00fcn\u00adlik\u00adli, \u00e7alt dep\u00adgin\u00adde \u00f6s\u00ad\u00fd\u00e4n kom\u00adpa\u00adni\u00ad\u00fda\u00adla\u00adry\u0148 esas\u00adlan\u00addy\u00adry\u00adjy\u00adla\u00adry\u00adny\u0148 we \u00fdol\u00adba\u015f\u00ad\u00e7y\u00adla\u00adry\u00adny\u0148 hyz\u00adma\u00adty\u00adny yk\u00adrar et\u00adm\u00e4\u00adge g\u00f6\u00adn\u00fck\u00addi\u00adri\u00adlen\u00addir.<br \/>\n\u201cErnst &amp; Young\u201d-y\u0148 \u201c\u00ddy\u00adly\u0148 me\u015f\u00adhur te\u00adle\u00adke\u00ad\u00e7i\u00adsi &#8211; 2023\u201d b\u00e4s\u00adle\u00ad\u015fi\u00adgi in\u00adno\u00adwa\u00adsi\u00adon \u00f6s\u00fc\u00ad\u015fi, g\u00fcl\u00adl\u00e4p \u00f6s\u00fc\u00ad\u015fi gol\u00adda\u00admak mak\u00adsa\u00addy bi\u00adlen d\u00fcn\u00ad\u00fd\u00e4\u00admi\u00adzi \u00f6z\u00adgerd\u00ad\u00fd\u00e4n i\u015fe\u00adw\u00fcr\u00adler \u00fc\u00e7in ab\u00adra\u00fd\u00adly hal\u00adka\u00adra b\u00e4s\u00adle\u00ad\u015fi\u00adgi\u00addir. D\u00fcn\u00ad\u00fd\u00e4\u00adni\u0148 60-dan gow\u00adrak d\u00f6w\u00adle\u00adti\u00adni\u0148 145-den gow\u00adrak \u015f\u00e4\u00adhe\u00adrin\u00adde se\u00adbit\u00adle\u00ad\u00fdin we mil\u00adli tap\u00adgyr\u00adla\u00adry\u0148 \u00fde\u00ad\u0148i\u00adji\u00adle\u00adri, adat\u00ad\u00e7a, Mo\u00adna\u00adko\u00adda ge\u00ad\u00e7i\u00adril\u00ad\u00fd\u00e4n hal\u00adka\u00adra fi\u00adnal\u00adda d\u00fcn\u00ad\u00fd\u00e4\u00adni\u0148 i\u0148 go\u00adwy te\u00adle\u00adke\u00ad\u00e7i\u00adsi ady ug\u00adrun\u00adda b\u00e4s\u00adle\u00ad\u015fik\u00adle\u00adri\u00adni do\u00adwam et\u00addir\u00ad\u00fd\u00e4r\u00adler.<\/p>\n","protected":false},"excerpt":{"rendered":"<p>Mo\u00adna\u00adko\u00adda gu\u00adra\u00adlan da\u00adba\u00adra\u00adda Be\u00ad\u00fdik Bri\u00adta\u00adni\u00ad\u00fda\u00adny\u0148 \u201cErnst &amp; Young\u201d mas\u00adla\u00adhat be\u00adri\u015f kom\u00adpa\u00adni\u00ad\u00fda\u00adsy\u00adny\u0148 \u201c\u00ddy\u00adly\u0148 me\u015f\u00adhur te\u00adle\u00adke\u00ad\u00e7i\u00adsi &#8211; 2023\u201d hal\u00adka\u00adra b\u00e4s\u00adle\u00ad\u015fi\u00adgi\u00adni\u0148 \u00fde\u00ad\u0148i\u00adji\u00adsi yg\u00adlan edil\u00addi. Ol \u00fda\u00adrym ge\u00ad\u00e7i\u00adri\u00adji\u00adle\u00adri \u00f6n\u00add\u00fcr\u00admek \u00fc\u00e7in m\u00f6\u00adh\u00fcm d\u00fc\u00adz\u00fcm b\u00f6\u00adle\u00adgi bo\u00adlan krem\u00adni\u00fd plas\u00adti\u00adna\u00adsy\u00adny \u00f6n\u00add\u00fcr\u00ad\u00fd\u00e4n Ta\u00fd\u00adwa\u00adny\u0148 \u201cGlo\u00adbal\u00adWa\u00adfers\u201d kom\u00adpa\u00adni\u00ad\u00fda\u00adsy\u00adny\u0148 ba\u015f m\u00fc\u00addi\u00adri we m\u00fc\u00addir\u00adler ge\u00ad\u0148e\u00ad\u015fi\u00adni\u0148 ba\u015f\u00adly\u00adgy ha\u00adnym Do\u00adris Hsu bol\u00addy. Bu \u00e7\u00e4\u00adre \u201c\u00ddy\u00adly\u0148 i\u015fe\u00adw\u00fc\u00adri\u201d mak\u00adsat\u00adna\u00adma\u00adsy\u00adny\u0148 i\u0148 \u00fdo\u00adka\u00adry de\u00adre\u00adje\u00adsi ha\u00adsap\u00adlan\u00ad\u00fdar. [&hellip;]<\/p>\n","protected":false},"author":2,"featured_media":80000,"comment_status":"open","ping_status":"closed","sticky":false,"template":"","format":"standard","meta":{"footnotes":""},"categories":[5],"tags":[],"acf":[],"_links":{"self":[{"href":"https:\/\/zamanturkmenistan.com.tm\/index.php?rest_route=\/wp\/v2\/posts\/79999"}],"collection":[{"href":"https:\/\/zamanturkmenistan.com.tm\/index.php?rest_route=\/wp\/v2\/posts"}],"about":[{"href":"https:\/\/zamanturkmenistan.com.tm\/index.php?rest_route=\/wp\/v2\/types\/post"}],"author":[{"embeddable":true,"href":"https:\/\/zamanturkmenistan.com.tm\/index.php?rest_route=\/wp\/v2\/users\/2"}],"replies":[{"embeddable":true,"href":"https:\/\/zamanturkmenistan.com.tm\/index.php?rest_route=%2Fwp%2Fv2%2Fcomments&post=79999"}],"version-history":[{"count":1,"href":"https:\/\/zamanturkmenistan.com.tm\/index.php?rest_route=\/wp\/v2\/posts\/79999\/revisions"}],"predecessor-version":[{"id":80001,"href":"https:\/\/zamanturkmenistan.com.tm\/index.php?rest_route=\/wp\/v2\/posts\/79999\/revisions\/80001"}],"wp:featuredmedia":[{"embeddable":true,"href":"https:\/\/zamanturkmenistan.com.tm\/index.php?rest_route=\/wp\/v2\/media\/80000"}],"wp:attachment":[{"href":"https:\/\/zamanturkmenistan.com.tm\/index.php?rest_route=%2Fwp%2Fv2%2Fmedia&parent=79999"}],"wp:term":[{"taxonomy":"category","embeddable":true,"href":"https:\/\/zamanturkmenistan.com.tm\/index.php?rest_route=%2Fwp%2Fv2%2Fcategories&post=79999"},{"taxonomy":"post_tag","embeddable":true,"href":"https:\/\/zamanturkmenistan.com.tm\/index.php?rest_route=%2Fwp%2Fv2%2Ftags&post=79999"}],"curies":[{"name":"wp","href":"https:\/\/api.w.org\/{rel}","templated":true}]}}