{"id":80709,"date":"2023-06-21T15:26:28","date_gmt":"2023-06-21T10:26:28","guid":{"rendered":"https:\/\/zamanturkmenistan.com.tm\/?p=80709"},"modified":"2023-06-21T15:26:28","modified_gmt":"2023-06-21T10:26:28","slug":"elyeterli-elektroulagyny-tanysdyrar","status":"publish","type":"post","link":"https:\/\/zamanturkmenistan.com.tm\/?p=80709","title":{"rendered":"El\u00fdeterli elektroulagyny tany\u015fdyrar"},"content":{"rendered":"<p>Mer\u00adke\u00adzi eda\u00adra\u00adsy Ni\u00adder\u00adland\u00adlar\u00adda \u00fder\u00adle\u015f\u00ad\u00fd\u00e4n \u201cStel\u00adlan\u00adtis\u201d kom\u00adpa\u00adni\u00ad\u00fda\u00adsy \u00ddew\u00adro\u00adpa\u00adda \u00f6n\u00add\u00fc\u00adri\u00adlen il\u00adkin\u00adji ar\u00adzan ba\u00adha\u00adly elekt\u00adrou\u00adla\u00adgy\u00adny ta\u00adny\u015f\u00addyr\u00adma\u00adgy me\u00ad\u00fdil\u00adle\u015f\u00addir\u00ad\u00fd\u00e4r. Bir\u00adn\u00e4\u00ad\u00e7e bren\u00adde e\u00fde\u00adle\u00ad\u00e7i\u00adlik ed\u00ad\u00fd\u00e4n kom\u00adpa\u00adni\u00ad\u00fda\u00adny\u0148 \u015f\u00e4\u00adher i\u00e7in\u00adde s\u00fcr\u00adm\u00e4\u00adge ni\u00ad\u00fdet\u00adle\u00adnen \u201cCit\u00adro\u00ebn e-C3\u201d at\u00adly ula\u00adgy okt\u00ad\u00fdabr a\u00fdyn\u00adda k\u00f6p\u00ad\u00e7\u00fc\u00adli\u00adge g\u00f6r\u00adke\u00adzi\u00adler. Gel\u00adjek \u00fdyl m\u00fc\u015f\u00adde\u00adri\u00adle\u00adre \u00fde\u00adti\u00adril\u00adjek ula\u00adgy\u0148 ba\u00adha\u00adsy\u00adny\u0148 25 m\u00fc\u0148 \u00fdew\u00adro\u00addan ar\u00adzan bol\u00adjak\u00addy\u00adgy bel\u00adle\u00adnil\u00ad\u00fd\u00e4r.<br \/>\nAw\u00adtou\u00adlag \u00f6n\u00fcm\u00ad\u00e7i\u00adli\u00adgin\u00adde d\u00fcn\u00ad\u00fd\u00e4\u00adde \u00fc\u00e7\u00fcn\u00adji \u00fder\u00adde dur\u00ad\u00fdan \u201cStel\u00adlan\u00adtis\u201d-i\u0148 bu ula\u00adgy\u00adny\u0148 bir ge\u00adzek\u00adki zar\u00ad\u00fda\u00addy bi\u00adlen 300 ki\u00adlo\u00admetr\u00adden gow\u00adrak \u00fdol ge\u00e7\u00adjek\u00addi\u00adgi m\u00e4\u00adlim edil\u00addi.<\/p>\n","protected":false},"excerpt":{"rendered":"<p>Mer\u00adke\u00adzi eda\u00adra\u00adsy Ni\u00adder\u00adland\u00adlar\u00adda \u00fder\u00adle\u015f\u00ad\u00fd\u00e4n \u201cStel\u00adlan\u00adtis\u201d kom\u00adpa\u00adni\u00ad\u00fda\u00adsy \u00ddew\u00adro\u00adpa\u00adda \u00f6n\u00add\u00fc\u00adri\u00adlen il\u00adkin\u00adji ar\u00adzan ba\u00adha\u00adly elekt\u00adrou\u00adla\u00adgy\u00adny ta\u00adny\u015f\u00addyr\u00adma\u00adgy me\u00ad\u00fdil\u00adle\u015f\u00addir\u00ad\u00fd\u00e4r. Bir\u00adn\u00e4\u00ad\u00e7e bren\u00adde e\u00fde\u00adle\u00ad\u00e7i\u00adlik ed\u00ad\u00fd\u00e4n kom\u00adpa\u00adni\u00ad\u00fda\u00adny\u0148 \u015f\u00e4\u00adher i\u00e7in\u00adde s\u00fcr\u00adm\u00e4\u00adge ni\u00ad\u00fdet\u00adle\u00adnen \u201cCit\u00adro\u00ebn e-C3\u201d at\u00adly ula\u00adgy okt\u00ad\u00fdabr a\u00fdyn\u00adda k\u00f6p\u00ad\u00e7\u00fc\u00adli\u00adge g\u00f6r\u00adke\u00adzi\u00adler. Gel\u00adjek \u00fdyl m\u00fc\u015f\u00adde\u00adri\u00adle\u00adre \u00fde\u00adti\u00adril\u00adjek ula\u00adgy\u0148 ba\u00adha\u00adsy\u00adny\u0148 25 m\u00fc\u0148 \u00fdew\u00adro\u00addan ar\u00adzan bol\u00adjak\u00addy\u00adgy bel\u00adle\u00adnil\u00ad\u00fd\u00e4r. Aw\u00adtou\u00adlag \u00f6n\u00fcm\u00ad\u00e7i\u00adli\u00adgin\u00adde d\u00fcn\u00ad\u00fd\u00e4\u00adde \u00fc\u00e7\u00fcn\u00adji \u00fder\u00adde dur\u00ad\u00fdan \u201cStel\u00adlan\u00adtis\u201d-i\u0148 bu ula\u00adgy\u00adny\u0148 bir ge\u00adzek\u00adki zar\u00ad\u00fda\u00addy [&hellip;]<\/p>\n","protected":false},"author":2,"featured_media":80710,"comment_status":"open","ping_status":"closed","sticky":false,"template":"","format":"standard","meta":{"footnotes":""},"categories":[5,8],"tags":[],"acf":[],"_links":{"self":[{"href":"https:\/\/zamanturkmenistan.com.tm\/index.php?rest_route=\/wp\/v2\/posts\/80709"}],"collection":[{"href":"https:\/\/zamanturkmenistan.com.tm\/index.php?rest_route=\/wp\/v2\/posts"}],"about":[{"href":"https:\/\/zamanturkmenistan.com.tm\/index.php?rest_route=\/wp\/v2\/types\/post"}],"author":[{"embeddable":true,"href":"https:\/\/zamanturkmenistan.com.tm\/index.php?rest_route=\/wp\/v2\/users\/2"}],"replies":[{"embeddable":true,"href":"https:\/\/zamanturkmenistan.com.tm\/index.php?rest_route=%2Fwp%2Fv2%2Fcomments&post=80709"}],"version-history":[{"count":1,"href":"https:\/\/zamanturkmenistan.com.tm\/index.php?rest_route=\/wp\/v2\/posts\/80709\/revisions"}],"predecessor-version":[{"id":80711,"href":"https:\/\/zamanturkmenistan.com.tm\/index.php?rest_route=\/wp\/v2\/posts\/80709\/revisions\/80711"}],"wp:featuredmedia":[{"embeddable":true,"href":"https:\/\/zamanturkmenistan.com.tm\/index.php?rest_route=\/wp\/v2\/media\/80710"}],"wp:attachment":[{"href":"https:\/\/zamanturkmenistan.com.tm\/index.php?rest_route=%2Fwp%2Fv2%2Fmedia&parent=80709"}],"wp:term":[{"taxonomy":"category","embeddable":true,"href":"https:\/\/zamanturkmenistan.com.tm\/index.php?rest_route=%2Fwp%2Fv2%2Fcategories&post=80709"},{"taxonomy":"post_tag","embeddable":true,"href":"https:\/\/zamanturkmenistan.com.tm\/index.php?rest_route=%2Fwp%2Fv2%2Ftags&post=80709"}],"curies":[{"name":"wp","href":"https:\/\/api.w.org\/{rel}","templated":true}]}}