{"id":81244,"date":"2023-06-29T15:14:51","date_gmt":"2023-06-29T10:14:51","guid":{"rendered":"https:\/\/zamanturkmenistan.com.tm\/?p=81244"},"modified":"2023-06-29T15:14:51","modified_gmt":"2023-06-29T10:14:51","slug":"opel-taze-logosyny-gorkezdi","status":"publish","type":"post","link":"https:\/\/zamanturkmenistan.com.tm\/?p=81244","title":{"rendered":"\u201cOpel\u201d t\u00e4ze logosyny g\u00f6rkezdi"},"content":{"rendered":"<p>\u201cOpel\u201d kom\u00adpa\u00adni\u00ad\u00fda\u00adsy t\u00e4\u00adze lo\u00adgo\u00adsy\u00adny g\u00f6r\u00adkez\u00addi. Bu ny\u00ad\u015fan kom\u00adpa\u00adni\u00ad\u00fda\u00adny\u0148 elekt\u00adrou\u00adlag\u00adla\u00adra ge\u00e7\u00admek \u00fc\u00e7in alyp bar\u00ad\u00fdan mak\u00adsat\u00adna\u00adma\u00adsy\u00adny\u0148 bir b\u00f6\u00adle\u00adgi h\u00f6k\u00adm\u00fcn\u00adde \u00fd\u00fc\u00adze \u00e7yk\u00ad\u00fdar. \u00dda\u00ad\u0148a\u00addan d\u00f6\u00adre\u00addi\u00adlen ny\u00ad\u015fan h\u00e4\u00adzir\u00adki\u00adsin\u00adden bel\u00adli bir de\u00adre\u00adje\u00adde ta\u00adpa\u00adwut\u00adlan\u00ad\u00fdar. \u201cOpel\u201d-i\u0148 \u00fda\u00adkyn \u00fdyl\u00adlar\u00adda \u00f6n\u00add\u00fc\u00adril\u00adjek aw\u00adtou\u00adlag\u00adla\u00adryn\u00adda t\u00e4\u00adze lo\u00adgo ula\u00adny\u00adlyp ba\u015f\u00adla\u00adnar. \u015ee\u00fd\u00adle hem, lo\u00adgo 5-nji sent\u00ad\u00fdabr\u00adda M\u00fdun\u00adhen\u00adde a\u00e7yl\u00adjak \u201cIAA Mo\u00adbi\u00adli\u00adty\u201d ser\u00adgi\u00adsin\u00adde il\u00adkin\u00adji ge\u00adzek k\u00f6p\u00ad\u00e7\u00fc\u00adli\u00adge g\u00f6r\u00adke\u00adzi\u00adler. \u201cOpel\u201d 2028-nji \u00fdy\u00adla \u00e7en\u00adli \u00ddew\u00adro\u00adpa ni\u00ad\u00fdet\u00adle\u00adnen ulag\u00adla\u00adry\u00adny do\u00adly elekt\u00adrik\u00adli g\u00f6r\u00adn\u00fc\u00ad\u015fe \u00f6w\u00fcr\u00adme\u00adgi me\u00ad\u00fdil\u00adle\u015f\u00addir\u00ad\u00fd\u00e4r.<\/p>\n","protected":false},"excerpt":{"rendered":"<p>\u201cOpel\u201d kom\u00adpa\u00adni\u00ad\u00fda\u00adsy t\u00e4\u00adze lo\u00adgo\u00adsy\u00adny g\u00f6r\u00adkez\u00addi. Bu ny\u00ad\u015fan kom\u00adpa\u00adni\u00ad\u00fda\u00adny\u0148 elekt\u00adrou\u00adlag\u00adla\u00adra ge\u00e7\u00admek \u00fc\u00e7in alyp bar\u00ad\u00fdan mak\u00adsat\u00adna\u00adma\u00adsy\u00adny\u0148 bir b\u00f6\u00adle\u00adgi h\u00f6k\u00adm\u00fcn\u00adde \u00fd\u00fc\u00adze \u00e7yk\u00ad\u00fdar. \u00dda\u00ad\u0148a\u00addan d\u00f6\u00adre\u00addi\u00adlen ny\u00ad\u015fan h\u00e4\u00adzir\u00adki\u00adsin\u00adden bel\u00adli bir de\u00adre\u00adje\u00adde ta\u00adpa\u00adwut\u00adlan\u00ad\u00fdar. \u201cOpel\u201d-i\u0148 \u00fda\u00adkyn \u00fdyl\u00adlar\u00adda \u00f6n\u00add\u00fc\u00adril\u00adjek aw\u00adtou\u00adlag\u00adla\u00adryn\u00adda t\u00e4\u00adze lo\u00adgo ula\u00adny\u00adlyp ba\u015f\u00adla\u00adnar. \u015ee\u00fd\u00adle hem, lo\u00adgo 5-nji sent\u00ad\u00fdabr\u00adda M\u00fdun\u00adhen\u00adde a\u00e7yl\u00adjak \u201cIAA Mo\u00adbi\u00adli\u00adty\u201d ser\u00adgi\u00adsin\u00adde il\u00adkin\u00adji ge\u00adzek k\u00f6p\u00ad\u00e7\u00fc\u00adli\u00adge g\u00f6r\u00adke\u00adzi\u00adler. \u201cOpel\u201d 2028-nji \u00fdy\u00adla \u00e7en\u00adli \u00ddew\u00adro\u00adpa [&hellip;]<\/p>\n","protected":false},"author":2,"featured_media":81245,"comment_status":"open","ping_status":"closed","sticky":false,"template":"","format":"standard","meta":{"footnotes":""},"categories":[8],"tags":[],"acf":[],"_links":{"self":[{"href":"https:\/\/zamanturkmenistan.com.tm\/index.php?rest_route=\/wp\/v2\/posts\/81244"}],"collection":[{"href":"https:\/\/zamanturkmenistan.com.tm\/index.php?rest_route=\/wp\/v2\/posts"}],"about":[{"href":"https:\/\/zamanturkmenistan.com.tm\/index.php?rest_route=\/wp\/v2\/types\/post"}],"author":[{"embeddable":true,"href":"https:\/\/zamanturkmenistan.com.tm\/index.php?rest_route=\/wp\/v2\/users\/2"}],"replies":[{"embeddable":true,"href":"https:\/\/zamanturkmenistan.com.tm\/index.php?rest_route=%2Fwp%2Fv2%2Fcomments&post=81244"}],"version-history":[{"count":1,"href":"https:\/\/zamanturkmenistan.com.tm\/index.php?rest_route=\/wp\/v2\/posts\/81244\/revisions"}],"predecessor-version":[{"id":81246,"href":"https:\/\/zamanturkmenistan.com.tm\/index.php?rest_route=\/wp\/v2\/posts\/81244\/revisions\/81246"}],"wp:featuredmedia":[{"embeddable":true,"href":"https:\/\/zamanturkmenistan.com.tm\/index.php?rest_route=\/wp\/v2\/media\/81245"}],"wp:attachment":[{"href":"https:\/\/zamanturkmenistan.com.tm\/index.php?rest_route=%2Fwp%2Fv2%2Fmedia&parent=81244"}],"wp:term":[{"taxonomy":"category","embeddable":true,"href":"https:\/\/zamanturkmenistan.com.tm\/index.php?rest_route=%2Fwp%2Fv2%2Fcategories&post=81244"},{"taxonomy":"post_tag","embeddable":true,"href":"https:\/\/zamanturkmenistan.com.tm\/index.php?rest_route=%2Fwp%2Fv2%2Ftags&post=81244"}],"curies":[{"name":"wp","href":"https:\/\/api.w.org\/{rel}","templated":true}]}}