{"id":81462,"date":"2023-07-04T12:36:09","date_gmt":"2023-07-04T07:36:09","guid":{"rendered":"https:\/\/zamanturkmenistan.com.tm\/?p=81462"},"modified":"2023-07-04T12:38:57","modified_gmt":"2023-07-04T07:38:57","slug":"fransiyada-15-yasdan-kicilere-jemgyyetcilik-tory-caklendirilmesi-girizildi","status":"publish","type":"post","link":"https:\/\/zamanturkmenistan.com.tm\/?p=81462","title":{"rendered":"Fransi\u00fdada 15 \u00fda\u015fdan ki\u00e7ilere jemgy\u00fdet\u00e7ilik tory \u00e7\u00e4klendirilmesi girizildi"},"content":{"rendered":"<p>Fran\u00adsi\u00ad\u00fda\u00adny\u0148 Se\u00adna\u00adty 15 \u00fda\u015f\u00addan ki\u00ad\u00e7i ula\u00adny\u00adjy\u00adla\u00adry\u0148 jem\u00adgy\u00ad\u00fdet\u00ad\u00e7i\u00adlik to\u00adry plat\u00adfor\u00adma\u00adla\u00adry\u00adna \u00fda\u00adzyl\u00admak\u00adla\u00adry we ulan\u00admak\u00adla\u00adry \u00fc\u00e7in ene-ata\u00adsy\u00adny\u0148 \u00fda-da hos\u00adsa\u00adry\u00adny\u0148 rug\u00adsa\u00addy bol\u00adma\u00adly\u00addy\u00adgy ba\u00adra\u00adda\u00adky ka\u00adnun tas\u00adla\u00adma\u00adsy\u00adny tas\u00adsyk\u00adla\u00addy. Ka\u00adnun\u00adda bu d\u00fcz\u00adg\u00fc\u00adni bo\u00adzan plat\u00adfor\u00adma\u00adla\u00adra \u00fdo\u00adka\u00adry je\u00adza\u00adny\u0148 be\u00adril\u00adme\u00adgi hem g\u00f6z \u00f6\u0148\u00fcn\u00adde tu\u00adtul\u00ad\u00fdar.<br \/>\nFran\u00adsuz se\u00adnat\u00adlary jem\u00adgy\u00ad\u00fdet\u00ad\u00e7i\u00adlik tor\u00adla\u00adryn\u00adda \u201c\u00fdig\u00adren\u00e7\u201d bi\u00adlen g\u00f6\u00adre\u015f\u00adme\u00adgi mak\u00adsat edin\u00ad\u00fd\u00e4n ka\u00adnun tas\u00adla\u00adma\u00adsy\u00adna ikin\u00adji ge\u00adzek ga\u00adra\u00addy\u00adlar. Ne\u00adti\u00adje\u00adde, 15 \u00fda\u00ad\u015fyn\u00addan ki\u00ad\u00e7i \u00e7a\u00adga\u00adla\u00adry\u0148 jem\u00adgy\u00ad\u00fdet\u00ad\u00e7i\u00adlik to\u00adry plat\u00adfor\u00adma\u00adla\u00adry\u00adna \u00fda\u00adzyl\u00admak\u00adla\u00adry \u00fc\u00e7in ene-ata\u00adsy\u00adny\u0148 rug\u00adsa\u00addy bol\u00adma\u00adly\u00addy\u00adgy ba\u00adra\u00adda\u00adky ka\u00adnun bi\u00adraz\u00adgyz\u00addan ka\u00adbul edil\u00addi. Bu d\u00fcz\u00adg\u00fc\u00adni dur\u00admu\u00ad\u015fa ge\u00ad\u00e7ir\u00admek \u00fc\u00e7in plat\u00adform\u00adlar ula\u00adny\u00adjy\u00adla\u00adry\u0148 \u00fda\u00ad\u015fy\u00adny we ki\u00ad\u00e7i ula\u00adny\u00adjy\u00adla\u00adry\u0148 hos\u00adsa\u00adryn\u00addan rug\u00adsat alyp al\u00adman\u00addy\u00adgy\u00adny anyk\u00adla\u00admak \u00fc\u00e7in ul\u00adgam d\u00f6\u00adret\u00adme\u00adli bo\u00adlar\u00adlar. Bu d\u00fcz\u00adg\u00fc\u00adni bo\u00adzan plat\u00adform\u00adla\u00adra d\u00fcn\u00ad\u00fd\u00e4\u00add\u00e4\u00adki gir\u00adde\u00adji\u00adsi\u00adni\u0148 1 g\u00f6\u00adte\u00adri\u00admi\u00adne \u00e7en\u00adli pul je\u00adza\u00adsy ber\u00adlip bil\u00adner. Ene-ata\u00adlar plat\u00adfor\u00adma\u00adlar\u00addan 15 \u00fda\u015f\u00addan ki\u00ad\u00e7i \u00e7a\u00adga\u00adla\u00adry\u00adny\u0148 jem\u00adgy\u00ad\u00fdet\u00ad\u00e7i\u00adlik to\u00adrun\u00adda\u00adky ha\u00adsap\u00adla\u00adry\u00adny tog\u00adtat\u00adma\u00adgy\u00adny ta\u00adlap edip bi\u00adler.<br \/>\nKa\u00adnun tas\u00adla\u00adma\u00adsy Mil\u00adli mej\u00adlis\u00adde ka\u00adbul edi\u00adlen\u00adden so\u0148\u00adra Se\u00adna\u00adta go\u00fd\u00adbe\u00adri\u00adlip\u00addi. \u00ddurt\u00adda he\u00adre\u00adket ed\u00ad\u00fd\u00e4n ka\u00adnun\u00ad\u00e7y\u00adly\u00adga g\u00f6\u00adr\u00e4, ka\u00adnun tas\u00adla\u00adma\u00adsy Se\u00adnat\u00adda ka\u00adbul edi\u00adlen\u00adden so\u0148\u00adra Res\u00admi ga\u00adzet\u00adde \u00e7ap edi\u00adlen\u00adden so\u0148\u00adra do\u00adly g\u00fc\u00fd\u00adje gir\u00ad\u00fd\u00e4r.<\/p>\n","protected":false},"excerpt":{"rendered":"<p>Fran\u00adsi\u00ad\u00fda\u00adny\u0148 Se\u00adna\u00adty 15 \u00fda\u015f\u00addan ki\u00ad\u00e7i ula\u00adny\u00adjy\u00adla\u00adry\u0148 jem\u00adgy\u00ad\u00fdet\u00ad\u00e7i\u00adlik to\u00adry plat\u00adfor\u00adma\u00adla\u00adry\u00adna \u00fda\u00adzyl\u00admak\u00adla\u00adry we ulan\u00admak\u00adla\u00adry \u00fc\u00e7in ene-ata\u00adsy\u00adny\u0148 \u00fda-da hos\u00adsa\u00adry\u00adny\u0148 rug\u00adsa\u00addy bol\u00adma\u00adly\u00addy\u00adgy ba\u00adra\u00adda\u00adky ka\u00adnun tas\u00adla\u00adma\u00adsy\u00adny tas\u00adsyk\u00adla\u00addy. Ka\u00adnun\u00adda bu d\u00fcz\u00adg\u00fc\u00adni bo\u00adzan plat\u00adfor\u00adma\u00adla\u00adra \u00fdo\u00adka\u00adry je\u00adza\u00adny\u0148 be\u00adril\u00adme\u00adgi hem g\u00f6z \u00f6\u0148\u00fcn\u00adde tu\u00adtul\u00ad\u00fdar. Fran\u00adsuz se\u00adnat\u00adlary jem\u00adgy\u00ad\u00fdet\u00ad\u00e7i\u00adlik tor\u00adla\u00adryn\u00adda \u201c\u00fdig\u00adren\u00e7\u201d bi\u00adlen g\u00f6\u00adre\u015f\u00adme\u00adgi mak\u00adsat edin\u00ad\u00fd\u00e4n ka\u00adnun tas\u00adla\u00adma\u00adsy\u00adna ikin\u00adji ge\u00adzek ga\u00adra\u00addy\u00adlar. Ne\u00adti\u00adje\u00adde, 15 \u00fda\u00ad\u015fyn\u00addan ki\u00ad\u00e7i \u00e7a\u00adga\u00adla\u00adry\u0148 jem\u00adgy\u00ad\u00fdet\u00ad\u00e7i\u00adlik to\u00adry [&hellip;]<\/p>\n","protected":false},"author":2,"featured_media":81463,"comment_status":"open","ping_status":"closed","sticky":false,"template":"","format":"standard","meta":{"footnotes":""},"categories":[5,8],"tags":[],"acf":[],"_links":{"self":[{"href":"https:\/\/zamanturkmenistan.com.tm\/index.php?rest_route=\/wp\/v2\/posts\/81462"}],"collection":[{"href":"https:\/\/zamanturkmenistan.com.tm\/index.php?rest_route=\/wp\/v2\/posts"}],"about":[{"href":"https:\/\/zamanturkmenistan.com.tm\/index.php?rest_route=\/wp\/v2\/types\/post"}],"author":[{"embeddable":true,"href":"https:\/\/zamanturkmenistan.com.tm\/index.php?rest_route=\/wp\/v2\/users\/2"}],"replies":[{"embeddable":true,"href":"https:\/\/zamanturkmenistan.com.tm\/index.php?rest_route=%2Fwp%2Fv2%2Fcomments&post=81462"}],"version-history":[{"count":4,"href":"https:\/\/zamanturkmenistan.com.tm\/index.php?rest_route=\/wp\/v2\/posts\/81462\/revisions"}],"predecessor-version":[{"id":81467,"href":"https:\/\/zamanturkmenistan.com.tm\/index.php?rest_route=\/wp\/v2\/posts\/81462\/revisions\/81467"}],"wp:featuredmedia":[{"embeddable":true,"href":"https:\/\/zamanturkmenistan.com.tm\/index.php?rest_route=\/wp\/v2\/media\/81463"}],"wp:attachment":[{"href":"https:\/\/zamanturkmenistan.com.tm\/index.php?rest_route=%2Fwp%2Fv2%2Fmedia&parent=81462"}],"wp:term":[{"taxonomy":"category","embeddable":true,"href":"https:\/\/zamanturkmenistan.com.tm\/index.php?rest_route=%2Fwp%2Fv2%2Fcategories&post=81462"},{"taxonomy":"post_tag","embeddable":true,"href":"https:\/\/zamanturkmenistan.com.tm\/index.php?rest_route=%2Fwp%2Fv2%2Ftags&post=81462"}],"curies":[{"name":"wp","href":"https:\/\/api.w.org\/{rel}","templated":true}]}}